{"id":8831,"date":"2013-04-29T09:48:17","date_gmt":"2013-04-29T07:48:17","guid":{"rendered":"http:\/\/fa86.noblogs.org\/?p=8831"},"modified":"2013-04-29T09:50:04","modified_gmt":"2013-04-29T07:50:04","slug":"grece-documentaire-ne-vivons-plus-comme-des-esclaves-de-yannis-youlountas","status":"publish","type":"post","link":"https:\/\/fa86.noblogs.org\/?p=8831","title":{"rendered":"[Gr\u00e8ce, documentaire] \u00ab\u00a0Ne vivons plus comme des esclaves\u00a0\u00bb de Yannis Youlountas"},"content":{"rendered":"<p style=\"text-align: justify\"><a href=\"http:\/\/www.federation-anarchiste.org\/spip.php?article1157\" target=\"_blank\"><strong>[Gr\u00e8ce, documentaire] \u00ab\u00a0Ne vivons plus comme des esclaves\u00a0\u00bb de Yannis Youlountas)<\/strong><\/a><\/p>\n<p style=\"text-align: justify\">Film gratuit \u00e0 diffuser dans toutes les salles de cin\u00e9ma ou lieux de r\u00e9union.<\/p>\n<p style=\"text-align: justify\"><strong>BANDE ANNONCE 1<\/strong><\/p>\n<p style=\"text-align: justify\"><a href=\"http:\/\/www.dailymotion.com\/video\/xz0i2p_ne-vivons-plus-comme-des-esclaves-ba-trailer-hd-bilingue-yyyyyyyy-yannis-youlountas_shortfilms\" target=\"_blank\"><img loading=\"lazy\" decoding=\"async\" class=\"alignnone size-full wp-image-8833\" alt=\"yy\" src=\"https:\/\/fa86.noblogs.org\/files\/2013\/04\/yy.jpg\" width=\"645\" height=\"364\" srcset=\"https:\/\/fa86.noblogs.org\/files\/2013\/04\/yy.jpg 645w, https:\/\/fa86.noblogs.org\/files\/2013\/04\/yy-300x169.jpg 300w\" sizes=\"auto, (max-width: 645px) 100vw, 645px\" \/><\/a><\/p>\n<p style=\"text-align: justify\"><a href=\"http:\/\/www.dailymotion.com\/video\/xz0i2p_ne-vivons-plus-comme-des-esclaves-ba-trailer-hd-bilingue-yyyyyyyy-yannis-youlountas_shortfilms\" target=\"_blank\">Ne vivons plus comme des esclaves BA\/trailer HD&#8230;<\/a> <i>par <a href=\"http:\/\/www.dailymotion.com\/exarcheia\" target=\"_blank\">exarcheia<\/a><\/i><\/p>\n<p style=\"text-align: justify\">Vous souhaitez programmer ce film dans un cin\u00e9ma ou un festival, organiser une projection-d\u00e9bat pour un collectif, groupe ou association, ou encore l\u2019associer \u00e0 un concert ou un \u00e9v\u00e9nement ?<\/p>\n<p style=\"text-align: justify\"><a href=\"http:\/\/nevivonspluscommedesesclaves.net\/spip.php?rubrique1\" rel=\"external\"><strong>&gt; Contacter l\u2019\u00e9quipe du film<\/strong><\/a><\/p>\n<p style=\"text-align: justify\"><a href=\"http:\/\/nevivonspluscommedesesclaves.net\/spip.php?rubrique2\" rel=\"external\"><strong>&gt; Pourquoi un film gratuit ?<\/strong><\/a><\/p>\n<p style=\"text-align: justify\"><a href=\"http:\/\/nevivonspluscommedesesclaves.net\/spip.php?rubrique3\" rel=\"external\"><strong>&gt; Souscription pour soutenir<\/strong><\/a><\/p>\n<p style=\"text-align: justify\"><a href=\"http:\/\/nevivonspluscommedesesclaves.net\/spip.php?rubrique13\" rel=\"external\"><strong>&gt; Photos, visuels, affiche<\/strong><\/a><\/p>\n<p style=\"text-align: justify\"><a href=\"https:\/\/fa86.noblogs.org\/files\/2013\/04\/affiche_film_ne_vivons_plus_comme_des_esclaves_yannis_youlountas-3.jpg\"><img loading=\"lazy\" decoding=\"async\" class=\"alignnone size-full wp-image-8832\" alt=\"affiche_film_ne_vivons_plus_comme_des_esclaves_yannis_youlountas-3\" src=\"https:\/\/fa86.noblogs.org\/files\/2013\/04\/affiche_film_ne_vivons_plus_comme_des_esclaves_yannis_youlountas-3.jpg\" width=\"680\" height=\"958\" srcset=\"https:\/\/fa86.noblogs.org\/files\/2013\/04\/affiche_film_ne_vivons_plus_comme_des_esclaves_yannis_youlountas-3.jpg 680w, https:\/\/fa86.noblogs.org\/files\/2013\/04\/affiche_film_ne_vivons_plus_comme_des_esclaves_yannis_youlountas-3-212x300.jpg 212w\" sizes=\"auto, (max-width: 680px) 100vw, 680px\" \/><\/a><\/p>\n<p style=\"text-align: justify\"><em>F\u00e9d\u00e9ration Anarchiste, 28 avril 2013<\/em><\/p>\n","protected":false},"excerpt":{"rendered":"<p>[Gr\u00e8ce, documentaire] \u00ab\u00a0Ne vivons plus comme des esclaves\u00a0\u00bb de Yannis Youlountas) Film gratuit \u00e0 diffuser dans toutes les salles de cin\u00e9ma ou lieux de r\u00e9union. BANDE ANNONCE 1 Ne vivons plus comme des esclaves BA\/trailer HD&#8230; par exarcheia Vous souhaitez programmer ce film dans un cin\u00e9ma ou un festival, organiser une projection-d\u00e9bat pour un collectif, &hellip; <a href=\"https:\/\/fa86.noblogs.org\/?p=8831\" class=\"more-link\">Continuer la lecture de <span class=\"screen-reader-text\">[Gr\u00e8ce, documentaire] \u00ab\u00a0Ne vivons plus comme des esclaves\u00a0\u00bb de Yannis Youlountas<\/span> <span class=\"meta-nav\">&rarr;<\/span><\/a><\/p>\n","protected":false},"author":2691,"featured_media":0,"comment_status":"open","ping_status":"open","sticky":false,"template":"","format":"standard","meta":{"footnotes":""},"categories":[17,9,11,4],"tags":[],"class_list":["post-8831","post","type-post","status-publish","format-standard","hentry","category-education-populaire","category-la-rue-grogne","category-ni-patrie-ni-frontiere","category-se-trouver"],"_links":{"self":[{"href":"https:\/\/fa86.noblogs.org\/index.php?rest_route=\/wp\/v2\/posts\/8831","targetHints":{"allow":["GET"]}}],"collection":[{"href":"https:\/\/fa86.noblogs.org\/index.php?rest_route=\/wp\/v2\/posts"}],"about":[{"href":"https:\/\/fa86.noblogs.org\/index.php?rest_route=\/wp\/v2\/types\/post"}],"author":[{"embeddable":true,"href":"https:\/\/fa86.noblogs.org\/index.php?rest_route=\/wp\/v2\/users\/2691"}],"replies":[{"embeddable":true,"href":"https:\/\/fa86.noblogs.org\/index.php?rest_route=%2Fwp%2Fv2%2Fcomments&post=8831"}],"version-history":[{"count":4,"href":"https:\/\/fa86.noblogs.org\/index.php?rest_route=\/wp\/v2\/posts\/8831\/revisions"}],"predecessor-version":[{"id":8836,"href":"https:\/\/fa86.noblogs.org\/index.php?rest_route=\/wp\/v2\/posts\/8831\/revisions\/8836"}],"wp:attachment":[{"href":"https:\/\/fa86.noblogs.org\/index.php?rest_route=%2Fwp%2Fv2%2Fmedia&parent=8831"}],"wp:term":[{"taxonomy":"category","embeddable":true,"href":"https:\/\/fa86.noblogs.org\/index.php?rest_route=%2Fwp%2Fv2%2Fcategories&post=8831"},{"taxonomy":"post_tag","embeddable":true,"href":"https:\/\/fa86.noblogs.org\/index.php?rest_route=%2Fwp%2Fv2%2Ftags&post=8831"}],"curies":[{"name":"wp","href":"https:\/\/api.w.org\/{rel}","templated":true}]}}