{"id":8853,"date":"2013-04-30T19:55:08","date_gmt":"2013-04-30T17:55:08","guid":{"rendered":"http:\/\/fa86.noblogs.org\/?p=8853"},"modified":"2013-04-30T19:55:08","modified_gmt":"2013-04-30T17:55:08","slug":"lgv-poitiers-limoges-debut-de-lenquete-publique-annonce-pour-le-30-mai","status":"publish","type":"post","link":"https:\/\/fa86.noblogs.org\/?p=8853","title":{"rendered":"[LGV Poitiers-Limoges] D\u00e9but de l&rsquo;enqu\u00eate publique annonc\u00e9 pour le 30 mai"},"content":{"rendered":"<p style=\"text-align: justify\"><em><strong>NdPN<\/strong> : avec cette annonce de lancement de l&rsquo;enqu\u00eate publique pour ce projet socialement et \u00e9cologiquement nuisible,\u00a0l&rsquo;Etat PS n&rsquo;aura pas perdu\u00a0de temps pour faire passer aux forceps cette gabegie de pr\u00e8s de 2 milliards d&rsquo;euros, en pleine \u00ab\u00a0crise\u00a0\u00bb des finances. Les bureaucrates nous pr\u00e9sentent la LGV comme un fait accompli, malgr\u00e9 les nombreuses oppositions. Et un rapport tr\u00e8s d\u00e9favorable de la commission Duron mandat\u00e9e par le ministre des transports, dont les conclusions ont finalement \u00e9t\u00e9 royalement\u00a0ignor\u00e9es. La lutte continue. Le train-train de la m\u00e9tropolisation ne passera pas !<\/em><\/p>\n<p style=\"text-align: justify\"><a href=\"http:\/\/www.lanouvellerepublique.fr\/Vienne\/Actualite\/24-Heures\/n\/Contenus\/Articles\/2013\/04\/30\/LGV-Poitiers-Limoges-l-enquete-publique-debutera-le-30-mai-1432232\" target=\"_blank\"><strong>LGV Poitiers-Limoges : l&rsquo;enqu\u00eate publique d\u00e9butera le 30 mai<\/strong><\/a><\/p>\n<p id=\"articleChapo\" style=\"text-align: justify\">Les pr\u00e9fets de Poitou-Charentes et du Limousin ont sign\u00e9 aujourd&rsquo;hui l&rsquo;arr\u00eat\u00e9 qui officialise le lancement de l&rsquo;enqu\u00eate publique dans les deux r\u00e9gions pour la r\u00e9alisation du barreau ferroviaire \u00e0 grande vitesse.<\/p>\n<p style=\"text-align: justify\">Tout semble aller tr\u00e8s vite pour le projet de LGV Poitiers-Limoges depuis que <a id=\"lire l'article sur lanouvellerepublique.fr\" title=\"lire l'article sur lanouvellerepublique.fr (Nouvelle fen\u00eatre)\" href=\"http:\/\/www.lanouvellerepublique.fr\/Vienne\/Actualite\/24-Heures\/n\/Contenus\/Articles\/2013\/03\/14\/LGV-Poitiers-Limoges-l-enquete-publique-en-juin-1370237\" target=\"_blank\">les services de l&rsquo;Elys\u00e9e ont confirm\u00e9 le lancement de l&rsquo;enqu\u00eate publique<\/a> avant la fin du premier semestre 2013, \u00ab\u00a0c<i>onform\u00e9ment au souhait du Pr\u00e9sident de la R\u00e9publique <\/i>\u00ab\u00a0.<\/p>\n<div id=\"text\" style=\"text-align: justify\">\n<p>Apr\u00e8s plusieurs mois de retard sur le calendrier initialement pr\u00e9vu, elle devrait finalement \u00eatre lanc\u00e9e d\u00e8s le 30 mai prochain, <a id=\"lire l'article sur lepopulaire.fr\" title=\"lire l'article sur lepopulaire.fr (Nouvelle fen\u00eatre)\" href=\"http:\/\/www.lepopulaire.fr\/limousin\/actualite\/2013\/04\/30\/lgv-limoges-poitiers-l-enquete-publique-debutera-le-30-mai-1535392.html\" target=\"_blank\">selon Le Populaire du Centre<\/a> qui a rencontr\u00e9 le nouveau pr\u00e9fet du Limousin, hier, \u00e0 l&rsquo;occasion de sa prise de fonction \u00e0 Limoges. Le repr\u00e9sentant de l&rsquo;Etat, Michel Jau, a confi\u00e9 \u00e0 nos confr\u00e8res que cet acte administratif \u00e9tait pour lui une \u00a0\u00bb <i>\u00e9tape essentielle<\/i> \u00a0\u00bb du projet en estimant que la signature de l&rsquo;arr\u00eat\u00e9 de mise en enqu\u00eate publique intervenue ce mardi 30 avril \u00e9tait<b> un acte \u00ab\u00a0<i> irr\u00e9versible<\/i> \u00a0\u00bb dans la r\u00e9alisation du barreau ferroviaire<\/b> entre Poitiers et Limoges.<\/p>\n<p>Associ\u00e9e \u00e0 la coordination du dossier, <b>Elisabeth Borne, pr\u00e9f\u00e8te de la r\u00e9gion Poitou-Charentes<\/b> et sp\u00e9cialiste des questions de transports, aurait elle aussi sign\u00e9 ce document ce mardi matin. Sollicit\u00e9e cet apr\u00e8s-midi par t\u00e9l\u00e9phone, la pr\u00e9fecture de la Vienne et de Poitou-Charentes n&rsquo;a toutefois pas confirm\u00e9 l&rsquo;information.<\/p>\n<p>Observateurs sceptiques<\/p>\n<p>Aussi important soit-il, le lancement de cette enqu\u00eate publique laisse de nombreux observateurs sceptiques. Dans nos colonnes, le mois dernier, le d\u00e9put\u00e9 UDI Bertrand Pancher, membre de la <b>commission Mobilit\u00e9 21<\/b> charg\u00e9e par le gouvernement de hi\u00e9rarchiser les projets d&rsquo;infrastructures de transports <a id=\"lire l'article sur lanouvellerepublique.fr\" title=\"lire l'article sur lanouvellerepublique.fr (Nouvelle fen\u00eatre)\" href=\"http:\/\/www.lanouvellerepublique.fr\/Vienne\/communes\/Poitiers\/n\/Contenus\/Articles\/2013\/03\/31\/La-LGV-Poitiers-Limoges-est-tres-mal-classee-1392951\" target=\"_blank\">confirmait que le projet de LGV Poitiers-Limoges \u00e9tait \u00ab\u00a0tr\u00e8s mal class\u00e9<\/a>\u00a0\u00bb en exprimant ses doutes : \u00a0\u00bb <i><b>Il est d\u00e9j\u00e0 arriv\u00e9 que l&rsquo;on fasse des enqu\u00eates publiques pour rien<\/b>\u2026 En l&rsquo;\u00e9tat des finances publiques, je ne vois pas comment un projet comme celui-l\u00e0 qui n&rsquo;est pas prioritaire pourrait s\u00e9rieusement \u00eatre lanc\u00e9 dans les dix ans.<\/i> \u00a0\u00bb<\/p>\n<p><em>Baptiste Bize, Nouvelle R\u00e9publique, 30 avril 2013<\/em><\/p>\n<\/div>\n","protected":false},"excerpt":{"rendered":"<p>NdPN : avec cette annonce de lancement de l&rsquo;enqu\u00eate publique pour ce projet socialement et \u00e9cologiquement nuisible,\u00a0l&rsquo;Etat PS n&rsquo;aura pas perdu\u00a0de temps pour faire passer aux forceps cette gabegie de pr\u00e8s de 2 milliards d&rsquo;euros, en pleine \u00ab\u00a0crise\u00a0\u00bb des finances. Les bureaucrates nous pr\u00e9sentent la LGV comme un fait accompli, malgr\u00e9 les nombreuses oppositions. Et &hellip; <a href=\"https:\/\/fa86.noblogs.org\/?p=8853\" class=\"more-link\">Continuer la lecture de <span class=\"screen-reader-text\">[LGV Poitiers-Limoges] D\u00e9but de l&rsquo;enqu\u00eate publique annonc\u00e9 pour le 30 mai<\/span> <span class=\"meta-nav\">&rarr;<\/span><\/a><\/p>\n","protected":false},"author":2691,"featured_media":0,"comment_status":"open","ping_status":"open","sticky":false,"template":"","format":"standard","meta":{"footnotes":""},"categories":[26,7],"tags":[],"class_list":["post-8853","post","type-post","status-publish","format-standard","hentry","category-construction-du-desert","category-propagande-marchande"],"_links":{"self":[{"href":"https:\/\/fa86.noblogs.org\/index.php?rest_route=\/wp\/v2\/posts\/8853","targetHints":{"allow":["GET"]}}],"collection":[{"href":"https:\/\/fa86.noblogs.org\/index.php?rest_route=\/wp\/v2\/posts"}],"about":[{"href":"https:\/\/fa86.noblogs.org\/index.php?rest_route=\/wp\/v2\/types\/post"}],"author":[{"embeddable":true,"href":"https:\/\/fa86.noblogs.org\/index.php?rest_route=\/wp\/v2\/users\/2691"}],"replies":[{"embeddable":true,"href":"https:\/\/fa86.noblogs.org\/index.php?rest_route=%2Fwp%2Fv2%2Fcomments&post=8853"}],"version-history":[{"count":1,"href":"https:\/\/fa86.noblogs.org\/index.php?rest_route=\/wp\/v2\/posts\/8853\/revisions"}],"predecessor-version":[{"id":8854,"href":"https:\/\/fa86.noblogs.org\/index.php?rest_route=\/wp\/v2\/posts\/8853\/revisions\/8854"}],"wp:attachment":[{"href":"https:\/\/fa86.noblogs.org\/index.php?rest_route=%2Fwp%2Fv2%2Fmedia&parent=8853"}],"wp:term":[{"taxonomy":"category","embeddable":true,"href":"https:\/\/fa86.noblogs.org\/index.php?rest_route=%2Fwp%2Fv2%2Fcategories&post=8853"},{"taxonomy":"post_tag","embeddable":true,"href":"https:\/\/fa86.noblogs.org\/index.php?rest_route=%2Fwp%2Fv2%2Ftags&post=8853"}],"curies":[{"name":"wp","href":"https:\/\/api.w.org\/{rel}","templated":true}]}}