{"id":8855,"date":"2013-05-01T08:59:06","date_gmt":"2013-05-01T06:59:06","guid":{"rendered":"http:\/\/fa86.noblogs.org\/?p=8855"},"modified":"2013-05-01T09:12:03","modified_gmt":"2013-05-01T07:12:03","slug":"le-1er-mai-lutte-comme-il-te-plait","status":"publish","type":"post","link":"https:\/\/fa86.noblogs.org\/?p=8855","title":{"rendered":"Le 1er mai, lutte comme il te pla\u00eet"},"content":{"rendered":"<p style=\"text-align: justify\"><em><strong>NdPN<\/strong> : Rdv \u00e0 11h, place d&rsquo;armes \u00e0 Poitiers. Nous\u00a0diffuserons le Monde Libertaire gratuit sp\u00e9cial 1er mai.<\/em><\/p>\n<p style=\"text-align: justify\"><em>Sur le sens de la journ\u00e9e, <a href=\"http:\/\/sd-2.archive-host.com\/membres\/up\/169503879659945487\/tract_1_mai.pdf\" target=\"_blank\">voici le tract que nous diffusions il y a deux ans <\/a>. Suivi du tract produit par des compagnons de la F\u00e9d\u00e9ration Anarchiste pour ce jour.<\/em><\/p>\n<p style=\"text-align: center\">***<\/p>\n<h2 style=\"text-align: justify\"><strong>Le premier mai, lutte comme il te pla\u00eet<\/strong><\/h2>\n<p style=\"text-align: justify\" align=\"LEFT\"><strong>Les origines anarchistes du premier mai<\/strong><\/p>\n<p style=\"text-align: justify\" align=\"LEFT\">L&rsquo;id\u00e9e d&rsquo;une grande journ\u00e9e d&rsquo;action contre l&rsquo;exploitation salariale et la journ\u00e9e de 8 heures est lanc\u00e9e aux \u00c9tats-Unis en 1884, par l&rsquo;AFL (American Federation of Labor) et le journal anarchiste The Alarm. Nous sommes enplein d\u00e9veloppement de l&rsquo;\u00e8re industrielle et du salariat de masse. Une immense manifestation est organis\u00e9e \u00e0Chicago par le mouvement syndical, largement anim\u00e9 par les anarchistes, le 1er mai 1886. Le patronat r\u00e9plique :1200 ouvriers licenci\u00e9s, des casseurs de gr\u00e8ve embauch\u00e9s, 3 manifestants tu\u00e9s le 3 mai avec l&rsquo;aide active de la police. Un meeting de protestation, le 4 mai \u00e0 Haymarket Square, rassemble 15.000 personnes. La police charge la foule. Une bombe (d&rsquo;origine inconnue) est lanc\u00e9e, des coups de feu tir\u00e9s par la police : dans la confusion, on d\u00e9nombre huit morts&#8230; c\u00f4t\u00e9 police. Et de nombreux bless\u00e9s dans la foule. Le pouvoir fait arr\u00eater 8 syndicalistes, tous anarchistes. Un proc\u00e8s truqu\u00e9 les condamne \u00e0 mort. Si trois voient leur peine commu\u00e9e en bagne, Parsons, Fischer, Engel, Spies &#8211; et Lingg qui s&rsquo;est suicid\u00e9 dans sa cellule \u2013 sont ex\u00e9cut\u00e9s malgr\u00e9 leur innocence av\u00e9r\u00e9e. Leur meurtre soul\u00e8ve l&rsquo;indignation internationale. \u00c0 l&rsquo;invitation de l&rsquo;AFL, le congr\u00e8s de l&rsquo;internationale socialiste de Paris d\u00e9clare une journ\u00e9e de lutte du prol\u00e9tariat. Le 1er mai 1890 \u00e0 Vienne (Is\u00e8re), Louise Michel et d&rsquo;autres anarchistes appellent les travailleurs \u00e0 la gr\u00e8ve : r\u00e9pression. Le 1er mai 1891 \u00e0 Fourmies, l&rsquo;arm\u00e9e tire : neuf morts. Le m\u00eame jour \u00e0 Clichy, la police tabasse puis condamne des manifestants anarchistes. En Argentine, le 1er mai 1909, \u00e0 l&rsquo;appel de l&rsquo;organisation anarchiste FORA, une manifestation a lieu : la police tue 8 personnes.<\/p>\n<p style=\"text-align: justify\" align=\"LEFT\"><strong>Une journ\u00e9e contre le travail&#8230; pervertie en f\u00eate du travail<\/strong><\/p>\n<p style=\"text-align: justify\" align=\"LEFT\">Le 1er mai est donc une journ\u00e9e de col\u00e8re et de lutte r\u00e9solue des travailleurs-euses contre l&rsquo;exploitation capitaliste et le travail salari\u00e9, et pour la r\u00e9volution sociale, autogestionnaire et expropriatrice. Pourtant cette journ\u00e9e de lutte sera r\u00e9cup\u00e9r\u00e9e et vid\u00e9e de sa substance contestataire. Par les bolch\u00e9viques bien s\u00fbr, qui l&rsquo;instrumentalisent politiquement en en faisant journ\u00e9e ch\u00f4m\u00e9e d\u00e8s 1920, avant de massacrer les anarchistes l&rsquo;ann\u00e9e suivante \u00e0 Cronstadt et en Ukraine. Puis par les nazis : Goebbels en fait en 1933 un \u00ab jour national du travail \u00bb, ch\u00f4m\u00e9 et pay\u00e9. En 1941, le collaborateur Philippe P\u00e9tain d\u00e9cr\u00e8te \u00e0 son tour en France le 1er mai (la St-Philippe \u00e0 l&rsquo;\u00e9poque) \u00ab f\u00eate du travail et de la concorde sociale \u00bb et remplace l&rsquo;\u00e9glantine rouge des r\u00e9volutionnaires par le brin de muguet, avec l&rsquo;aide de Ren\u00e9 Belin, dirigeant CGT devenu secr\u00e9taire d&rsquo;\u00e9tat au travail. C&rsquo;est ainsi que la lutte des travailleurs-euses contre l&rsquo;esclavage salarial&#8230; devient la f\u00eate du travail ! Depuis, les manifs du premier mai se sont transform\u00e9es en sages randonn\u00e9es p\u00e9destres, ponctu\u00e9es de discours glorifiant le salariat et ses avantages (jour ch\u00f4m\u00e9).<\/p>\n<p style=\"text-align: justify\" align=\"LEFT\"><strong>\u00c0 bas la f\u00eate de l&rsquo;esclavage, vive la lutte<\/strong><\/p>\n<p style=\"text-align: justify\">Pour faire plier le capital et l&rsquo;\u00c9tat, l&rsquo;histoire d\u00e9montre qu&rsquo;il est vain de compter sur le pouvoir politique ou syndical, encore moins de le conqu\u00e9rir. C&rsquo;est une lutte sans ambigu\u00eft\u00e9 contre l&rsquo;esclavage salarial, par la gr\u00e8ve d&rsquo;occupation et l&rsquo;action directe, qui ont fait plier le patronat et l&rsquo;\u00c9tat ; ce sont des mouvements d&rsquo;ampleur sur des bases autonomes, autog\u00e9r\u00e9es, qui ont accul\u00e9 le pouvoir \u00e0 nous rendre des droits vol\u00e9s. \u00c0 l&rsquo;inverse, c&rsquo;est aujourd&rsquo;hui l&rsquo;absence criante d&rsquo;organisation claire contre le capital et l&rsquo;\u00c9tat, qui permet au patronat de d\u00e9truire ces m\u00eames droits, avec la complicit\u00e9 des bureaucraties politiques et (h\u00e9las) syndicales. C&rsquo;est pourquoi nous ne demandons pas un esclavage salari\u00e9 plus \u00ab juste \u00bb : nous voulons organiser la reprise en main de nos vies. Si nous sommes contre le travail, nous sommes pour l&rsquo;activit\u00e9 librement consentie par les individu-e-s au sein de la soci\u00e9t\u00e9. L\u00e0 ou plus rien n&rsquo;a de sens, donnons-nous les moyens de vivre en harmonie avec nous-m\u00eames et les autres. Ne partons pas en \u00ab\u00a0vacances\u00a0\u00bb pour \u00e9viter leburnout. Ne nous vendons plus sur un CV comme un kilo de patate. Ne nous contentons plus de jours dispers\u00e9s o\u00f9 l&rsquo;on d\u00e9file deux heures sous les banni\u00e8res cogestionnaires : nous voulons effondrer morceau par morceau ce qui nous gangr\u00e8ne, tous les dispositifs de contr\u00f4le et particuli\u00e8rement celui du travail salari\u00e9 qui n&rsquo;est vou\u00e9 qu&rsquo;\u00e0 la soumission de nos existences au grand capital. A-t-on besoin de produire autant pour jeter toujours plus et faire perdurer l&rsquo;ordre des choses ? \u00c0 tous les niveaux, \u00e9mancipons-nous de ce qui nous avilit. Par l&rsquo;initiative individuelle et l&rsquo;alternative en actes, par la d\u00e9sob\u00e9issance et la construction d&rsquo;un mouvement d&rsquo;ensemble de gr\u00e8ve g\u00e9n\u00e9rale expropriatrice, et autogestionnaire. Avec ou sans boulot-papierscarte syndicale, ne comptons que sur nous-m\u00eames pour prendre en main nos vies !<\/p>\n<p style=\"text-align: justify\"><em>Groupe Pavillon Noir \u2013 F\u00e9d\u00e9ration anarchiste de la Vienne, 1er mai 2011<\/em><\/p>\n<p style=\"text-align: center\">***<\/p>\n<h2 style=\"text-align: justify\"><strong>L&rsquo;action directe pour le changement<\/strong><\/h2>\n<p style=\"text-align: justify\">Il y a bient\u00f4t un an, Fran\u00e7ois Hollande d\u00e9tr\u00f4nait Nicolas Sarkozy, avec son lot de promesses pour sortir de la crise et am\u00e9liorer nos conditions de vie et de travail. Certains y croyaient vraiment \u2013 comme on croit en Dieu, au P\u00e8re No\u00ebl \u2013, mais la plupart n\u2019ont vot\u00e9 pour lui que pour se d\u00e9barrasser de l\u2019inf\u00e2me populiste ultralib\u00e9ral qui si\u00e9geait \u00e0 l\u2019\u00c9lys\u00e9e depuis cinq ans.<\/p>\n<p style=\"text-align: justify\">On nous promettait le changement, donc, mais le changement n\u2019est pas venu. Les fermetures d\u2019usines se sont poursuivies, multipli\u00e9es, et les suppressions d\u2019emplois qui en ont d\u00e9coul\u00e9 sont venues grossir les chiffres du ch\u00f4mage d\u00e9j\u00e0 \u00e9normes. Le candidat socialiste \u00e0 l\u2019\u00e9lection pr\u00e9sidentielle avait pourtant promis plusieurs sauvetages, s\u2019\u00e9tait engag\u00e9 aupr\u00e8s des salari\u00e9s en lutte en leur promettant qu\u2019il ne les abandonnerait jamais. Mais l\u2019histoire ne cesse de resservir les m\u00eames plats et, une fois au pouvoir, le nouveau pr\u00e9sident a \u00e9videmment oubli\u00e9 ses engagements.<\/p>\n<p style=\"text-align: justify\">Il a m\u00eame trouv\u00e9 le moyen, comme n\u2019importe quel gouvernement de droite, de ratifier un trait\u00e9 europ\u00e9en inscrivant la rigueur et l\u2019aust\u00e9rit\u00e9 comme r\u00e8gle d\u2019or de la gestion des pays. Et ce, bien s\u00fbr, sans se soucier une seconde de ce que pouvaient bien en penser ses braves sujets.<\/p>\n<p style=\"text-align: justify\">Mais ce n\u2019est pas tout. Car non seulement le changement n\u2019est pas venu, mais la politique du nouveau gouvernement, non contente de seulement s\u2019inscrire dans celle du pr\u00e9c\u00e9dent, est aussi all\u00e9e plus loin. Et ce que la droite et le patronat r\u00eavaient de faire, la gauche l\u2019a r\u00e9alis\u00e9 ! Ainsi de l\u2019accord national interprofessionnel (ANI), sign\u00e9 entre le Medef et quelques syndicats jaunes (CFDT, CFTC et CFE), soumettant le salariat \u00e0 une flexibilit\u00e9 et une pr\u00e9carit\u00e9 extr\u00eames : licenciements bien plus faciles, mobilit\u00e9 forc\u00e9e dans les entreprises, exp\u00e9rimentation d\u2019un CDI intermittent (alternant p\u00e9riodes de ch\u00f4mage et de travail sans les \u00ab avantages \u00bb du CDD pour contrebalancer la pr\u00e9carit\u00e9), suppression de la sanction proportionnelle au d\u00e9lit pour les patrons, etc.<\/p>\n<p style=\"text-align: justify\">Question s\u00e9curit\u00e9, le ministre de l\u2019Int\u00e9rieur, en la personne du roquet Manuel Valls, a aussi suivi les m\u00eames logiques que ses pr\u00e9d\u00e9cesseurs fascisants de droite : traques, enfermements et expulsions des sans-papiers, discours haineux cherchant \u00e0 instaurer un climat de peur, r\u00e9pression des mouvements sociaux, mise sous surveillance des piquets de gr\u00e8ve par les services de renseignement, etc.<\/p>\n<p style=\"text-align: justify\">Ch\u00f4mage, pr\u00e9carit\u00e9 et flicage partout, justice sociale et bien-\u00eatre nulle part : c\u2019est ainsi que peut se r\u00e9sumer la politique dite socialiste de la pr\u00e9sidence de Fran\u00e7ois Hollande. Une politique ultralib\u00e9rale et s\u00e9curitaire dissimul\u00e9e derri\u00e8re quelques avanc\u00e9es soci\u00e9tales timides (notamment l\u2019ouverture du mariage aux homosexuels), histoire de se donner des airs de rupture.<\/p>\n<p style=\"text-align: justify\">Faut-il pour autant voter \u00e0 droite aux prochaines \u00e9ch\u00e9ances \u00e9lectorales ? Bien s\u00fbr que non. Car non seulement le changement ne viendrait pas davantage, mais on peut aussi parier que, de nouveau au pouvoir, la droite utiliserait les d\u00e9boires mis\u00e9rables de la gauche gouvernementale pour, \u00e0 nouveau, aller plus loin dans l\u2019\u00e9tablissement d\u2019une soci\u00e9t\u00e9 mortif\u00e8re. L\u2019activisme homophobe et sexiste dont fait preuve la droite militante depuis quelques semaines dans la mobilisation contre le mariage pour tous nous donne d\u00e9j\u00e0 un avant-go\u00fbt de ce qui nous attend\u2026<\/p>\n<p style=\"text-align: justify\">Pas plus que la gauche, la droite ne nous rendra nos emplois et nos libert\u00e9s individuelles et collectives, depuis longtemps pi\u00e9tin\u00e9es par les gouvernements successifs. Les travailleurs produisent les richesses et n\u2019en re\u00e7oivent que les miettes. Les actionnaires ne produisent rien et raflent tout. Les patrons ont besoin de nous, mais nous n\u2019avons pas besoin d\u2019eux. Le changement, si nous le voulons vraiment, ne viendra que de ce que nous saurons prendre en mains et g\u00e9rer nousm\u00eames : nos luttes. Plus que jamais, le recours \u00e0 l\u2019action directe semble n\u00e9cessaire, dans nos bo\u00eetes, nos foyers, nos quartiers et nos villes. Assez de r\u00e9signation, formons et animons des sections syndicales, des comit\u00e9s de lutte, r\u00e9investissons la rue et les alternatives, organisons-nous et \u00e0 partir de notre col\u00e8re et de notre rage, r\u00e9pandons partout dans le pays la r\u00e9volte et la r\u00e9volution !<\/p>\n<p style=\"text-align: justify\"><em><strong>F\u00e9d\u00e9ration Anarchiste<\/strong><\/em><\/p>\n","protected":false},"excerpt":{"rendered":"<p>NdPN : Rdv \u00e0 11h, place d&rsquo;armes \u00e0 Poitiers. Nous\u00a0diffuserons le Monde Libertaire gratuit sp\u00e9cial 1er mai. Sur le sens de la journ\u00e9e, voici le tract que nous diffusions il y a deux ans . Suivi du tract produit par des compagnons de la F\u00e9d\u00e9ration Anarchiste pour ce jour. *** Le premier mai, lutte comme &hellip; <a href=\"https:\/\/fa86.noblogs.org\/?p=8855\" class=\"more-link\">Continuer la lecture de <span class=\"screen-reader-text\">Le 1er mai, lutte comme il te pla\u00eet<\/span> <span class=\"meta-nav\">&rarr;<\/span><\/a><\/p>\n","protected":false},"author":2691,"featured_media":0,"comment_status":"open","ping_status":"open","sticky":false,"template":"","format":"standard","meta":{"footnotes":""},"categories":[17,4],"tags":[],"class_list":["post-8855","post","type-post","status-publish","format-standard","hentry","category-education-populaire","category-se-trouver"],"_links":{"self":[{"href":"https:\/\/fa86.noblogs.org\/index.php?rest_route=\/wp\/v2\/posts\/8855","targetHints":{"allow":["GET"]}}],"collection":[{"href":"https:\/\/fa86.noblogs.org\/index.php?rest_route=\/wp\/v2\/posts"}],"about":[{"href":"https:\/\/fa86.noblogs.org\/index.php?rest_route=\/wp\/v2\/types\/post"}],"author":[{"embeddable":true,"href":"https:\/\/fa86.noblogs.org\/index.php?rest_route=\/wp\/v2\/users\/2691"}],"replies":[{"embeddable":true,"href":"https:\/\/fa86.noblogs.org\/index.php?rest_route=%2Fwp%2Fv2%2Fcomments&post=8855"}],"version-history":[{"count":4,"href":"https:\/\/fa86.noblogs.org\/index.php?rest_route=\/wp\/v2\/posts\/8855\/revisions"}],"predecessor-version":[{"id":8857,"href":"https:\/\/fa86.noblogs.org\/index.php?rest_route=\/wp\/v2\/posts\/8855\/revisions\/8857"}],"wp:attachment":[{"href":"https:\/\/fa86.noblogs.org\/index.php?rest_route=%2Fwp%2Fv2%2Fmedia&parent=8855"}],"wp:term":[{"taxonomy":"category","embeddable":true,"href":"https:\/\/fa86.noblogs.org\/index.php?rest_route=%2Fwp%2Fv2%2Fcategories&post=8855"},{"taxonomy":"post_tag","embeddable":true,"href":"https:\/\/fa86.noblogs.org\/index.php?rest_route=%2Fwp%2Fv2%2Ftags&post=8855"}],"curies":[{"name":"wp","href":"https:\/\/api.w.org\/{rel}","templated":true}]}}