{"id":8860,"date":"2013-05-01T22:41:09","date_gmt":"2013-05-01T20:41:09","guid":{"rendered":"http:\/\/fa86.noblogs.org\/?p=8860"},"modified":"2013-05-01T22:41:09","modified_gmt":"2013-05-01T20:41:09","slug":"dal-86-squat-letape-tous-au-tribunal-dinstance-vendredi-3-mai-2013-a-9h","status":"publish","type":"post","link":"https:\/\/fa86.noblogs.org\/?p=8860","title":{"rendered":"[DAL 86] Squat l\u2019Etape : tous au tribunal d\u2019instance vendredi 3 mai 2013 \u00e0 9h"},"content":{"rendered":"<p style=\"text-align: justify\"><a href=\"http:\/\/dal86.fr\/2013\/04\/24\/squat-letape-les-assignations-au-tribunal-dinstance-sont-arrivees-ce-matin\/\" target=\"_blank\"><strong>Squat l\u2019Etape : tous au tribunal d\u2019instance vendredi 3 mai 2013 \u00e0 9h<\/strong><\/a><\/p>\n<p style=\"text-align: justify\"><strong>[Pr\u00e9cision du 1er mai 2013 : d&rsquo;autres assignations portant celles-ci une date de convocation valide au Tribunal d&rsquo;Instance : vendredi 3 mai 2013 \u00e0 9h, sont arriv\u00e9es lundi dernier 29 avril \u00e0 17h40. Alors, assignation vendredi ou pas ? Devons -nous nous attendre \u00e0 en avoir une troisi\u00e8me voire une quatri\u00e8me pour d&rsquo;autres jours ? Dans le doute, nous vous invitons \u00e0 venir soutenir les 5 assign\u00e9s au Tribunal d&rsquo;Instance 21 rue Saint Louis vendredi 3 mai \u00e0 9h. Merci de diffuser massivement autour de vous.] <\/strong><\/p>\n<div style=\"text-align: justify\"><\/div>\n<div style=\"text-align: justify\"><strong>[Pr\u00e9cision du 25 avril 2013 : Signe de la pr\u00e9cipitation de la municipalit\u00e9 et de sa volont\u00e9 de se se d\u00e9barrasser du probl\u00e8me sans le r\u00e9gler, les assignations comportent une convocation \u00e0 une date fantaisiste : mardi 3 mai 2013 \u00e0 9h. La suite donc au prochain \u00e9pisode&#8230;<\/strong> <strong> N&rsquo;aurait-il pas \u00e9t\u00e9 plus facile que les \u00e9lus responsables qui ont commis le communiqu\u00e9 de presse il y a une semaine, Mme Laprie et Messieurs Berthier et Bonnefon se d\u00e9placent au squat pour prendre toute la mesure du probl\u00e8me et trouver rapidement une solution ? Les habitants du lieu soutenus par le DAL86 proposent de rester dans ces locaux encore municipaux, jusqu&rsquo;\u00e0 leur relogement dans des conditions dignes et p\u00e9rennes.<\/strong> <strong> Rappelons toutefois que le maire lui-m\u00eame accompagn\u00e9 de son adjoint \u00e0 la coh\u00e9sion sociale \u00e9taient pr\u00e9sents \u00e0 3h45 du matin sur le trottoir du squat du 11 rue Jean-Jaur\u00e8s lorsqu&rsquo;il y a eu un d\u00e9but d&rsquo;incendie il y a un an (27 avril 2012), et ce m\u00eame pas un quart d&rsquo;heure apr\u00e8s l&rsquo;arriv\u00e9e des pompiers eu un quart d&rsquo;heure avant l&rsquo;arriv\u00e9e de la police ! Pourquoi avoir \u00e9t\u00e9 si prompts \u00e0 se d\u00e9placer \u00e0 ce moment l\u00e0 et si peu empress\u00e9s aujourd&rsquo;hui ? N&rsquo;est-ce pas parce qu&rsquo;il y a de s\u00e9rieux probl\u00e8mes de logement \u00e0 Poitiers, ce que le Dal86 ne cesse de r\u00e9p\u00e9ter ?<\/strong>]<\/div>\n<div style=\"text-align: justify\">___________________________________________________________<\/div>\n<p style=\"text-align: justify\">Signe manifeste que la municipalit\u00e9 de Poitiers ne souhaite pas trouver une solution non judiciaire \u00e0 la mesure de la situation difficile que vivent ces familles et personnes seules dans le besoin, elle a assign\u00e9 5 des 10 adultes pr\u00e9sents dans le squat de l\u2019Etape lors du passe de l\u2019huissier. Ils compara\u00eetront <strong>mardi 3 mai 2013 \u00e0 9h au tribunal d\u2019instance 21 rue Saint Louis.<\/strong> Rien n\u2019y a fait, ni les 3 communiqu\u00e9s d\u2019EELV, de DNSI, du NPA, sign\u00e9s quand m\u00eame par 9 orgas, ni les communiqu\u00e9s du Dal86 qui soulignent la situation d\u00e9sastreuse de l\u2019h\u00e9bergement et du logement sur Poitiers. La municipalit\u00e9 de Poitiers pers\u00e9v\u00e8re dans ses d\u00e9nis et dans ses erreurs. Il est certain que les probl\u00e8mes de l\u2019h\u00e9bergement y compris d\u2019urgence sont du ressort de la pr\u00e9fecture. Il est certain aussi que les moyens manquent pour assurer cette mission. Le CHUS \u201c115\u2033 est v\u00e9tuste et n\u2019est pas suffisant pour accueillir tous ceux qui en ont besoin. Mais le maire, en tant que premier magistrat de sa ville, a aussi des devoirs en particulier envers les personnes en danger surtout lorsqu\u2019il s\u2019agit de familles avec des enfants dont certains sont en bas \u00e2ge qui sont \u00e0 la rue. Et surtout, dans le cas pr\u00e9sent du squat l\u2019Etape, <strong>car il s\u2019agit de locaux appartenant \u00e0 la municipalit\u00e9<\/strong>.<\/p>\n<p style=\"text-align: justify\">La municipalit\u00e9 ne pourra pas \u00e9luder le probl\u00e8me. Il faut trouver une solution adapt\u00e9e pour tous les 25 habitants du lieu.<\/p>\n<p style=\"text-align: justify\"><b>Merci de venir soutenir massivement ces personnes <\/b><strong><b>pour d\u00e9noncer cette assignation scandaleuse de la part de la municipalit\u00e9 et pour dire notre raz-le-bol concernant les violations syst\u00e9matiques des lois par la pr\u00e9fecture. <\/b><\/strong><\/p>\n<p style=\"text-align: justify\"><strong>Revue de presse :<\/strong><\/p>\n<p style=\"text-align: justify\">&#8211; <a href=\"http:\/\/poitou-charentes.france3.fr\/2013\/04\/07\/poitiers-un-batiment-du-centre-ville-occupe-par-une-famille-roumaine-soutenue-par-le-dal-230275.html\" target=\"_blank\">Poitiers: un b\u00e2timent du centre-ville occup\u00e9 par une famille roumaine soutenue par le DAL France3 07-04-13<\/a>&#8211; <a href=\"http:\/\/dal86.fr\/2013\/04\/07\/la-vente-des-locaux-de-lex-foyer-de-letape-une-vraie-provocation-a-legard-des-sans-logis-et-mal-loges\/\" target=\"_blank\">La vente des locaux de l\u2019ex-foyer de l\u2019Etape : une vraie provocation \u00e0 l\u2019\u00e9gard des sans logis et mal log\u00e9s<\/a> Dal86 07-04-13 &#8211; <a href=\"http:\/\/dal86.fr\/2013\/04\/16\/squat-letape-halte-aux-intimidations\/\" target=\"_blank\">Squat l\u2019Etape : halte aux intimidations ! Dal86 16-04-13<\/a> &#8211;\u00a0 <a href=\"http:\/\/www.lanouvellerepublique.fr\/Vienne\/communes\/Poitiers\/n\/Contenus\/Articles\/2013\/04\/17\/Squat-du-foyer-L-Etape-le-bras-de-fer-engage-1415031\" target=\"_blank\">Squat du foyer L\u2019\u00c9tape : le bras de fer engag\u00e9 NR 17\/04\/2013<\/a> &#8211; <a href=\"http:\/\/www.npa86.org\/spip.php?article2737\" target=\"_blank\">ROMS : \u00e0 Poitiers comme ailleurs une situation indigne et inacceptable ! DNSI 18-04-13<\/a> &#8211; <a href=\"http:\/\/www.lanouvellerepublique.fr\/Vienne\/communes\/Poitiers\/n\/Contenus\/Articles\/2013\/04\/18\/POITIERS-Squat-rom-a-L-Etape-les-ecologistes-interpellent-le-maire-et-le-prefet-1416033\" target=\"_blank\">POITIERS Squat rom \u00e0 L\u2019\u00c9tape : les \u00e9cologistes interpellent le maire et le pr\u00e9fet NR 18-04-13<\/a> &#8211; <a href=\"http:\/\/www.lanouvellerepublique.fr\/Vienne\/Actualite\/Faits-divers-justice\/n\/Contenus\/Articles\/2013\/04\/19\/Squat-rom-un-foyer-a-reactions-1417319\" target=\"_blank\">Squat rom : un foyer \u00e0 r\u00e9actions NR 19\/04\/2013<\/a> &#8211; <a href=\"http:\/\/www.npa86.org\/spip.php?article2738\" target=\"_blank\">N<\/a><a href=\"http:\/\/www.npa86.org\/spip.php?article2738\" target=\"_blank\">on \u00e0 l\u2019expulsion des familles de Roms ! NPA 19-04-13<\/a>&#8211; <a href=\"http:\/\/dal86.fr\/2013\/04\/21\/1238\/\" target=\"_blank\">Squat de l\u2019Etape : communiqu\u00e9 du 21-04-13<\/a><\/p>\n<p style=\"text-align: justify\"><b>Les habitants du squat l\u2019Etape ont besoin :<\/b><\/p>\n<p style=\"text-align: justify\">&#8211; de nourriture ; &#8211; de v\u00eatements et de chaussures (adultes et enfants de 1 ans \u00e0 15 ans) &#8211; d\u2019ustensiles de cuisine, d\u2019assiettes de verres de couverts ; &#8211; de gazini\u00e8res, plaques de cuisson et r\u00e9chauds, de machines \u00e0 laver le linge, de r\u00e9frig\u00e9rateurs ; &#8211; de matelas et de sommiers, de couvertures, de meubles, de tables de chaises ; &#8211; de produits et ustensiles de toilette, d\u2019entretien ; &#8211; d\u2019outils, de mat\u00e9riel, de produits de fabrication et r\u00e9paration, &#8211; de t\u00e9l\u00e9phones portables d\u00e9simlock\u00e9s ou \u00ab tout op\u00e9rateurs \u00bb &#8211; de fournitures scolaires et mat\u00e9riel informatique ; &#8211; de jouets et de jeux pour les enfants et les adultes : &#8211; \u2026<\/p>\n<p style=\"text-align: justify\">\u2192 les ustensiles, machines et outils peuvent bien s\u00fbr \u00eatre seulement pr\u00eat\u00e9s.<\/p>\n<p style=\"text-align: justify\"><b>Vous pouvez aussi aussi faire un don<\/b>. Ch\u00e8ques \u00e0 l\u2019ordre du DAL86 a envoyer \u00e0 DAL86, Maison de la Solidarit\u00e9, 22 rue du pigeon blanc 86000 POITIERS en pr\u00e9cisant au dos \u00ab Squat l\u2019Etape \u00bb.<\/p>\n<p style=\"text-align: justify\"><a href=\"http:\/\/dal86.fr\/2012\/12\/19\/cest-pas-noel-pour-tout-le-monde\/sans-titre\/\" rel=\"attachment wp-att-913\"><img loading=\"lazy\" decoding=\"async\" alt=\"Un toit pour tous avec ou sans papier\" src=\"http:\/\/dal86.fr\/wp-content\/uploads\/2012\/12\/Sans-titre-150x150.jpg\" width=\"150\" height=\"150\" \/><\/a><\/p>\n<p style=\"text-align: justify\"><b>Pour tous renseignements : <\/b><a href=\"mailto:dal86@free.fr\">dal86@free.fr<\/a> ou au 05 49 88 94 56 (laisser un message nous vous rappellerons)<\/p>\n<p style=\"text-align: justify\" align=\"RIGHT\"><em><a href=\"http:\/\/dal86.fr\/\" target=\"_blank\">DAL86<\/a><\/em><em> \u2013 <\/em><em><a href=\"mailto:dal86@free.fr\" target=\"_blank\">dal86@free.fr<\/a><\/em><em> \u2013 06 52 93 54 44 \/ 05 49 88 94 56<\/em><\/p>\n<p style=\"text-align: justify\" align=\"RIGHT\"><em>Permanences : tous les samedis matin de 11h \u00e0 12h et tous les mardis soirs de 17h \u00e0 18h Maison de la Solidarit\u00e9 22 rue du Pigeon Blanc Poitiers<\/em><\/p>\n<p style=\"text-align: justify\" align=\"RIGHT\"><em>Vu sur DAL 86, article du 24 avril 2013, mis \u00e0 jour le 1er mai 2013<\/em><\/p>\n","protected":false},"excerpt":{"rendered":"<p>Squat l\u2019Etape : tous au tribunal d\u2019instance vendredi 3 mai 2013 \u00e0 9h [Pr\u00e9cision du 1er mai 2013 : d&rsquo;autres assignations portant celles-ci une date de convocation valide au Tribunal d&rsquo;Instance : vendredi 3 mai 2013 \u00e0 9h, sont arriv\u00e9es lundi dernier 29 avril \u00e0 17h40. Alors, assignation vendredi ou pas ? Devons -nous nous &hellip; <a href=\"https:\/\/fa86.noblogs.org\/?p=8860\" class=\"more-link\">Continuer la lecture de <span class=\"screen-reader-text\">[DAL 86] Squat l\u2019Etape : tous au tribunal d\u2019instance vendredi 3 mai 2013 \u00e0 9h<\/span> <span class=\"meta-nav\">&rarr;<\/span><\/a><\/p>\n","protected":false},"author":2691,"featured_media":0,"comment_status":"open","ping_status":"open","sticky":false,"template":"","format":"standard","meta":{"footnotes":""},"categories":[12,16,4,29],"tags":[],"class_list":["post-8860","post","type-post","status-publish","format-standard","hentry","category-okupa-y-resiste","category-repression","category-se-trouver","category-un-toit-pour-tou-te-s"],"_links":{"self":[{"href":"https:\/\/fa86.noblogs.org\/index.php?rest_route=\/wp\/v2\/posts\/8860","targetHints":{"allow":["GET"]}}],"collection":[{"href":"https:\/\/fa86.noblogs.org\/index.php?rest_route=\/wp\/v2\/posts"}],"about":[{"href":"https:\/\/fa86.noblogs.org\/index.php?rest_route=\/wp\/v2\/types\/post"}],"author":[{"embeddable":true,"href":"https:\/\/fa86.noblogs.org\/index.php?rest_route=\/wp\/v2\/users\/2691"}],"replies":[{"embeddable":true,"href":"https:\/\/fa86.noblogs.org\/index.php?rest_route=%2Fwp%2Fv2%2Fcomments&post=8860"}],"version-history":[{"count":2,"href":"https:\/\/fa86.noblogs.org\/index.php?rest_route=\/wp\/v2\/posts\/8860\/revisions"}],"predecessor-version":[{"id":8862,"href":"https:\/\/fa86.noblogs.org\/index.php?rest_route=\/wp\/v2\/posts\/8860\/revisions\/8862"}],"wp:attachment":[{"href":"https:\/\/fa86.noblogs.org\/index.php?rest_route=%2Fwp%2Fv2%2Fmedia&parent=8860"}],"wp:term":[{"taxonomy":"category","embeddable":true,"href":"https:\/\/fa86.noblogs.org\/index.php?rest_route=%2Fwp%2Fv2%2Fcategories&post=8860"},{"taxonomy":"post_tag","embeddable":true,"href":"https:\/\/fa86.noblogs.org\/index.php?rest_route=%2Fwp%2Fv2%2Ftags&post=8860"}],"curies":[{"name":"wp","href":"https:\/\/api.w.org\/{rel}","templated":true}]}}