{"id":8885,"date":"2013-05-03T09:10:27","date_gmt":"2013-05-03T07:10:27","guid":{"rendered":"http:\/\/fa86.noblogs.org\/?p=8885"},"modified":"2013-05-03T09:11:51","modified_gmt":"2013-05-03T07:11:51","slug":"poitiers-les-homophobes-sacharnent-la-police-couvre","status":"publish","type":"post","link":"https:\/\/fa86.noblogs.org\/?p=8885","title":{"rendered":"[Poitiers] Les homophobes s&rsquo;acharnent, la police couvre"},"content":{"rendered":"<p style=\"text-align: justify\"><em><strong>NdPN<\/strong> : les homophobes se sentent pousser des ailes et d\u00e9versent leurs discours haineux sur la place publique, assortis d&rsquo;agressions. Comme \u00e0\u00a0Poitiers, contre des militantes de l&rsquo;\u00e9galit\u00e9 des droits, avec insultes et coups de poing. Faut-il rappeler que l&rsquo;homophobie tue ?<\/em><\/p>\n<p style=\"text-align: justify\"><em>Face \u00e0 cette homophobie d\u00e9complex\u00e9e, des militant-e-s antifascistes se mobilisent.\u00a0Comme d&rsquo;hab,\u00a0les flics\u00a0prot\u00e8gent les rassemblements contre le mariage gay : il ne s&rsquo;agit plus de couvrir les homophobes, ni m\u00eame de filmer et d&rsquo;intimider \u00a0les militant-e-s antifascistes sous le pr\u00e9texte de \u00ab\u00a0rassemblement ill\u00e9gal\u00a0\u00bb\u00a0:\u00a0ce mercredi 1er mai, un partisan de l&rsquo;\u00e9galit\u00e9 des droits a \u00e9t\u00e9 arr\u00eat\u00e9 et emmen\u00e9 au poste.<\/em><\/p>\n<p style=\"text-align: justify\"><strong><em>Trop c&rsquo;est trop, mobilisons-nous !<\/em><\/strong><\/p>\n<p style=\"text-align: justify\"><em>Voir cet \u00ab\u00a0article\u00a0\u00bb de la NR&#8230;<\/em><\/p>\n<p style=\"text-align: justify\"><a href=\"http:\/\/www.lanouvellerepublique.fr\/Vienne\/Actualite\/Faits-divers-justice\/n\/Contenus\/Articles\/2013\/05\/03\/La-veillee-des-anti-mariage-gay-sous-protection-policiere-1434913\" target=\"_blank\"><strong>La veill\u00e9e des anti-mariage gay sous protection polici\u00e8re<\/strong><\/a><\/p>\n<p style=\"text-align: justify\"><img loading=\"lazy\" decoding=\"async\" class=\"alignnone\" alt=\"\" src=\"http:\/\/www.lanouvellerepublique.fr\/var\/nrv2\/storage\/images\/contenus\/articles\/2013\/05\/03\/la-veillee-des-anti-mariage-gay-sous-protection-policiere-1434913\/26856355-1-fre-FR\/La-veillee-des-anti-mariage-gay-sous-protection-policiere_reference.jpg\" width=\"600\" height=\"421\" \/><\/p>\n<p style=\"text-align: justify\"><em>Les confrontations sont de plus en plus muscl\u00e9es entre les pro et les anti-mariage gay alors que la loi est d\u00e9sormais vot\u00e9e. Mercredi soir, c&rsquo;\u00e9tait sur les marches du palais de justice.<\/em><\/p>\n<p id=\"articleChapo\" style=\"text-align: justify\">La veill\u00e9e des opposants a \u00e9t\u00e9 perturb\u00e9e par un groupe de militants favorables au mariage gay \u00e0 Poitiers. La police est intervenue apr\u00e8s une bousculade.<\/p>\n<p style=\"text-align: justify\">Le climat conflictuel en pro et anti mariage gay ne s&rsquo;apaise pas. Un nouvel \u00e9pisode de cette confrontation qui ne se joue plus seulement sur le terrain des id\u00e9es et des convictions s&rsquo;est produit, mercredi soir, devant les marches du palais de justice de Poitiers.<\/p>\n<div id=\"text\" style=\"text-align: justify\">\n<p>Apr\u00e8s des rassemblements sur la place de la mairie, les membres du collectif \u00ab Les veilleurs pour la famille \u00bb, oppos\u00e9s au mariage gay, se retrouvaient aux marches du palais.<\/p>\n<p><b>\u00ab\u00a0\u2009Il y avait deux excit\u00e9s ils sont entr\u00e9s dans le tas\u2009\u00a0\u00bb<\/b><\/p>\n<p>La veill\u00e9e rassemblait plus de soixante-dix personnes selon ses organisateurs. Apr\u00e8s une heure de veill\u00e9e tranquille avec lectures et chants, le climat s&rsquo;est subitement tendu vers 22\u2009h. <i>\u00ab Une quinzaine de personnes, des partisans du mariage pour tous sont arriv\u00e9s sur la place \u00bb,<\/i> explique Marguerite de la Mesli\u00e8re, organisatrice de la veill\u00e9e.<i> <\/i> <i>\u00ab Ils se sont mis devant nous, ils ont commenc\u00e9 \u00e0 chanter et \u00e0 beaucoup crier. Ils \u00e9taient l\u00e0 avec une banderole favorable au mariage gay. \u00bb<\/i> Jusque-l\u00e0, la situation restait tout \u00e0 fait conforme \u00e0 une confrontation non violente entre deux groupes aux id\u00e9es oppos\u00e9es. Mais la situation s&rsquo;est brusquement tendue. <i>\u00ab Il y avait deux excit\u00e9s, dont une personne qui avait visiblement bu. Ils sont entr\u00e9s dans le tas. Il y a eu une bousculade. Ils ne nous ont pas frapp\u00e9s. Mais il y a eu des insultes. Il n&rsquo;y a pas eu de plainte d\u00e9pos\u00e9e, mais on se r\u00e9serve le droit de le faire, si \u00e7a continue. \u00bb <\/i>La police est alors alert\u00e9e. Un des perturbateurs de la veill\u00e9e est arr\u00eat\u00e9. Il est \u00e9tat d&rsquo;\u00e9bri\u00e9t\u00e9 et les policiers trouvent sur lui un couteau. Il a \u00e9t\u00e9 plac\u00e9 en garde \u00e0 vue puis lib\u00e9r\u00e9. Inconnu de la justice, il fait l&rsquo;objet d&rsquo;une composition p\u00e9nale. La veill\u00e9e ne s&rsquo;est pas arr\u00eat\u00e9e pour autant apr\u00e8s cet \u00e9pisode. Les pro et les anti-mariage gay n&rsquo;ont pas quitt\u00e9 la place, se faisant toujours face, mais s\u00e9par\u00e9s par un cordon de police pour \u00e9viter tout nouvel incident\u2009! Un incident qui survient huit jours apr\u00e8s l&rsquo;agression \u00e0 deux reprises, d\u00e9nonc\u00e9es par une jeune fille favorable, elle, au mariage gay. Et c&rsquo;est dans ce contexte tendu qu&rsquo;une nouvelle manifestation du collectif des veilleurs est annonc\u00e9e.<\/p>\n<p><b>Nouvelle manifestation<\/b><\/p>\n<p>Samedi, \u00e0 14\u2009h, ils pr\u00e9voient une op\u00e9ration klaxon en centre-ville avec banderoles et slogans. Une manifestation surveill\u00e9e de pr\u00e8s la police. La manifestation, dont les modalit\u00e9s pratiques sont toujours en discussion, ne devrait se faire qu&rsquo;en voiture. Une fa\u00e7on d&rsquo;\u00e9viter les rencontres entre cort\u00e8ges oppos\u00e9s. Les organisateurs ne veulent pas divulguer le parcours \u00e0 l&rsquo;avance, par s\u00e9curit\u00e9. <i>\u00ab \u00c0 chaque fois que l&rsquo;on fait quelque chose, il y a une contre-manif \u00bb,<\/i> note un veilleur.<\/p>\n<p><b>Protection<\/b><\/p>\n<p>Les participants, qui doivent s&rsquo;inscrire par mail \u00e0 une adresse sp\u00e9cialement cr\u00e9\u00e9e seront avertis au dernier moment. <i>\u00ab Avant, lors de pr\u00e9c\u00e9dentes veill\u00e9es, des opposants \u00e9taient venus discuter avec nous, sans difficult\u00e9 \u00bb,<\/i> note Marguerite. <i>\u00ab Plus maintenant. On sent que le climat a chang\u00e9. C&rsquo;est plus violent. \u00bb<\/i><\/p>\n<p>bon \u00e0 savoir<\/p>\n<p>Les opposants au mariage pour tous n&rsquo;ont pas l&rsquo;intention de renoncer. Ils pr\u00e9voient d\u00e9j\u00e0 de renouveller la manifestation en voiture baptis\u00e9e \u00ab Caravane pour tous \u00bb demain, samedi 4 mai. Les participants peuvent s&rsquo;inscrire par courriel en \u00e9crivant \u00e0 lacaravanepourtous86@gmail.com. Une \u00e9quipe de \u00ab La manif pour tous \u00bb participera par ailleurs au marathon du Futuroscope le dimanche 26 mai.<\/p>\n<p><em>Emmanuel Coupaye, Nouvelle R\u00e9publique, 3 mai 2013<\/em><\/p>\n<\/div>\n","protected":false},"excerpt":{"rendered":"<p>NdPN : les homophobes se sentent pousser des ailes et d\u00e9versent leurs discours haineux sur la place publique, assortis d&rsquo;agressions. Comme \u00e0\u00a0Poitiers, contre des militantes de l&rsquo;\u00e9galit\u00e9 des droits, avec insultes et coups de poing. Faut-il rappeler que l&rsquo;homophobie tue ? Face \u00e0 cette homophobie d\u00e9complex\u00e9e, des militant-e-s antifascistes se mobilisent.\u00a0Comme d&rsquo;hab,\u00a0les flics\u00a0prot\u00e8gent les rassemblements &hellip; <a href=\"https:\/\/fa86.noblogs.org\/?p=8885\" class=\"more-link\">Continuer la lecture de <span class=\"screen-reader-text\">[Poitiers] Les homophobes s&rsquo;acharnent, la police couvre<\/span> <span class=\"meta-nav\">&rarr;<\/span><\/a><\/p>\n","protected":false},"author":2691,"featured_media":0,"comment_status":"open","ping_status":"open","sticky":false,"template":"","format":"standard","meta":{"footnotes":""},"categories":[9,6,14,16,4],"tags":[],"class_list":["post-8885","post","type-post","status-publish","format-standard","hentry","category-la-rue-grogne","category-paf-le-faf","category-questions-de-genres","category-repression","category-se-trouver"],"_links":{"self":[{"href":"https:\/\/fa86.noblogs.org\/index.php?rest_route=\/wp\/v2\/posts\/8885","targetHints":{"allow":["GET"]}}],"collection":[{"href":"https:\/\/fa86.noblogs.org\/index.php?rest_route=\/wp\/v2\/posts"}],"about":[{"href":"https:\/\/fa86.noblogs.org\/index.php?rest_route=\/wp\/v2\/types\/post"}],"author":[{"embeddable":true,"href":"https:\/\/fa86.noblogs.org\/index.php?rest_route=\/wp\/v2\/users\/2691"}],"replies":[{"embeddable":true,"href":"https:\/\/fa86.noblogs.org\/index.php?rest_route=%2Fwp%2Fv2%2Fcomments&post=8885"}],"version-history":[{"count":4,"href":"https:\/\/fa86.noblogs.org\/index.php?rest_route=\/wp\/v2\/posts\/8885\/revisions"}],"predecessor-version":[{"id":8889,"href":"https:\/\/fa86.noblogs.org\/index.php?rest_route=\/wp\/v2\/posts\/8885\/revisions\/8889"}],"wp:attachment":[{"href":"https:\/\/fa86.noblogs.org\/index.php?rest_route=%2Fwp%2Fv2%2Fmedia&parent=8885"}],"wp:term":[{"taxonomy":"category","embeddable":true,"href":"https:\/\/fa86.noblogs.org\/index.php?rest_route=%2Fwp%2Fv2%2Fcategories&post=8885"},{"taxonomy":"post_tag","embeddable":true,"href":"https:\/\/fa86.noblogs.org\/index.php?rest_route=%2Fwp%2Fv2%2Ftags&post=8885"}],"curies":[{"name":"wp","href":"https:\/\/api.w.org\/{rel}","templated":true}]}}