{"id":8892,"date":"2013-05-03T09:31:22","date_gmt":"2013-05-03T07:31:22","guid":{"rendered":"http:\/\/fa86.noblogs.org\/?p=8892"},"modified":"2013-05-03T09:31:22","modified_gmt":"2013-05-03T07:31:22","slug":"lgv-poitiers-limoges-lgv-poitiers-limoges-enquete-publique-dans-dix-neuf-communes-de-la-vienne","status":"publish","type":"post","link":"https:\/\/fa86.noblogs.org\/?p=8892","title":{"rendered":"[LGV Poitiers-Limoges] LGV Poitiers-Limoges : enqu\u00eate publique dans dix-neuf communes de la Vienne"},"content":{"rendered":"<p style=\"text-align: justify\"><a href=\"http:\/\/www.lanouvellerepublique.fr\/Vienne\/Services\/Toutes-les-DMAs\/n\/Contenus\/DMAs\/2013\/05\/02\/LGV-Poitiers-Limoges-enquete-publique-dans-dix-neuf-communes-de-la-Vienne-1434045\" target=\"_blank\"><strong>LGV Poitiers-Limoges : enqu\u00eate publique dans dix-neuf communes de la Vienne<\/strong><\/a><\/p>\n<p style=\"text-align: justify\">Deux jours apr\u00e8s la pr\u00e9fecture de la Haute-Vienne, la pr\u00e9fecture de la Vienne a confirm\u00e9 \u00e0 la mi-journ\u00e9e que la pr\u00e9f\u00e8te de Poitou-Charentes, Elisabeth Borne, avait \u00ab<i> bien co-sign\u00e9 le mardi 30 avril 2013 l&rsquo;arr\u00eat\u00e9 portant ouverture de l&rsquo;enqu\u00eate publique<\/i> \u00bb. Cette enqu\u00eate est un pr\u00e9alable \u00e0 la d\u00e9claration d&rsquo;utilit\u00e9 publique des travaux de construction de la LGV entre Iteuil (Vienne) et Le Palais-sur-Vienne (Haute-Vienne). Elle se d\u00e9roulera du jeudi 30 mai au vendredi 12 juillet 2013 inclus, soit 44 jours. Dans la Vienne, le public pourra consulter le dossier d&rsquo;enqu\u00eate publique et pr\u00e9senter ses observations \u00e0 la pr\u00e9fecture de Poitiers et \u00e0 la sous-pr\u00e9fecture de Montmorillon, mais aussi dans les mairies des dix-neuf communes concern\u00e9es par le trac\u00e9 : Aslonnes, Civaux, Dienn\u00e9, Fleur\u00e9, Gizay, Gou\u00ebx, Iteuil, Lathus-Saint-R\u00e9my, Lhommaiz\u00e9, Lassay-les-Ch\u00e2teaux, Mazerolles, Moulismes, Persac, Plaisance, Les Roches-Pr\u00e9marie-Andill\u00e9, Vernon, La Villedieu-du-Clain et Vivonne. Le pr\u00e9fet de la r\u00e9gion Limousin, en tant que pr\u00e9fet coordonnateur, centralisera les r\u00e9sultats de cette enqu\u00eate publique. \u00ab <i>Une \u00e9tape importante dans l&rsquo;avancement de ce dossier essentiel pour l&rsquo;avenir du Limousin<\/i> \u00bb, pr\u00e9cise la pr\u00e9fecture.<\/p>\n<p style=\"text-align: justify\"><em>Nouvelle R\u00e9publique, 2 mai 2013<\/em><\/p>\n","protected":false},"excerpt":{"rendered":"<p>LGV Poitiers-Limoges : enqu\u00eate publique dans dix-neuf communes de la Vienne Deux jours apr\u00e8s la pr\u00e9fecture de la Haute-Vienne, la pr\u00e9fecture de la Vienne a confirm\u00e9 \u00e0 la mi-journ\u00e9e que la pr\u00e9f\u00e8te de Poitou-Charentes, Elisabeth Borne, avait \u00ab bien co-sign\u00e9 le mardi 30 avril 2013 l&rsquo;arr\u00eat\u00e9 portant ouverture de l&rsquo;enqu\u00eate publique \u00bb. Cette enqu\u00eate est &hellip; <a href=\"https:\/\/fa86.noblogs.org\/?p=8892\" class=\"more-link\">Continuer la lecture de <span class=\"screen-reader-text\">[LGV Poitiers-Limoges] LGV Poitiers-Limoges : enqu\u00eate publique dans dix-neuf communes de la Vienne<\/span> <span class=\"meta-nav\">&rarr;<\/span><\/a><\/p>\n","protected":false},"author":2691,"featured_media":0,"comment_status":"open","ping_status":"open","sticky":false,"template":"","format":"standard","meta":{"footnotes":""},"categories":[26,7],"tags":[],"class_list":["post-8892","post","type-post","status-publish","format-standard","hentry","category-construction-du-desert","category-propagande-marchande"],"_links":{"self":[{"href":"https:\/\/fa86.noblogs.org\/index.php?rest_route=\/wp\/v2\/posts\/8892","targetHints":{"allow":["GET"]}}],"collection":[{"href":"https:\/\/fa86.noblogs.org\/index.php?rest_route=\/wp\/v2\/posts"}],"about":[{"href":"https:\/\/fa86.noblogs.org\/index.php?rest_route=\/wp\/v2\/types\/post"}],"author":[{"embeddable":true,"href":"https:\/\/fa86.noblogs.org\/index.php?rest_route=\/wp\/v2\/users\/2691"}],"replies":[{"embeddable":true,"href":"https:\/\/fa86.noblogs.org\/index.php?rest_route=%2Fwp%2Fv2%2Fcomments&post=8892"}],"version-history":[{"count":2,"href":"https:\/\/fa86.noblogs.org\/index.php?rest_route=\/wp\/v2\/posts\/8892\/revisions"}],"predecessor-version":[{"id":8894,"href":"https:\/\/fa86.noblogs.org\/index.php?rest_route=\/wp\/v2\/posts\/8892\/revisions\/8894"}],"wp:attachment":[{"href":"https:\/\/fa86.noblogs.org\/index.php?rest_route=%2Fwp%2Fv2%2Fmedia&parent=8892"}],"wp:term":[{"taxonomy":"category","embeddable":true,"href":"https:\/\/fa86.noblogs.org\/index.php?rest_route=%2Fwp%2Fv2%2Fcategories&post=8892"},{"taxonomy":"post_tag","embeddable":true,"href":"https:\/\/fa86.noblogs.org\/index.php?rest_route=%2Fwp%2Fv2%2Ftags&post=8892"}],"curies":[{"name":"wp","href":"https:\/\/api.w.org\/{rel}","templated":true}]}}