{"id":8895,"date":"2013-05-03T12:51:30","date_gmt":"2013-05-03T10:51:30","guid":{"rendered":"http:\/\/fa86.noblogs.org\/?p=8895"},"modified":"2013-05-03T12:51:30","modified_gmt":"2013-05-03T10:51:30","slug":"franchouillie-on-meurt-plus-en-taule-aujourdhui-quavant-labolition-de-la-peine-de-mort","status":"publish","type":"post","link":"https:\/\/fa86.noblogs.org\/?p=8895","title":{"rendered":"[Franchouillie] On meurt plus en taule aujourd&rsquo;hui qu&rsquo;avant l&rsquo;abolition de la peine de mort"},"content":{"rendered":"<p style=\"text-align: justify\"><a href=\"http:\/\/actu.voila.fr\/actualites\/france\/2013\/05\/03\/prisons-le-taux-de-suicide-au-dessus-de-la-moyenne-europeenne_12645196.htmlhttp:\/\/actu.voila.fr\/actualites\/france\/2013\/05\/03\/prisons-le-taux-de-suicide-au-dessus-de-la-moyenne-europeenne_12645196.html\" target=\"_blank\"><strong>Prisons: le taux de suicide au-dessus de la moyenne europ\u00e9enne<\/strong><\/a><\/p>\n<p style=\"text-align: justify\">Le taux de suicide dans les prisons fran\u00e7aises est deux fois sup\u00e9rieur \u00e0 la moyenne constat\u00e9e dans les 47 pays membres du Conseil de l&rsquo;Europe, selon un rapport publi\u00e9 vendredi \u00e0 Strasbourg par l&rsquo;organisation paneurop\u00e9enne.<\/p>\n<p style=\"text-align: justify\">Il y a eu en France 95 suicides de d\u00e9tenus en 2010, ann\u00e9e de r\u00e9f\u00e9rence du rapport sur ce point, soit un taux de 15,5 suicides pour 10.000 d\u00e9tenus, contre une moyenne de 6,7 pour l&rsquo;ensemble des pays membres.<\/p>\n<p style=\"text-align: justify\">La grande majorit\u00e9 des pays voisins de la France ont des taux moins \u00e9lev\u00e9s, comme l&rsquo;Allemagne (8,1), l&rsquo;Italie (8,0) ou encore la Suisse (9,7), constate-t-on dans cette compilation annuelle de donn\u00e9es sur les prisons europ\u00e9ennes.<\/p>\n<p style=\"text-align: justify\">Parmi les quelques pays ayant des taux plus \u00e9lev\u00e9s que la France figurent les Pays-Bas (17) et la Belgique (16,7).<\/p>\n<p style=\"text-align: justify\">Certains pays comme l&rsquo;Espagne, la Pologne, l&rsquo;Ukraine, la Roumanie ou la Bulgarie ont eux des taux d\u00e9clar\u00e9s sensiblement inf\u00e9rieurs \u00e0 la moyenne, et plusieurs petits pays n&rsquo;ont recens\u00e9 aucun suicide.<\/p>\n<p style=\"text-align: justify\">Mais les comparaisons doivent \u00eatre nuanc\u00e9es, pr\u00e9viennent les auteurs du rapport, soulignant que les diff\u00e9rents pays n&#8217;employaient pas forc\u00e9ment les m\u00eames m\u00e9thodes pour \u00e9tablir les donn\u00e9es transmises.<\/p>\n<p style=\"text-align: justify\">Selon le rapport, la France fait par ailleurs partie de la vingtaine de pays (sur 47 membres du Conseil de l&rsquo;Europe) comptant plus de d\u00e9tenus que de places disponibles dans les prisons, avec 113,4 prisonniers pour 100 places, selon des donn\u00e9es datant cette fois de 2011.<\/p>\n<p style=\"text-align: justify\">Elle compte 111,3 prisonniers pour 100.000 habitants, alors que la moyenne europ\u00e9enne se situe \u00e0 154, \u00e9galement en 2011. Ce taux fran\u00e7ais est proche de celui de l&rsquo;Italie (110,7), mais plus \u00e9lev\u00e9 que celui de l&rsquo;Allemagne (86,8) ou des Pays-Bas (69,5).<\/p>\n<p style=\"text-align: justify\"><em>AFP, 3 mai 2013<\/em><\/p>\n","protected":false},"excerpt":{"rendered":"<p>Prisons: le taux de suicide au-dessus de la moyenne europ\u00e9enne Le taux de suicide dans les prisons fran\u00e7aises est deux fois sup\u00e9rieur \u00e0 la moyenne constat\u00e9e dans les 47 pays membres du Conseil de l&rsquo;Europe, selon un rapport publi\u00e9 vendredi \u00e0 Strasbourg par l&rsquo;organisation paneurop\u00e9enne. Il y a eu en France 95 suicides de d\u00e9tenus &hellip; <a href=\"https:\/\/fa86.noblogs.org\/?p=8895\" class=\"more-link\">Continuer la lecture de <span class=\"screen-reader-text\">[Franchouillie] On meurt plus en taule aujourd&rsquo;hui qu&rsquo;avant l&rsquo;abolition de la peine de mort<\/span> <span class=\"meta-nav\">&rarr;<\/span><\/a><\/p>\n","protected":false},"author":2691,"featured_media":0,"comment_status":"open","ping_status":"open","sticky":false,"template":"","format":"standard","meta":{"footnotes":""},"categories":[20],"tags":[],"class_list":["post-8895","post","type-post","status-publish","format-standard","hentry","category-feu-aux-prisons"],"_links":{"self":[{"href":"https:\/\/fa86.noblogs.org\/index.php?rest_route=\/wp\/v2\/posts\/8895","targetHints":{"allow":["GET"]}}],"collection":[{"href":"https:\/\/fa86.noblogs.org\/index.php?rest_route=\/wp\/v2\/posts"}],"about":[{"href":"https:\/\/fa86.noblogs.org\/index.php?rest_route=\/wp\/v2\/types\/post"}],"author":[{"embeddable":true,"href":"https:\/\/fa86.noblogs.org\/index.php?rest_route=\/wp\/v2\/users\/2691"}],"replies":[{"embeddable":true,"href":"https:\/\/fa86.noblogs.org\/index.php?rest_route=%2Fwp%2Fv2%2Fcomments&post=8895"}],"version-history":[{"count":2,"href":"https:\/\/fa86.noblogs.org\/index.php?rest_route=\/wp\/v2\/posts\/8895\/revisions"}],"predecessor-version":[{"id":8897,"href":"https:\/\/fa86.noblogs.org\/index.php?rest_route=\/wp\/v2\/posts\/8895\/revisions\/8897"}],"wp:attachment":[{"href":"https:\/\/fa86.noblogs.org\/index.php?rest_route=%2Fwp%2Fv2%2Fmedia&parent=8895"}],"wp:term":[{"taxonomy":"category","embeddable":true,"href":"https:\/\/fa86.noblogs.org\/index.php?rest_route=%2Fwp%2Fv2%2Fcategories&post=8895"},{"taxonomy":"post_tag","embeddable":true,"href":"https:\/\/fa86.noblogs.org\/index.php?rest_route=%2Fwp%2Fv2%2Ftags&post=8895"}],"curies":[{"name":"wp","href":"https:\/\/api.w.org\/{rel}","templated":true}]}}