{"id":8948,"date":"2013-05-13T10:55:33","date_gmt":"2013-05-13T08:55:33","guid":{"rendered":"http:\/\/fa86.noblogs.org\/?p=8948"},"modified":"2013-05-13T10:55:33","modified_gmt":"2013-05-13T08:55:33","slug":"le-monde-libertaire-n1705-du-9-au-15-mai-2013","status":"publish","type":"post","link":"https:\/\/fa86.noblogs.org\/?p=8948","title":{"rendered":"Le Monde Libertaire n\u00b01705 (du 9 au 15 Mai 2013)"},"content":{"rendered":"<p style=\"text-align: justify\"><em><strong>NdPN<\/strong> : un peu en retard (pour cause de flemmardite aigu\u00eb), voici notre petite pr\u00e9sentation du nouveau Monde Libertaire ! Notre canard f\u00e9d\u00e9ral\u00a0est sorti jeudi dernier en kiosques, apr\u00e8s trois semaines\u00a0de vacances bien m\u00e9rit\u00e9es du comit\u00e9 de r\u00e9daction. Vous pouvez nous le demander \u00e0 prix libre. Vous pouvez aussi le consulter librement au Biblio-caf\u00e9 de Poitiers (rue de la Cath\u00e9drale), o\u00f9 un exemplaire a \u00e9t\u00e9 d\u00e9pos\u00e9. Au passage, le dernier ML Hors-S\u00e9rie sur l&rsquo;autogestion y est aussi\u00a0d\u00e9pos\u00e9&#8230; Comme d&rsquo;habitude, trois articles sont d&rsquo;ores et d\u00e9j\u00e0 consultables en ligne :\u00a0voir les liens ci-dessous. Bonne lecture !<\/em><\/p>\n<p style=\"text-align: justify\"><strong>Le Monde Libertaire n\u00b01705 (du 9 au 15 Mai 2013)<\/strong><\/p>\n<p style=\"text-align: justify\"><a href=\"https:\/\/fa86.noblogs.org\/files\/2013\/05\/ml1705couv.jpg\"><img loading=\"lazy\" decoding=\"async\" class=\"alignnone size-full wp-image-8949\" alt=\"ml1705couv\" src=\"https:\/\/fa86.noblogs.org\/files\/2013\/05\/ml1705couv.jpg\" width=\"400\" height=\"556\" srcset=\"https:\/\/fa86.noblogs.org\/files\/2013\/05\/ml1705couv.jpg 400w, https:\/\/fa86.noblogs.org\/files\/2013\/05\/ml1705couv-215x300.jpg 215w\" sizes=\"auto, (max-width: 400px) 100vw, 400px\" \/><\/a><\/p>\n<p style=\"text-align: justify\"><em>\u00ab Heureusement que le peuple ne comprend pas notre syst\u00e8me mon\u00e9taire et bancaire, car s\u2019il le comprenait, je crois qu\u2019il y aurait une r\u00e9volution avant demain matin.\u00bb &#8211; Henry Ford<\/em><\/p>\n<p style=\"text-align: justify\"><strong>Sommaire du Monde Libertaire\u00a0n\u00b01705 (du 9 au 15 Mai 2013)<\/strong><\/p>\n<p style=\"text-align: justify\"><strong>Actualit\u00e9<\/strong><\/p>\n<p style=\"text-align: justify\"><a href=\"http:\/\/www.monde-libertaire.fr\/medias\/16416-hurlements-en-faveur-dune-libre-distribution-de-la-presse\" target=\"_blank\">La presse crucifi\u00e9e, par R. Pino, page 3<\/a><\/p>\n<p style=\"text-align: justify\"><a href=\"http:\/\/www.monde-libertaire.fr\/france\/16417-refus-damnistie\" target=\"_blank\">L\u2019amnistie trahie, par J.-M. Destruhaut, page 5<\/a><\/p>\n<p style=\"text-align: justify\">La m\u00e9t\u00e9o syndicale, de J.-P. Germain, page 6<\/p>\n<p style=\"text-align: justify\">Les PSA sont encore debout, par S. Larios, page 7<\/p>\n<p style=\"text-align: justify\">La Chronique n\u00e9phr\u00e9tique de Rodkol, page 8<\/p>\n<p style=\"text-align: justify\">L\u2019usure programm\u00e9e sur la sellette, par J.-P. Tertrais, page 9<\/p>\n<p style=\"text-align: justify\"><strong>Arguments<\/strong><\/p>\n<p style=\"text-align: justify\">Tromperies et manipulations mondiales, par J. Langlois, page 11<\/p>\n<p style=\"text-align: justify\">Espionnage \u00e9conomique, par N. Potkine, page 14<\/p>\n<p style=\"text-align: justify\"><strong>International<\/strong><\/p>\n<p style=\"text-align: justify\"><a href=\"http:\/\/www.monde-libertaire.fr\/syndicalisme\/16418-pour-un-syndicalisme-de-combat\" target=\"_blank\">Pour un syndicalisme de rupture, appel, page 15<\/a><\/p>\n<p style=\"text-align: justify\">Festival cin\u00e9 \u00e0 Barcelone page 16<\/p>\n<p style=\"text-align: justify\"><strong>Histoire<\/strong><\/p>\n<p style=\"text-align: justify\">La Commune et la Banque de France, par C. Fr\u00e9javille, page 17<\/p>\n<p style=\"text-align: justify\">La Commune s\u2019en est sortie, par C. A., page 19<\/p>\n<p style=\"text-align: justify\"><strong>Expressions<\/strong><\/p>\n<p style=\"text-align: justify\">Paraire et Onfray, par F. Mintz, page 20<\/p>\n<p style=\"text-align: justify\"><strong>Mouvement<\/strong><\/p>\n<p style=\"text-align: justify\">La radio et la vie du mouvement, page 22<\/p>\n<p style=\"text-align: justify\">L\u2019agenda noir et rouge, page 23<\/p>\n<p style=\"text-align: justify\"><strong>Illustrations<\/strong><\/p>\n<p style=\"text-align: justify\">Aurelio, Kalem, Krokaga, Manolo, Prolo, Nemo<\/p>\n<p style=\"text-align: justify\"><strong>Editorial<\/strong><\/p>\n<p style=\"text-align: justify\">Dans un article intitul\u00e9 \u00ab Le cri du grille-pain \u00bb, Jean-Louis Porquet (<em>Canard encha\u00een\u00e9<\/em> du 19 septembre 2012) brocardait une soci\u00e9t\u00e9 o\u00f9 \u00ab les multiples objets manufactur\u00e9s (surtout en Chine) dont nous ne pouvons plus nous passer sont d\u00e9lib\u00e9r\u00e9ment con\u00e7us pour ne pas durer \u00bb. \u00ab C\u2019est \u00e9tudi\u00e9 pour \u00bb, ajoutait-t-il, citant Fernand Raynaud, un humoriste obsol\u00e8te du XX<sup>e<\/sup> si\u00e8cle. Porquet concluait en rappelant que \u00ab les gadgets jetables menaient \u00e0 un monde jetable, qu\u2019acheter de la camelote, c\u2019\u00e9tait transformer ce monde en camelote \u00bb. On en convient : quoi de plus paradoxal, inqui\u00e9tant, nuisible et dispendieux que la gabegie \u00e9cologique et \u00e9conomique de cette \u00ab obsolescence programm\u00e9e \u00bb. Quelques trop rares analystes s\u2019en inqui\u00e8tent \u2013 comme le compagnon Jean-Pierre Tertrais dans ce pr\u00e9sent num\u00e9ro \u2013 tandis que les partisans du n\u00e9olib\u00e9ralisme ambiant en d\u00e9fendent sournoisement le principe sous pr\u00e9texte qu\u2019elle favorise la croissance. Cro\u00e2ssance qui \u2013 comme chacun est pri\u00e9 de le savoir \u2013 serait n\u00e9cessaire au bonheur consum\u00e9ro-capitaliste sur terre. Beno\u00eet Hamon \u00e9tait interpell\u00e9 ce 2 mai par un auditeur du 7\/9 de France Inter s\u2019\u00e9tonnant de sa reculade devant la demande des Verts de l\u00e9gif\u00e9rer pour condamner la pratique de l\u2019usure programm\u00e9e. Habilement, le ministre d\u00e9l\u00e9gu\u00e9 \u00e0 l\u2019\u00c9conomie sociale et solidaire et \u00e0 la Consommation, a bott\u00e9 en touche. Son gouvernement \u2013 contrairement aux all\u00e9gations de l\u2019auditeur \u2013 n\u2019avait en rien renonc\u00e9. Il n\u2019allait pas tarder \u00e0 envisager de pondre une loi garantissant aux acheteurs d\u2019un produit ou d\u2019une machine un temps pendant lequel le constructeur dudit produit sera tenu de mettre \u00e0 disposition, contre esp\u00e8ces sonnantes bien s\u00fbr, les pi\u00e8ces n\u00e9cessaires au rafistolage de son ratatine ordure ou de sa Clio. Oubliant de rappeler les marges affriolantes pratiqu\u00e9es par les constructeurs sur la moindre pi\u00e8ce d\u00e9tach\u00e9e, Hamon insinuait beno\u00eetement que l\u2019usure programm\u00e9e, \u00e0 bien y r\u00e9fl\u00e9chir, n\u2019\u00e9tait pas si nuisible que \u00e7a ; elle favorisait la cr\u00e9ation et l\u2019essor d\u2019entreprises de r\u00e9paration \u2013 non d\u00e9localisables par dessus le march\u00e9 \u2013 g\u00e9n\u00e9rant ainsi de la relance. \u00d4 Tartuffe : voil\u00e0 comment dans ce monde merveilleux de titatas et de chiffres carambouill\u00e9s, tombent les faux nez et se retournent les r\u00e9alit\u00e9s. Il est cependant des obsolescences programm\u00e9es que les anarchistes appellent de leurs actions et de leurs v\u0153ux : celles de la langue de bois, des dieux et des malades de leur foi, des mandats politiques si peu repr\u00e9sentatifs, de la professionnalisation du politique, des cupides et \u00e9go\u00efstes app\u00e9tits de pouvoir qui d\u00e9florent tous les groupes humains, de la main invisible du march\u00e9, de la meurtri\u00e8re th\u00e9ologie du capitalisme\u2026 On en passe et des meilleures.<\/p>\n","protected":false},"excerpt":{"rendered":"<p>NdPN : un peu en retard (pour cause de flemmardite aigu\u00eb), voici notre petite pr\u00e9sentation du nouveau Monde Libertaire ! Notre canard f\u00e9d\u00e9ral\u00a0est sorti jeudi dernier en kiosques, apr\u00e8s trois semaines\u00a0de vacances bien m\u00e9rit\u00e9es du comit\u00e9 de r\u00e9daction. Vous pouvez nous le demander \u00e0 prix libre. Vous pouvez aussi le consulter librement au Biblio-caf\u00e9 de &hellip; <a href=\"https:\/\/fa86.noblogs.org\/?p=8948\" class=\"more-link\">Continuer la lecture de <span class=\"screen-reader-text\">Le Monde Libertaire n\u00b01705 (du 9 au 15 Mai 2013)<\/span> <span class=\"meta-nav\">&rarr;<\/span><\/a><\/p>\n","protected":false},"author":2691,"featured_media":0,"comment_status":"open","ping_status":"open","sticky":false,"template":"","format":"standard","meta":{"footnotes":""},"categories":[17,4],"tags":[],"class_list":["post-8948","post","type-post","status-publish","format-standard","hentry","category-education-populaire","category-se-trouver"],"_links":{"self":[{"href":"https:\/\/fa86.noblogs.org\/index.php?rest_route=\/wp\/v2\/posts\/8948","targetHints":{"allow":["GET"]}}],"collection":[{"href":"https:\/\/fa86.noblogs.org\/index.php?rest_route=\/wp\/v2\/posts"}],"about":[{"href":"https:\/\/fa86.noblogs.org\/index.php?rest_route=\/wp\/v2\/types\/post"}],"author":[{"embeddable":true,"href":"https:\/\/fa86.noblogs.org\/index.php?rest_route=\/wp\/v2\/users\/2691"}],"replies":[{"embeddable":true,"href":"https:\/\/fa86.noblogs.org\/index.php?rest_route=%2Fwp%2Fv2%2Fcomments&post=8948"}],"version-history":[{"count":2,"href":"https:\/\/fa86.noblogs.org\/index.php?rest_route=\/wp\/v2\/posts\/8948\/revisions"}],"predecessor-version":[{"id":8951,"href":"https:\/\/fa86.noblogs.org\/index.php?rest_route=\/wp\/v2\/posts\/8948\/revisions\/8951"}],"wp:attachment":[{"href":"https:\/\/fa86.noblogs.org\/index.php?rest_route=%2Fwp%2Fv2%2Fmedia&parent=8948"}],"wp:term":[{"taxonomy":"category","embeddable":true,"href":"https:\/\/fa86.noblogs.org\/index.php?rest_route=%2Fwp%2Fv2%2Fcategories&post=8948"},{"taxonomy":"post_tag","embeddable":true,"href":"https:\/\/fa86.noblogs.org\/index.php?rest_route=%2Fwp%2Fv2%2Ftags&post=8948"}],"curies":[{"name":"wp","href":"https:\/\/api.w.org\/{rel}","templated":true}]}}