{"id":8953,"date":"2013-05-14T09:48:00","date_gmt":"2013-05-14T07:48:00","guid":{"rendered":"http:\/\/fa86.noblogs.org\/?p=8953"},"modified":"2013-05-14T09:50:53","modified_gmt":"2013-05-14T07:50:53","slug":"notre-dame-des-landes-de-la-schizophrenie-dans-le-bocage","status":"publish","type":"post","link":"https:\/\/fa86.noblogs.org\/?p=8953","title":{"rendered":"[Notre-Dame-des-Landes] A propos de la cha\u00eene humaine du 11 mai"},"content":{"rendered":"<p style=\"text-align: justify\"><a href=\"http:\/\/nantes.indymedia.org\/article\/27610\" target=\"_blank\"><strong>De la schizophr\u00e9nie dans le bocage<\/strong><\/a><\/p>\n<p style=\"text-align: justify\"><strong>Nul doute que cela fut r\u00e9ussi.<\/strong> Une chaine de plus de 35 000 opposants ont transform\u00e9 la ZAD en protection du bocage. Et puis, il y avait les autres, dispers\u00e9s, que la farandole n\u2019excitait point ou qui n\u2019avait pas pu la joindre lors de la photo officielle. Et ceux comptent aussi.<\/p>\n<p style=\"text-align: justify\"><img loading=\"lazy\" decoding=\"async\" class=\"alignnone\" alt=\"\" src=\"http:\/\/nantes.indymedia.org\/attachments\/may2013\/assaut_ciel.jpg\" width=\"460\" height=\"336\" \/><\/p>\n<p style=\"text-align: justify\"><strong>Qu\u2019importe, car l\u2019a\u00e9roport de Notre Dame des landes<\/strong> a encore pu constater combien le bocage lui disait non. Il n\u2019y a d\u2019ailleurs pas que les futures pistes qui se voient opposer un refus des potirons, bien que les \u00e9cologistes et autres verts tiennent \u00e0 ce qu\u2019aucune autre contradiction n\u2019\u00e9merge du bocage. Cela \u00e0 grands renforts de \u00ab ne nous dispersons pas \u00bb. Les slogans doivent rester \u00ab agricoles \u00bb. A peine peut-on crier \u00ab Duflot d\u00e9mission \u00bb. Pourtant l\u2019invective s\u2019accompagne alors de sourires discrets, un rien complices. Quoi, qu\u2019est-ce \u00e0 dire ? Des \u00e9cologistes contesteraient un projet de leur gouvernement, voire m\u00eame un de leur ministre ? Ne nous \u00e9garons pas, rappelle-t-on avec plus ou moins de conviction. Non, l\u2019Ayraulport ne passera pas, car les \u00e9colos d\u00e9savouent le droit d\u2019une \u00ab entreprise priv\u00e9e \u00bb (sic) \u00e0 installer son terminal. Et puis, les verts ne seraient pas \u00ab au pouvoir \u00bb. Modestement, ils seraient \u00ab d\u00e9pendants \u00bb des \u00ab oukases socialistes \u00bb. Voil\u00e0 bien une schizophr\u00e9nie dr\u00f4lement aveugl\u00e9e.<\/p>\n<p style=\"text-align: justify\"><strong>A y regarder de plus pr\u00e8s,<\/strong> il est quand m\u00eame fort de caf\u00e9 de constater si peu d\u2019embarras dans la critique. Car nos \u00ab amis \u00bb les \u00e9cologistes d\u00e9fendraient la plan\u00e8te contre les promoteurs et constitueraient, si l\u2019on peut dire, le \u00ab dernier rempart \u00bb contre les d\u00e9cisions de saccager la nature. J\u2019ai bien essay\u00e9 de comprendre comment cela \u00e9tait possible, mais \u00e0 moins de sombrer dans une c\u00e9cit\u00e9 schizophr\u00e8ne, je n\u2019ai pas compris. Il est vrai que le mouvement \u00e9cologiste a \u00e9t\u00e9 rejoint par nombre de r\u00e9volt\u00e9s et que son parti-pris \u00e0 demi libertaire lui offre parfois un capital de sympathie inali\u00e9nable. Mais \u00e0 quoi servent les \u00e9cologistes sinon \u00e0 nous tromper ? Sont-ils contre l\u2019\u00e9tat ? Non, contre l\u2019autorit\u00e9 et la police ? Au contraire, ils en redemandent. Contre le salariat ? Non plus.<\/p>\n<p style=\"text-align: justify\"><strong>L\u2019\u00e9puisement de ce que les marchands<\/strong> appellent des \u00ab ressources \u00bb appara\u00eet dans la m\u00eame ligne d\u2019horizon que l\u2019entassement des ordures. Apr\u00e8s des si\u00e8cles de mis\u00e8re, l\u2019avenir de notre plan\u00e8te est d\u00e9sormais devenu clairement compromis. Il n\u2019a fallu que quelques centaines d\u2019ann\u00e9es pour que le rapport marchand ravage la majeure partie de la plan\u00e8te, min\u00e9raux, v\u00e9g\u00e9taux, animaux. Mais voil\u00e0. Le capitalisme ne perd jamais seul. Les salari\u00e9s en sont totalement d\u00e9pendants pour survivre. Il n\u2019y a pas d\u2019en dehors du monde marchand. Partout, le capitalisme a \u00e9tendu sa domination et sa guerre totale \u00e0 ce qui fait le vivant. Le capitalisme a fait du travail salari\u00e9 non seulement notre unique moyen de vivre, mais aussi notre seule existence sociale. Le travail salari\u00e9 est une premi\u00e8re violence faite \u00e0 notre humanit\u00e9. Mais sans travail, le salari\u00e9 n\u2019est plus qu\u2019un paria. Le ch\u00f4mage est une seconde violence.<\/p>\n<p style=\"text-align: justify\"><strong>Ayant compris l\u2019insupportable r\u00f4le du productivisme<\/strong> et annonc\u00e9 la fin de l\u2019exaction aveugle des ressources, les \u00e9cologistes proposent alors une exploitation plus mod\u00e9r\u00e9e, plus r\u00e9gul\u00e9e en appelant l\u2019\u00e9tat \u00e0 organiser le rationnement. Certains apparemment d\u00e9croissants pr\u00f4nent un je\u00fbne volontaire de la consommation. Tout reste \u00e0 vendre, m\u00eame les d\u00e9chets. Mais quoiqu\u2019il en soit, le credo \u00e9cologiste reste en plein accord avec le capitalisme : il faut que le salari\u00e9 baisse sa consommation pour que la plan\u00e8te puisse encore supporter plus longtemps l\u2019exploitation. En pr\u00eatant une oreille incr\u00e9dule \u00e0 ce raisonnement, je constatai que le prol\u00e9taire est encore flou\u00e9, et plus m\u00eame, puisqu\u2019il est rendu responsable du saccage. Non, l\u2019\u00e9cologisme n\u2019est pas une utopie lib\u00e9ratrice, elle prolonge l\u2019\u00e9conomie marchande par l\u2019\u00e9conomie de la poubelle et l\u2019exploitation par la mis\u00e8re volontaire. En pr\u00f4nant l\u2019abstinence du consommateur, l\u2019\u00e9cologisme n\u2019\u00e9chappe nullement \u00e0 la pauvret\u00e9 classique du vieux monde. L\u2019\u00e9cologisme veut seulement rendre la marchandise plus pr\u00e9sentable, \u00e9colo-compatible, voire \u00e9quitable, mais sans aucune critique du rapport marchand. Le rapport marchand est une exploitation grossi\u00e8re qui \u00e9conomise notre vie \u00e0 en mourir. L\u2019\u00e9cologisme n\u2019y pourra rien. La question sociale ressurgit n\u00e9cessairement.<\/p>\n<p style=\"text-align: justify\"><strong>Alors que viennent faire ces capitalistes du d\u00e9nuement<\/strong> dans la ronde autour de ZAD ? Car, elle n\u2019est pas anodine cette utilisation de l\u2019espace reconquis, cette connivence de fa\u00e7ade. Il s\u2019agit pour les militants verts de contr\u00f4ler, avec bienveillance certes, les protestataires qui partent \u00e0 l\u2019assaut de la reconqu\u00eate des lieux, d\u2019autant que chacun peut les reconna\u00eetre libertaires. L\u2019escroquerie \u00e9cologiste reste pourtant sensible et certains contestataires ne savent encore comment construire leur parole sans les apports hypocrites du discours \u00e9colo.<\/p>\n<p style=\"text-align: justify\"><strong>Occupons, occupons toujours le terrain.<\/strong> Car, nous, les opposants, tous ceux de la ZAD, sont beaucoup plus que ce que la farandole en voulu en faire. Ici se rencontrent des antiautoritaires, des anarchistes, des autonomes et autres antifas. Les r\u00e9volt\u00e9s n\u2019ont nul besoin de se conna\u00eetre pour se reconna\u00eetre. Nous sommes les r\u00e9sistants de la vie quotidienne, les exp\u00e9rimentateurs de l\u2019anti-autoritarisme et les insurg\u00e9s de la vie sociale. La ZAD est comme le point de ralliement provisoire de nos existences rebelles.<\/p>\n<p style=\"text-align: justify\"><strong>Nous tous, nous le savons. La Commune n\u2019est pas morte.<\/strong><\/p>\n<p style=\"text-align: justify\"><em>Vu sur Indymedia Nantes, 13 mai 2013<\/em><\/p>\n<p style=\"text-align: justify\">***<\/p>\n<p style=\"text-align: justify\"><a href=\"https:\/\/zad.nadir.org\/spip.php?article1616\" target=\"_blank\"><strong>Communiqu\u00e9 des d\u00e9culott\u00e9s<\/strong><\/a><\/p>\n<p style=\"text-align: justify\">L\u2019assembl\u00e9e populaire et spontan\u00e9e des post\u00e9rieurs enrag\u00e9s a organis\u00e9\u00a0\u00a0 ce 11 mai 2013, en parall\u00e8le de la cha\u00eene humaine et au nom de la\u00a0\u00a0 diversit\u00e9 des tactiques, une d\u00e9monstration de faiblesse au c\u0153ur de la\u00a0\u00a0 Zone d\u2019Am\u00e9nagement Diff\u00e9r\u00e9. En effet, saisissant l\u2019opportunit\u00e9 du\u00a0\u00a0 survol annonc\u00e9 de la zone par une libellule m\u00e9canis\u00e9e remplie de\u00a0\u00a0 serviteur-euse-s des mass-media, nous, agent-e-s subversif\/ves et\u00a0\u00a0 sales gueules d\u00e9complex\u00e9es, avons d\u00e9cid\u00e9 d\u2019adresser un message\u00a0\u00a0 d\u00e9culott\u00e9 \u00e0 ceLLEux qui depuis toujours d\u00e9forment la r\u00e9alit\u00e9 de nos\u00a0\u00a0 luttes en servant au peuple des images falsifi\u00e9es et mensong\u00e8res.<\/p>\n<p style=\"text-align: justify\">En montrant aux cieux nuageux nos derri\u00e8res \u00e9clair\u00e9s, nous avons\u00a0\u00a0 \u00e9galement voulu exprimer notre volont\u00e9 de sortir des modes d\u2019action\u00a0\u00a0 citoyennistes entrant dans les cadres am\u00e9nag\u00e9s par l\u2019ennemi : nous ne\u00a0\u00a0 croyons pas dans la pertinence de l\u2019action spectaculaire. Pour autant,\u00a0\u00a0 nous respectons la d\u00e9marche de bonne foi des participant-e-s \u00e0 la\u00a0\u00a0 cha\u00eene humaine, que nous remercions pour leur soutien inconditionnel \u00e0\u00a0\u00a0 la lutte en cours et cela quels que soient leurs modes d\u2019engagement.<\/p>\n<p style=\"text-align: justify\">Loin de nous l\u2019id\u00e9e de jouer le jeu de la dissociation. Nous pensons\u00a0\u00a0 seulement qu\u2019il est n\u00e9cessaire de vivre le conflit et de participer\u00a0\u00a0 chacun \u00e0 sa mani\u00e8re \u00e0 la grande entreprise de subversion n\u00e9cessaire au\u00a0\u00a0 succ\u00e8s de nos combats contre l\u2019Etat et ses complices.<\/p>\n<p style=\"text-align: justify\">Nous proclamons la fin de l\u2019aust\u00e9rit\u00e9 et appelons chacun-e \u00e0 montrer\u00a0\u00a0 son cul \u00e0 ceLLEux qui participent \u00e0 la destruction de nos vies !<\/p>\n<p style=\"text-align: justify\"><em>Vu sur Zad.nadir.org, 12 mai 2013<\/em><\/p>\n<p style=\"text-align: justify\">\n","protected":false},"excerpt":{"rendered":"<p>De la schizophr\u00e9nie dans le bocage Nul doute que cela fut r\u00e9ussi. Une chaine de plus de 35 000 opposants ont transform\u00e9 la ZAD en protection du bocage. Et puis, il y avait les autres, dispers\u00e9s, que la farandole n\u2019excitait point ou qui n\u2019avait pas pu la joindre lors de la photo officielle. Et ceux &hellip; <a href=\"https:\/\/fa86.noblogs.org\/?p=8953\" class=\"more-link\">Continuer la lecture de <span class=\"screen-reader-text\">[Notre-Dame-des-Landes] A propos de la cha\u00eene humaine du 11 mai<\/span> <span class=\"meta-nav\">&rarr;<\/span><\/a><\/p>\n","protected":false},"author":2691,"featured_media":0,"comment_status":"open","ping_status":"open","sticky":false,"template":"","format":"standard","meta":{"footnotes":""},"categories":[12],"tags":[],"class_list":["post-8953","post","type-post","status-publish","format-standard","hentry","category-okupa-y-resiste"],"_links":{"self":[{"href":"https:\/\/fa86.noblogs.org\/index.php?rest_route=\/wp\/v2\/posts\/8953","targetHints":{"allow":["GET"]}}],"collection":[{"href":"https:\/\/fa86.noblogs.org\/index.php?rest_route=\/wp\/v2\/posts"}],"about":[{"href":"https:\/\/fa86.noblogs.org\/index.php?rest_route=\/wp\/v2\/types\/post"}],"author":[{"embeddable":true,"href":"https:\/\/fa86.noblogs.org\/index.php?rest_route=\/wp\/v2\/users\/2691"}],"replies":[{"embeddable":true,"href":"https:\/\/fa86.noblogs.org\/index.php?rest_route=%2Fwp%2Fv2%2Fcomments&post=8953"}],"version-history":[{"count":3,"href":"https:\/\/fa86.noblogs.org\/index.php?rest_route=\/wp\/v2\/posts\/8953\/revisions"}],"predecessor-version":[{"id":8955,"href":"https:\/\/fa86.noblogs.org\/index.php?rest_route=\/wp\/v2\/posts\/8953\/revisions\/8955"}],"wp:attachment":[{"href":"https:\/\/fa86.noblogs.org\/index.php?rest_route=%2Fwp%2Fv2%2Fmedia&parent=8953"}],"wp:term":[{"taxonomy":"category","embeddable":true,"href":"https:\/\/fa86.noblogs.org\/index.php?rest_route=%2Fwp%2Fv2%2Fcategories&post=8953"},{"taxonomy":"post_tag","embeddable":true,"href":"https:\/\/fa86.noblogs.org\/index.php?rest_route=%2Fwp%2Fv2%2Ftags&post=8953"}],"curies":[{"name":"wp","href":"https:\/\/api.w.org\/{rel}","templated":true}]}}