{"id":8966,"date":"2013-05-16T09:28:38","date_gmt":"2013-05-16T07:28:38","guid":{"rendered":"http:\/\/fa86.noblogs.org\/?p=8966"},"modified":"2013-05-16T09:28:38","modified_gmt":"2013-05-16T07:28:38","slug":"lyon-la-france-construit-sa-politique-anti-roms-sur-des-cadavres","status":"publish","type":"post","link":"https:\/\/fa86.noblogs.org\/?p=8966","title":{"rendered":"[Lyon] La France construit sa politique anti-Roms sur des cadavres"},"content":{"rendered":"<p style=\"text-align: justify\"><a href=\"http:\/\/www.bastamag.net\/article3079.html\" target=\"_blank\"><strong>La France construit sa politique anti-Roms sur des cadavres<\/strong><\/a><\/p>\n<p style=\"text-align: justify\">Dans la nuit du 12 au 13 mai, un incendie a ravag\u00e9 une usine d\u00e9saffect\u00e9e de Lyon, o\u00f9 vivaient 200 Roms. Bilan : trois morts. Pour des \u00ab raisons de s\u00e9curit\u00e9 \u00bb, l\u2019\u00e9lectricit\u00e9 avait \u00e9t\u00e9 coup\u00e9e quelques jours auparavant, obligeant les habitants \u00e0 s\u2019\u00e9clairer \u00e0 la bougie. Face \u00e0 la souffrance des familles endeuill\u00e9es, Manuel Valls n\u2019apporte aucun r\u00e9confort. Et promet de continuer sa politique de d\u00e9mant\u00e8lement et d\u2019\u00e9vacuation des campements.<\/p>\n<p style=\"text-align: justify\">Depuis lundi 13 mai 2013, la politique de stigmatisation men\u00e9e par le gouvernement fran\u00e7ais contre les Roms ne se chiffre plus seulement en nombre de reconduites \u00e0 la fronti\u00e8re ou en nombre de destruction de bidonvilles. Elle se chiffre d\u00e9sormais en nombre de cadavres. Beni, un gar\u00e7on de 12 ans, ainsi que 2 femmes, Pamela et Patrina, sont morts, br\u00fbl\u00e9s vifs, dans l\u2019incendie de l\u2019immeuble dans lequel ils vivaient \u00e0 Lyon depuis 8 mois.<\/p>\n<p style=\"text-align: justify\">Il y a quelques jours, en pr\u00e9vision d\u2019une expulsion \u00e0 venir, la mairie de Lyon, dirig\u00e9e par le tr\u00e8s socialiste G\u00e9rard Collomb coupe l\u2019\u00e9lectricit\u00e9, tenez-vous bien, pour des raisons de s\u00e9curit\u00e9\u2026 Les squatteurs ont os\u00e9 se brancher sur un distributeur de courant et monsieur Collomb craint probablement que des enfants s\u2019\u00e9lectrocutent. Bien lui en a pris, personne n\u2019est mort \u00e9lectrocut\u00e9. Il oublie juste que les Roms sont comme nous, ils ont <a href=\"http:\/\/www.mediapart.fr\/journal\/france\/130513\/les-roms-sont-comme-nous-ils-ont-besoin-de-lumiere\" target=\"_blank\" rel=\"external\">besoin de lumi\u00e8re<\/a>. Faute de courant, ils s\u2019\u00e9clairent donc \u00e0 la bougie. Et trois d\u2019entre eux en sont morts.<\/p>\n<p style=\"text-align: justify\">Quelques heures apr\u00e8s l\u2019incendie, alors que les pompiers travaillent toujours sur les lieux du sinistre et que de nombreux journalistes sont pr\u00e9sents, les familles se regroupent sur la place voisine. C\u2019est toute la communaut\u00e9 rom de Lyon qui vient pr\u00e9senter ses condol\u00e9ances aux familles endeuill\u00e9es. Un peu plus tard dans la matin\u00e9e, des hommes en noir affubl\u00e9s d\u2019oreillettes blanches descendent de grosses berlines. Les journalistes quittent la place et le bruit commence \u00e0 courir que Manuel Valls arrive sur les lieux du drame. Dans la confusion la plus totale et en \u00e9vitant soigneusement les familles, Manuel Valls, ministre de l\u2019Int\u00e9rieur, Christine Taubira, ministre de la Justice, G\u00e9rard Collomb, maire de Lyon, Jean-Fran\u00e7ois Carenco, pr\u00e9fet de la r\u00e9gion Rh\u00f4ne-Alpes, vont se pr\u00e9senter devant le b\u00e2timent qui fume encore.<\/p>\n<p style=\"text-align: justify\"><strong>Aucun mot, aucun regard<\/strong><\/p>\n<p style=\"text-align: justify\">Pas une de ces personnalit\u00e9s qui repr\u00e9sentent les plus hautes institutions de la R\u00e9publique et \u00e9lev\u00e9es dans le s\u00e9rail des grandes \u00e9coles fran\u00e7aises o\u00f9 on n\u2019enseigne visiblement pas la politesse la plus \u00e9l\u00e9mentaire, ne va venir pr\u00e9senter ses condol\u00e9ances aux familles qui attendent \u00e0 quelques m\u00e8tres. Les Roms sont-ils dangereux ? Manuel Valls aurait-il peur de femmes et d\u2019enfants t\u00e9tanis\u00e9s par la douleur ? Un geste, une parole, un simple regard d\u2019un ministre pour dire aux familles que la R\u00e9publique fran\u00e7aise s\u2019incline devant leur douleur ? Non, rien. Rien de rien. Roms vous \u00eates, Roms vous resterez.<\/p>\n<p style=\"text-align: justify\">Au contraire, Manuel Valls, oubliant la souffrance dans laquelle sont plong\u00e9es les familles endeuill\u00e9es va r\u00e9affirmer le leitmotiv de sa pr\u00e9-campagne pr\u00e9sidentielle, qui est \u00e9galement devenu le fondement de la politique du gouvernement fran\u00e7ais contre la minorit\u00e9 rom : <i>\u00ab Il faut poursuivre le travail de d\u00e9mant\u00e8lement et d\u2019\u00e9vacuation des campements \u00bb<\/i>. \u00ab Comme l\u2019a si bien commenc\u00e9 Nicolas Sarkozy \u00bb, aurait-il pu ajouter. Aucune pudeur, aucune retenue. Alors qu\u2019il a sous les yeux le r\u00e9sultat de plusieurs ann\u00e9es d\u2019expulsions \u00e0 r\u00e9p\u00e9tition, il r\u00e9p\u00e8te inlassablement les m\u00eame paroles et promet la m\u00eame politique, responsable de la mort de trois personnes. Manuel Valls tient absolument \u00e0 continuer la chasse aux femmes, aux enfants, aux vieillards. Il tient absolument \u00e0 les condamner \u00e0 vivre dans des endroits de plus en plus dangereux. Quitte \u00e0 ce qu\u2019ils en meurent.<\/p>\n<p style=\"text-align: justify\">Madame Taubira, qu\u2019on a connue plus inspir\u00e9e, se contente d\u2019approuver les propos de son \u00ab ministre de tutelle \u00bb, comme si elle n\u2019avait plus aucun r\u00f4le politique et humain \u00e0 jouer apr\u00e8s sa loi sur le mariage homosexuel.<\/p>\n<p style=\"text-align: justify\">Au moment de repartir, Manuel Valls se fait interpeller par un homme. Le ministre refuse de parler \u00e0 un p\u00e8re et une m\u00e8re qui sont submerg\u00e9s par la douleur d\u2019avoir perdu un fils, mais il n\u2019h\u00e9site pas \u00e0 venir serrer la main d\u2019un riverain qui demande l\u2019expulsion des familles depuis des mois. Le voisin se plaint de vivre dans des \u00ab conditions \u00e9pouvantables \u00bb, abandonn\u00e9 de tous (rassurez-vous, il n\u2019a jamais mis les pieds dans le squat, il parle seulement de la vue depuis son balcon). Manuel Valls vient le saluer et tente de r\u00e9pondre \u00e0 ses critiques. Alors que la discussion s\u2019engage et que les journalistes commencent \u00e0 enregistrer l\u2019\u00e9change, monsieur Carenco, pr\u00e9fet de r\u00e9gion, visiblement surexcit\u00e9, repousse violemment plusieurs d\u2019entre eux afin d\u2019\u00e9viter une m\u00e9diatisation des propos le mettant en cause.<\/p>\n<p style=\"text-align: justify\"><strong>L\u2019ambiance sur la place est lourde<\/strong><\/p>\n<p style=\"text-align: justify\">Carenco. Pr\u00e9fet sous Sarkozy, pr\u00e9fet sous Hollande. Pr\u00e9fet pour toujours ? On garde les m\u00eames pour appliquer la m\u00eame politique raciste de stigmatisation des \u00e9trangers. A Lyon, on gaze les enfants roms (lire <a href=\"article2881.html\">ici<\/a>), on les <a href=\"http:\/\/blogs.mediapart.fr\/blog\/philippe-alain\/260113\/une-classe-reservee-aux-enfants-roms-dans-un-poste-de-police\" target=\"_blank\" rel=\"external\">parque<\/a> dans des classes ghetto, et on met en garde-\u00e0-vue des b\u00e9b\u00e9s [<a id=\"nh1\" title=\"Lire ici\" href=\"#nb1\" rel=\"footnote\">1<\/a>]. En revanche on n\u2019applique pas la circulaire inter-minist\u00e9rielle cens\u00e9e apport\u00e9e d\u2019autres solutions que les expulsions. Carenco sera-t-il aussi pr\u00e9fet sous Le Pen ? <i>\u00ab Le pr\u00e9fet de r\u00e9gion a une grande part de responsabilit\u00e9\u2026 sur le terrain les expulsions se poursuivent malgr\u00e9 la circulaire du 26 ao\u00fbt 2012 \u00bb<\/i>, accuse le s\u00e9nateur Guy Fischer (PCF).<\/p>\n<p style=\"text-align: justify\">Dans l\u2019apr\u00e8s-midi, alors que journalistes et politiques sont partis, les proches des victimes attendent que les pompiers sortent les corps du b\u00e2timent. L\u2019ambiance sur la place est lourde. L\u2019odeur \u00e2cre de la fum\u00e9e fait mal \u00e0 la gorge. Certains esp\u00e8rent toujours et demandent d\u00e9sesp\u00e9r\u00e9ment s\u2019il est possible qu\u2019il y ait encore des survivants : <i>\u00ab Il ne sont peut-\u00eatre pas morts\u2026 \u00bb<\/i>. Alors que la grande \u00e9chelle s\u2019approche d\u2019une fen\u00eatre afin de permettre \u00e0 un pompier de prendre des photos, plusieurs dizaines de personnes s\u2019approchent du b\u00e2timent en criant le nom de l\u2019enfant : <i>\u00ab B\u00e9ni, B\u00e9ni \u00bb<\/i>. Face \u00e0 ce mouvement de foule, un policier \u2013 bien form\u00e9 \u00e0 l\u2019\u00e9cole de Manuel Valls \u2013 se fait mena\u00e7ant et sort de son gilet une bouteille de gaz lacrymog\u00e8ne, histoire de montrer aux femmes et aux enfants de quel bois il se chauffe.<\/p>\n<p style=\"text-align: justify\">Pendant plusieurs heures, les familles sont totalement abandonn\u00e9es \u00e0 leur sort. Une femme perd connaissance plusieurs fois. La police municipale, \u00e0 quelques m\u00e8tres, reste les bras crois\u00e9s. Il n\u2019y a aucun m\u00e9decin, aucun psychologue, aucun soutien.<\/p>\n<p style=\"text-align: justify\"><strong>Nouvelles expulsions<\/strong><\/p>\n<p style=\"text-align: justify\">Mardi matin, alors que les corps calcin\u00e9s de Beni, Pamela et Patrina viennent \u00e0 peine d\u2019\u00eatre sortis des d\u00e9combres fumants de l\u2019immeuble, le pr\u00e9fet Carenco ordonne l\u2019expulsion d\u2019un nouveau squat. Une trentaine de personnes, dont 15 enfants, sont jet\u00e9es \u00e0 la rue, sans aucune proposition d\u2019h\u00e9bergement. Elle dormiront dans la rue, avec des enfants en bas \u00e2ge, dans les conditions d\u2019ins\u00e9curit\u00e9 que l\u2019on peut facilement imaginer, avant de retrouver un autre squat, probablement encore plus dangereux et insalubre. Manuel Valls nous expliquera \u00e0 nouveau qu\u2019il faut les expulser pour leur plus grand bien. Voil\u00e0 une preuve de plus du discours mensonger du ministre qui, quelques heures auparavant, soulignait qu\u2019il fallait poursuivre les expulsions tout en proposant des \u00ab solutions dignes \u00bb. Pour Manuel Valls, la rue est plus digne que le cimeti\u00e8re. Je n\u2019en suis pas s\u00fbr.<\/p>\n<p style=\"text-align: justify\">L\u2019extr\u00eame droite \u00e0 de beaux jours devant elle. Apr\u00e8s Sarkozy, elle peut compter sur Fran\u00e7ois Hollande, Manuel Valls et les socialistes pour tenir le m\u00eame discours de haine contre les \u00e9trangers et appliquer la m\u00eame politique discriminatoire et hors la loi contre les Roms. La France profonde applaudit, l\u2019Union Europ\u00e9enne par son silence est complice. Marine Le Pen se frotte les mains. Manuel Valls, lui, ne pense qu\u2019\u00e0 la pr\u00e9sidentielle. Le fait que son chemin soit d\u00e9sormais parsem\u00e9 de cadavres ne le perturbe pas un seul instant. <i>\u00ab Il faut continuer le travail \u00bb<\/i>, ose-t-il dire.<\/p>\n<p style=\"text-align: justify\">Mardi soir, la pr\u00e9fecture du Rh\u00f4ne fait savoir que les expulsions vont s\u2019acc\u00e9l\u00e9rer dans les jours \u00e0 venir. La chasse aux Roms est ouverte. La campagne des municipales \u00e9galement.<\/p>\n<p style=\"text-align: justify\">Manuel Valls pr\u00e9tend que les Roms n\u2019ont pas vocation \u00e0 s\u2019int\u00e9grer en France. En les obligeant \u00e0 vivre comme des chiens errants \u00e0 la rue ou \u00e0 prendre le risque de br\u00fbler vifs dans des squats, il est certain d\u2019avoir raison.<\/p>\n<p style=\"text-align: justify\">Philippe Alain<\/p>\n<p style=\"text-align: justify\">Lire son <a href=\"http:\/\/blogs.mediapart.fr\/blog\/philippe-alain\/150513\/la-france-construit-sa-politique-anti-roms-sur-des-cadavres\" target=\"_blank\" rel=\"external\">blog<\/a><\/p>\n<div style=\"text-align: justify\">\n<h4>Notes<\/h4>\n<div id=\"nb1\">\n<p>[<a title=\"Notes 1\" href=\"#nh1\" rev=\"footnote\">1<\/a>] Lire <a href=\"http:\/\/blogs.mediapart.fr\/blog\/philippe-alain\/050113\/un-bebe-en-garde-vue-accuse-d-avoir-mendie\" rel=\"external\">ici<\/a><\/p>\n<p><em>Philippe Alain (vu sur Bastamag, 15 mai 2013)<\/em><\/p>\n<\/div>\n<\/div>\n","protected":false},"excerpt":{"rendered":"<p>La France construit sa politique anti-Roms sur des cadavres Dans la nuit du 12 au 13 mai, un incendie a ravag\u00e9 une usine d\u00e9saffect\u00e9e de Lyon, o\u00f9 vivaient 200 Roms. Bilan : trois morts. Pour des \u00ab raisons de s\u00e9curit\u00e9 \u00bb, l\u2019\u00e9lectricit\u00e9 avait \u00e9t\u00e9 coup\u00e9e quelques jours auparavant, obligeant les habitants \u00e0 s\u2019\u00e9clairer \u00e0 la &hellip; <a href=\"https:\/\/fa86.noblogs.org\/?p=8966\" class=\"more-link\">Continuer la lecture de <span class=\"screen-reader-text\">[Lyon] La France construit sa politique anti-Roms sur des cadavres<\/span> <span class=\"meta-nav\">&rarr;<\/span><\/a><\/p>\n","protected":false},"author":2691,"featured_media":0,"comment_status":"open","ping_status":"open","sticky":false,"template":"","format":"standard","meta":{"footnotes":""},"categories":[11,16,29],"tags":[],"class_list":["post-8966","post","type-post","status-publish","format-standard","hentry","category-ni-patrie-ni-frontiere","category-repression","category-un-toit-pour-tou-te-s"],"_links":{"self":[{"href":"https:\/\/fa86.noblogs.org\/index.php?rest_route=\/wp\/v2\/posts\/8966","targetHints":{"allow":["GET"]}}],"collection":[{"href":"https:\/\/fa86.noblogs.org\/index.php?rest_route=\/wp\/v2\/posts"}],"about":[{"href":"https:\/\/fa86.noblogs.org\/index.php?rest_route=\/wp\/v2\/types\/post"}],"author":[{"embeddable":true,"href":"https:\/\/fa86.noblogs.org\/index.php?rest_route=\/wp\/v2\/users\/2691"}],"replies":[{"embeddable":true,"href":"https:\/\/fa86.noblogs.org\/index.php?rest_route=%2Fwp%2Fv2%2Fcomments&post=8966"}],"version-history":[{"count":2,"href":"https:\/\/fa86.noblogs.org\/index.php?rest_route=\/wp\/v2\/posts\/8966\/revisions"}],"predecessor-version":[{"id":8968,"href":"https:\/\/fa86.noblogs.org\/index.php?rest_route=\/wp\/v2\/posts\/8966\/revisions\/8968"}],"wp:attachment":[{"href":"https:\/\/fa86.noblogs.org\/index.php?rest_route=%2Fwp%2Fv2%2Fmedia&parent=8966"}],"wp:term":[{"taxonomy":"category","embeddable":true,"href":"https:\/\/fa86.noblogs.org\/index.php?rest_route=%2Fwp%2Fv2%2Fcategories&post=8966"},{"taxonomy":"post_tag","embeddable":true,"href":"https:\/\/fa86.noblogs.org\/index.php?rest_route=%2Fwp%2Fv2%2Ftags&post=8966"}],"curies":[{"name":"wp","href":"https:\/\/api.w.org\/{rel}","templated":true}]}}