{"id":8970,"date":"2013-05-16T10:38:26","date_gmt":"2013-05-16T08:38:26","guid":{"rendered":"http:\/\/fa86.noblogs.org\/?p=8970"},"modified":"2013-05-16T10:38:26","modified_gmt":"2013-05-16T08:38:26","slug":"86-center-parcs-operation-juteuse-pour-qui-et-sur-le-dos-de-qui","status":"publish","type":"post","link":"https:\/\/fa86.noblogs.org\/?p=8970","title":{"rendered":"[86] Center Parcs : op\u00e9ration juteuse&#8230; pour qui et sur le dos de qui ?"},"content":{"rendered":"<p style=\"text-align: justify\"><a href=\"http:\/\/www.lanouvellerepublique.fr\/Vienne\/Services\/Toutes-les-DMAs\/n\/Contenus\/DMAs\/2013\/05\/15\/Center-Parcs-le-projet-est-desormais-irreversible-1466771\" target=\"_blank\"><strong>Center Parcs : le projet est d\u00e9sormais irr\u00e9versible<\/strong><\/a><\/p>\n<div style=\"text-align: justify\">\n<div id=\"text\">\n<p>Claude Bertaud, le pr\u00e9sident du conseil g\u00e9n\u00e9ral de la Vienne, a sign\u00e9 ce matin les contrat avec les banques et le le groupe Pierre&amp;Vacances pour le financement et la location-vente des \u00e9quipements collectifs du futur Center Parcs (dont l&rsquo;espace aquatique, vitirine embl\u00e9matique de ces villages vacances), pour un montant de 138M\u20ac (dont 68M\u20ac d&#8217;emprunts). Le partenariat est d\u00e9sormais irr\u00e9versible et les acteurs du projet n&rsquo;ont eu de cesse de se f\u00e9liciter au cours de la signature officielle. Une seule ombre \u00e0 ce tableau idyllique : comment concr\u00e9tiser en esp\u00e8ces sonnantes et tr\u00e9buchantes la promesse de participation de l&rsquo;\u00c9tat faite par Nicolas Sarkozy en novembre 2011 et toujours pas finalis\u00e9e ?<\/p>\n<p><em>D\u00e9p\u00eache Nouvelle R\u00e9publique, 15 mai 2013<\/em><\/p>\n<p>***<\/p>\n<p><a href=\"http:\/\/www.lanouvellerepublique.fr\/Vienne\/Actualite\/Economie-social\/n\/Contenus\/Articles\/2013\/05\/16\/La-palme-touristique-est-attribuee-a-Center-Parcs-1467033\" target=\"_blank\"><strong>La palme touristique est attribu\u00e9e \u00e0 Center Parcs<\/strong><\/a><\/p>\n<p>C\u2019est sign\u00e9. Les collectivit\u00e9s vont engager 138 M\u20ac pour construire les \u00e9quipements collectifs du futur Center Parcs. Toutes s\u2019en f\u00e9licitent.<\/p>\n<p>Il ne manquait que le tapis rouge sur les marches du conseil g\u00e9n\u00e9ral, hier matin, pour se croire au Festival de Cannes. Comme s&rsquo;ils avaient d\u00e9croch\u00e9 la palme, les acteurs du projet de village vacances Center Parcs n&rsquo;ont pas cess\u00e9 de s&rsquo;envoyer des remerciements au moment de signer les deux contrats qui scellent le sort du projet\u2009: celui du financement bancaire et celui de la vente par anticipation des \u00e9quipements collectifs.<\/p>\n<p><b>&gt; Qui paye quoi\u2009?<\/b> C&rsquo;est le n\u0153ud du dossier, qui a n\u00e9cessit\u00e9 33 mois de n\u00e9gociations. C\u00f4t\u00e9 priv\u00e9, le groupe Pierre &amp; Vacances finance tout seul la construction des 800 cottages que comptera le village vacances, \u00ab <i>pour 200 \u00e0 220M\u20ac <\/i>\u00bb, explique le pr\u00e9sident du groupe, G\u00e9rard Br\u00e9mond. C\u00f4t\u00e9 public, la soci\u00e9t\u00e9 anonyme (SAEML) mont\u00e9e par les collectivit\u00e9s locales, le conseil g\u00e9n\u00e9ral en t\u00eate et en majorit\u00e9, suivi par la R\u00e9gion et la Caisse des d\u00e9p\u00f4ts, va financer la construction des \u00e9quipements collectifs, dont l&rsquo;espace aquatique, fleuron du projet, pour un total de 138 m\u20ac. Un groupe de huit banques a \u00e9t\u00e9 constitu\u00e9 pour accorder un pr\u00eat de 68M\u20ac \u00e0 la SAEML, dont 50\u2009% sont garantis par le conseil g\u00e9n\u00e9ral. La SAEML r\u00e9cup\u00e9rera sa mise de fonds gr\u00e2ce au loyer. <b>&gt; Combien \u00e7a co\u00fbte au contribuable\u2009?<\/b> \u00ab <i>Rien du tout, <\/i>assure Claude Bertaud.<i> L&rsquo;essentiel de notre participation provient de la vente des parts du Futuroscope. <\/i>\u00bb L&rsquo;opposition, si elle soutient le projet, est un peu plus r\u00e9serv\u00e9e sur ce point. \u00ab <i>On devait s&rsquo;engager pour 20M, finalement \u00e7a sera pr\u00e8s de 50, <\/i>note le socialiste Jean-Daniel Blusseau.<i> Les cons\u00e9quences pour les finances du D\u00e9partement d&rsquo;ici cinq ans ne sont pas claires, m\u00eame si le pr\u00e9sident a d\u00e9clar\u00e9 que pas un centime de plus ne serait d\u00e9pens\u00e9 dans ce dossier. <\/i>\u00bb <b>&gt; \u00c7a rapporte quoi\u2009?<\/b> Un projet \u00e0 plus de 300M\u20ac, c&rsquo;est \u00e9videmment une aubaine pour les entreprises locales qui se sont constitu\u00e9es en groupements pour acc\u00e9der au march\u00e9. C&rsquo;est aussi une promesse de 600 emplois directs dans le village, dont 85\u2009% d&#8217;embauche locale. En p\u00e9riode de ch\u00f4mage record, c&rsquo;est la carotte apr\u00e8s laquelle tous les politiques courent. Attention, toutefois, \u00e0 ne pas financer n&rsquo;importe quel recrutement. \u00ab <i>L&rsquo;\u00c9tat sera tr\u00e8s attentif \u00e0 ce qu&rsquo;un maximum de ces emplois soit \u00e0 temps plein <\/i>\u00bb, a pr\u00e9venu la pr\u00e9f\u00e8te.<\/p>\n<p>en savoir plus<\/p>\n<p><b>Qui va tenir la promesse de Sarkozy ?<\/b><\/p>\n<p>Une ombre au tableau idyllique dress\u00e9 par les protagonistes du projet de Center Parcs\u2009: comment concr\u00e9tiser la promesse faite en novembre 2011 (en pleine p\u00e9riode \u00e9lectorale) par l&rsquo;ancien pr\u00e9sident de la R\u00e9publique selon laquelle l&rsquo;\u00c9tat apportera 15M\u20ac\u2009? A quel titre, sur quel budget, dans quel minist\u00e8re\u2009? La pr\u00e9f\u00e8te, \u00c9lisabeth Borne, a bien rappel\u00e9 que l&rsquo;\u00c9tat s&rsquo;est engag\u00e9 et le restera pour que le projet soit men\u00e9 \u00e0 son terme. Mais en se gardant bien dire o\u00f9 sera pr\u00e9lev\u00e9e cette somme et en invitant les partenaires, Pierre &amp; Vacances, la Caisse des d\u00e9p\u00f4ts, la R\u00e9gion, le D\u00e9partement, etc., \u00e0 trouver quels leviers pourraient \u00eatre utilis\u00e9s. A vot&rsquo;bon c\u0153ur messieurs dames\u2009?<\/p>\n<p>la phrase<\/p>\n<p><b>\u00ab Hier soir, en lisant le livre de Madame Royal sur le courage, je me suis dit que Claude Bertaud aurait m\u00e9rit\u00e9 qu&rsquo;elle lui consacr\u00e2t un chapitre. \u00bb.<\/b><\/p>\n<p>Le s\u00e9nateur <b>Jean-Pierre Raffarin<\/b> a \u00e9videmment soulev\u00e9 les rires de son auditoire, en saluant ainsi l&rsquo;activit\u00e9 du pr\u00e9sident du conseil g\u00e9n\u00e9ral en faveur du dossier du Center Parcs, hier matin, \u00e0 l&rsquo;occasion de la signature officielle des contrats avec les banques et avec l&rsquo;entreprise Pierre &amp; Vacances.<\/p>\n<p><em>Philippe Bonnet, Nouvelle R\u00e9publique, 16 mai 2013<\/em><\/p>\n<p>&nbsp;<\/p>\n<\/div>\n<\/div>\n","protected":false},"excerpt":{"rendered":"<p>Center Parcs : le projet est d\u00e9sormais irr\u00e9versible Claude Bertaud, le pr\u00e9sident du conseil g\u00e9n\u00e9ral de la Vienne, a sign\u00e9 ce matin les contrat avec les banques et le le groupe Pierre&amp;Vacances pour le financement et la location-vente des \u00e9quipements collectifs du futur Center Parcs (dont l&rsquo;espace aquatique, vitirine embl\u00e9matique de ces villages vacances), pour &hellip; <a href=\"https:\/\/fa86.noblogs.org\/?p=8970\" class=\"more-link\">Continuer la lecture de <span class=\"screen-reader-text\">[86] Center Parcs : op\u00e9ration juteuse&#8230; pour qui et sur le dos de qui ?<\/span> <span class=\"meta-nav\">&rarr;<\/span><\/a><\/p>\n","protected":false},"author":2691,"featured_media":0,"comment_status":"open","ping_status":"open","sticky":false,"template":"","format":"standard","meta":{"footnotes":""},"categories":[26],"tags":[],"class_list":["post-8970","post","type-post","status-publish","format-standard","hentry","category-construction-du-desert"],"_links":{"self":[{"href":"https:\/\/fa86.noblogs.org\/index.php?rest_route=\/wp\/v2\/posts\/8970","targetHints":{"allow":["GET"]}}],"collection":[{"href":"https:\/\/fa86.noblogs.org\/index.php?rest_route=\/wp\/v2\/posts"}],"about":[{"href":"https:\/\/fa86.noblogs.org\/index.php?rest_route=\/wp\/v2\/types\/post"}],"author":[{"embeddable":true,"href":"https:\/\/fa86.noblogs.org\/index.php?rest_route=\/wp\/v2\/users\/2691"}],"replies":[{"embeddable":true,"href":"https:\/\/fa86.noblogs.org\/index.php?rest_route=%2Fwp%2Fv2%2Fcomments&post=8970"}],"version-history":[{"count":2,"href":"https:\/\/fa86.noblogs.org\/index.php?rest_route=\/wp\/v2\/posts\/8970\/revisions"}],"predecessor-version":[{"id":8973,"href":"https:\/\/fa86.noblogs.org\/index.php?rest_route=\/wp\/v2\/posts\/8970\/revisions\/8973"}],"wp:attachment":[{"href":"https:\/\/fa86.noblogs.org\/index.php?rest_route=%2Fwp%2Fv2%2Fmedia&parent=8970"}],"wp:term":[{"taxonomy":"category","embeddable":true,"href":"https:\/\/fa86.noblogs.org\/index.php?rest_route=%2Fwp%2Fv2%2Fcategories&post=8970"},{"taxonomy":"post_tag","embeddable":true,"href":"https:\/\/fa86.noblogs.org\/index.php?rest_route=%2Fwp%2Fv2%2Ftags&post=8970"}],"curies":[{"name":"wp","href":"https:\/\/api.w.org\/{rel}","templated":true}]}}