{"id":8978,"date":"2013-05-16T18:56:46","date_gmt":"2013-05-16T16:56:46","guid":{"rendered":"http:\/\/fa86.noblogs.org\/?p=8978"},"modified":"2013-05-16T18:56:46","modified_gmt":"2013-05-16T16:56:46","slug":"le-monde-libertaire-n1706-du-16-au-22-mai-2013","status":"publish","type":"post","link":"https:\/\/fa86.noblogs.org\/?p=8978","title":{"rendered":"Le Monde Libertaire n\u00b01706 (du 16 au 22 Mai 2013)"},"content":{"rendered":"<p style=\"text-align: justify\"><em><strong>NdPN<\/strong> : Le Monde Libertaire hebdo est sorti aujourd&rsquo;hui en kiosques, comme tous les jeudis. Un bon cru ! Exceptionnellement, vu que nous partons en congr\u00e8s annuel\u00a0de la F\u00e9d\u00e9ration Anarchiste ce week-end, nous ne pourrons en laisser un exemplaire au Biblio-Caf\u00e9 que mardi prochain. Cela dit, trois articles sont d&rsquo;ores et d\u00e9j\u00e0 en ligne (voir le sommaire ci-dessous). Bonne lecture !<\/em><\/p>\n<p style=\"text-align: justify\"><strong>Le Monde Libertaire n\u00b0 1706 (du 16 au 22 Mai 2013)<\/strong><\/p>\n<p style=\"text-align: justify\"><a href=\"https:\/\/fa86.noblogs.org\/files\/2013\/05\/ml1706couv.jpg\"><img loading=\"lazy\" decoding=\"async\" class=\"alignnone size-full wp-image-8979\" alt=\"ml1706couv\" src=\"https:\/\/fa86.noblogs.org\/files\/2013\/05\/ml1706couv.jpg\" width=\"400\" height=\"556\" srcset=\"https:\/\/fa86.noblogs.org\/files\/2013\/05\/ml1706couv.jpg 400w, https:\/\/fa86.noblogs.org\/files\/2013\/05\/ml1706couv-215x300.jpg 215w\" sizes=\"auto, (max-width: 400px) 100vw, 400px\" \/><\/a><\/p>\n<p style=\"text-align: justify\"><em>\u00abCombien de crimes ont \u00e9t\u00e9 commis simplement parce que leur auteur ne pouvait supporter d\u2019avoir tort.\u00bb &#8211; Albert Camus<\/em><\/p>\n<p style=\"text-align: justify\"><strong>Sommaire du Monde Libertaire\u00a0n\u00b01706 (du 16 au 22 Mai 2013)<\/strong><\/p>\n<p style=\"text-align: justify\"><strong>Actualit\u00e9<\/strong><\/p>\n<p style=\"text-align: justify\"><a href=\"http:\/\/www.monde-libertaire.fr\/france\/16420-retraites-a-nouveau-depouilles\" target=\"_blank\">La Berezina des retraites, par G. Goutte, page 3<\/a><\/p>\n<p style=\"text-align: justify\">M\u00e9t\u00e9o syndicale, par J.-P. Germain, page 4<\/p>\n<p style=\"text-align: justify\">\u00c0 morale, morale et demie, par R. Constant, page 5<\/p>\n<p style=\"text-align: justify\">Chronique n\u00e9phr\u00e9tique, par Rodkol, page 6<\/p>\n<p style=\"text-align: justify\"><a href=\"http:\/\/www.monde-libertaire.fr\/france\/16421-le-parti-du-peuple-en-marche\" target=\"_blank\">La gauche bien sage de M\u00e9lenchon, par Daniel et J\u00e9r\u00f4me, page 7<\/a><\/p>\n<p style=\"text-align: justify\"><strong>Arguments<\/strong><\/p>\n<p style=\"text-align: justify\">Patrie, fausse amie, par le groupe Orwell, page 9<\/p>\n<p style=\"text-align: justify\">Pour faire des monstres, par N. Potkine, page 11<\/p>\n<p style=\"text-align: justify\"><strong>International<\/strong><\/p>\n<p style=\"text-align: justify\">De la peine de mort, par P. Schindler, page 14<\/p>\n<p style=\"text-align: justify\">L\u2019Espagne au sang chaud, par R. Pino, page 14<\/p>\n<p style=\"text-align: justify\"><a href=\"http:\/\/www.monde-libertaire.fr\/antimilitarisme\/16423-militaires-de-tous-les-pays-unissez-vous\" target=\"_blank\">Une forme de guerre, par P. Sommermeyer, page 15<\/a><\/p>\n<p style=\"text-align: justify\"><strong>Expressions<\/strong><\/p>\n<p style=\"text-align: justify\">L\u2019usage des armes, par A. Bernard, page 16<\/p>\n<p style=\"text-align: justify\">Portrait d\u2019Arendt, par M. Top\u00e9, page 18<\/p>\n<p style=\"text-align: justify\">Un manuel des gauches, par S. Moulis, page 19<\/p>\n<p style=\"text-align: justify\">R\u00e9volution et intellectuels, par C. Margat, page 20<\/p>\n<p style=\"text-align: justify\"><strong>Mouvement<\/strong><\/p>\n<p style=\"text-align: justify\">Le congr\u00e8s, la radio et la vie du mouvement, page 21<\/p>\n<p>L\u2019agenda noir et rouge, page 23<\/p>\n<p style=\"text-align: justify\"><strong>Illustrations<\/strong><\/p>\n<p style=\"text-align: justify\">Aurelio, Kalem, Krokaga, La Sala, Cl\u00e9ment Schovaert, Nemo<\/p>\n<p style=\"text-align: justify\"><strong>Editorial<\/strong><\/p>\n<p style=\"text-align: justify\">Les populations mondiales sont victimes des diktats de l\u2019Union europ\u00e9enne, du FMI ou des deux \u00e0 la fois. Ces organismes lointains, exempts de tout contr\u00f4le populaire, ont su construire une utopique \u00ab r\u00e9alit\u00e9 \u00bb \u00e9conomique n\u00e9olib\u00e9rale visant \u00e0 la primaut\u00e9 des riches et des lois du march\u00e9. Le projet officiel est de mettre fin \u00e0 la \u00ab crise \u00bb et, pour cela, d\u2019apurer la dette des pays aupr\u00e8s de banques qui, par leurs cupides b\u00e9vues, sont elles-m\u00eames \u00e0 l\u2019origine de la fameuse crise. Les recettes sont criminellement simples : baisse des salaires, diminution des charges aux entreprises compens\u00e9e par l\u2019augmentation des TVA, \u00e9limination des lois garantissant emplois et salaires, r\u00e9duction drastique des d\u00e9penses publiques, abandon des services publics au priv\u00e9, bref faire payer les bourdes des banques et des riches \u00e0 ceux qui n\u2019ont rien ou presque rien. Autant de vilenies hypocritement baptis\u00e9es r\u00e9alisme, aust\u00e9rit\u00e9, r\u00e9formes courageuses. Et les journalistes tout d\u00e9vou\u00e9s, et les experts de tout poil d\u2019\u00e2nonner en ch\u0153ur que \u00ab la rigueur n\u2019est pas un choix \u00bb, qu\u2019\u00ab il faut r\u00e9duire la d\u00e9pense et ce de mani\u00e8re radicale \u00bb. Par la gr\u00e2ce du <em>storytelling<\/em>, \u00ab un mensonge mille fois r\u00e9p\u00e9t\u00e9 devient r\u00e9alit\u00e9 \u00bb. \u00c0 peine si quelques voix discordantes, \u00e9voquant un \u00ab naufrage av\u00e9r\u00e9 de la construction europ\u00e9enne \u00bb, une \u00ab Europe vraiment \u00e0 l\u2019agonie \u00bb, viennent troubler ce f\u00e9tide rab\u00e2chage tandis que les populistes de droite ou de gauche pr\u00f4nent le retour aux protectionnismes. Pour sa part, notre confr\u00e8re <em>Fakir<\/em>, dans son num\u00e9ro du 18 avril, appelle carr\u00e9ment \u00e0 la banqueroute et ses analyses ne manquent pas de pertinence. De Sully \u00e0 Poincarr\u00e9 en passant par Louis XV, le \u00ab d\u00e9faut de paiement souverain \u00bb n\u2019a-t-il pas de tout temps permis aux d\u00e9cideurs de d\u00e9sendetter le pays ? D\u2019autre part, actuellement, tous les pays qui se sont inclin\u00e9s devant les injonctions du FMI et de l\u2019UE \u2013 France, Espagne, Ghana, Cor\u00e9e du Sud et surtout Portugal et Gr\u00e8ce \u2013 ont vu augmenter ch\u00f4mage, pauvret\u00e9 et dette m\u00eame, alors que les pays courageusement banqueroutards \u2013 Argentine, Malaisie avant les r\u00e9centes \u00e9lections, Islande \u2013, en s\u2019asseyant sur ces directives meurtri\u00e8res, ont diminu\u00e9 leur taux de ch\u00f4mage et relanc\u00e9 la consommation. Preuve que tant que la r\u00e9volution n\u2019est pas effective, priorit\u00e9 reste \u00e0 la pr\u00e9servation co\u00fbte que co\u00fbte des acquis sociaux. C\u2019est pas le moment d\u2019\u00e9couter le chant des sir\u00e8nes des partisans de l\u2019auto-entreprise si douce au patronat ou de la marginalisation dans son coin, mais plut\u00f4t de retrousser les manches et de faire tonner la voix de la rue, la seule que redoutent les vide-gousset politiques et financiers. Sous peine que la Grande Muraille de Chine ne soit pas assez longue pour y taguer en entier la liste des cons.<\/p>\n","protected":false},"excerpt":{"rendered":"<p>NdPN : Le Monde Libertaire hebdo est sorti aujourd&rsquo;hui en kiosques, comme tous les jeudis. Un bon cru ! Exceptionnellement, vu que nous partons en congr\u00e8s annuel\u00a0de la F\u00e9d\u00e9ration Anarchiste ce week-end, nous ne pourrons en laisser un exemplaire au Biblio-Caf\u00e9 que mardi prochain. Cela dit, trois articles sont d&rsquo;ores et d\u00e9j\u00e0 en ligne (voir &hellip; <a href=\"https:\/\/fa86.noblogs.org\/?p=8978\" class=\"more-link\">Continuer la lecture de <span class=\"screen-reader-text\">Le Monde Libertaire n\u00b01706 (du 16 au 22 Mai 2013)<\/span> <span class=\"meta-nav\">&rarr;<\/span><\/a><\/p>\n","protected":false},"author":2691,"featured_media":0,"comment_status":"open","ping_status":"open","sticky":false,"template":"","format":"standard","meta":{"footnotes":""},"categories":[17,4],"tags":[],"class_list":["post-8978","post","type-post","status-publish","format-standard","hentry","category-education-populaire","category-se-trouver"],"_links":{"self":[{"href":"https:\/\/fa86.noblogs.org\/index.php?rest_route=\/wp\/v2\/posts\/8978","targetHints":{"allow":["GET"]}}],"collection":[{"href":"https:\/\/fa86.noblogs.org\/index.php?rest_route=\/wp\/v2\/posts"}],"about":[{"href":"https:\/\/fa86.noblogs.org\/index.php?rest_route=\/wp\/v2\/types\/post"}],"author":[{"embeddable":true,"href":"https:\/\/fa86.noblogs.org\/index.php?rest_route=\/wp\/v2\/users\/2691"}],"replies":[{"embeddable":true,"href":"https:\/\/fa86.noblogs.org\/index.php?rest_route=%2Fwp%2Fv2%2Fcomments&post=8978"}],"version-history":[{"count":1,"href":"https:\/\/fa86.noblogs.org\/index.php?rest_route=\/wp\/v2\/posts\/8978\/revisions"}],"predecessor-version":[{"id":8980,"href":"https:\/\/fa86.noblogs.org\/index.php?rest_route=\/wp\/v2\/posts\/8978\/revisions\/8980"}],"wp:attachment":[{"href":"https:\/\/fa86.noblogs.org\/index.php?rest_route=%2Fwp%2Fv2%2Fmedia&parent=8978"}],"wp:term":[{"taxonomy":"category","embeddable":true,"href":"https:\/\/fa86.noblogs.org\/index.php?rest_route=%2Fwp%2Fv2%2Fcategories&post=8978"},{"taxonomy":"post_tag","embeddable":true,"href":"https:\/\/fa86.noblogs.org\/index.php?rest_route=%2Fwp%2Fv2%2Ftags&post=8978"}],"curies":[{"name":"wp","href":"https:\/\/api.w.org\/{rel}","templated":true}]}}