{"id":8981,"date":"2013-05-19T13:00:33","date_gmt":"2013-05-19T11:00:33","guid":{"rendered":"http:\/\/fa86.noblogs.org\/?p=8981"},"modified":"2013-05-22T13:39:10","modified_gmt":"2013-05-22T11:39:10","slug":"poitiers-grand-apero-citoyen-contre-la-lgv-poitiers-limoges","status":"publish","type":"post","link":"https:\/\/fa86.noblogs.org\/?p=8981","title":{"rendered":"[Poitiers] Grand ap\u00e9ro citoyen contre la LGV Poitiers-Limoges"},"content":{"rendered":"<p style=\"text-align: justify\"><em><strong>NdPN : Une erreur s&rsquo;est gliss\u00e9e dans ce texte, le lieu du rassemblement se situe 11 place de France et non 11 place de Provence.<\/strong><\/em><\/p>\n<p style=\"text-align: justify\">A tous les adh\u00e9rents et sympathisants de NON \u00e0 la LGV Poitiers-Limoges<\/p>\n<p style=\"text-align: justify\">Vous avez r\u00e9agi \u00e0 l\u2019agression du projet de LGV Limoges-Poitiers. Avec nous, vous avez engag\u00e9 le combat contre cette absurdit\u00e9. Apr\u00e8s plusieurs ann\u00e9es, malgr\u00e9 les d\u00e9saveux des commissions parlementaires charg\u00e9es de r\u00e9fl\u00e9chir sur le bien fond\u00e9 d\u2019un tel projet, celui-ci aborde la phase de l\u2019enqu\u00eate publique.<br \/>\nSi l\u2019on s\u2019en r\u00e9f\u00e8re \u00e0 la commission mobilit\u00e9 21, charg\u00e9e de classer les investissements de transports, il est plus que probable que l\u2019\u00e9tat et les collectivit\u00e9s n\u2019auront pas les moyens d\u2019engager des fonds sur cet \u00e9quipement qui ne sera jamais \u00ab rentabilisable \u00bb. A l\u2019issue de l\u2019enqu\u00eate publique les riverains de ce projet de ligne risquent de se voir confisquer la jouissance de leurs biens et vivre avec cela pour de nombreuses ann\u00e9es.<\/p>\n<p style=\"text-align: justify\">Certains de nos \u00e9lus nous ont engag\u00e9 dans cette impasse et nous avons besoin de vous tous pour les mettre devant leur responsabilit\u00e9.<\/p>\n<p style=\"text-align: justify\">Vendredi soir 24 mai, \u00e0 18 h, nous allons tous rendre visite \u00e0 notre d\u00e9put\u00e9e Mme Coutelle \u00e0 sa permanence, 11 place de Provence \u00e0 Poitiers.<\/p>\n<p style=\"text-align: justify\">Nous lui avons d\u00e9j\u00e0 \u00e9crit comme vous pouvez le voir sur notre site <a href=\"http:\/\/non-lgv-poitiers-limoges.fr\/wp\/2013\/05\/15\/lettre-ouverte-aux-grands-elus-de-la-vienne\/\" target=\"_blank\">http:\/\/non-lgv-poitiers-limoges.fr\/wp\/<\/a> mais pour que nous soyons audibles, il est indispensable de retrouver des manifestations de masse afin que les m\u00e9dias se fassent \u00e9cho de nos probl\u00e8mes.<\/p>\n<p style=\"text-align: justify\">En cette fin de semaine prenons 1h de notre temps pour engager la discussion publique sur ce projet absurde. Nous ferons cela dans la convivialit\u00e9, chacun apportera un petit quelque chose pour partager :<\/p>\n<p style=\"text-align: justify\"><strong>Un grand ap\u00e9ro citoyen sans alcool vendredi 24 mai \u00e0 18h<\/strong><\/p>\n<p style=\"text-align: justify\">Amenez vos amis, nous comptons sur votre engagement au c\u00f4t\u00e9 des riverains<\/p>\n<p style=\"text-align: justify\">Bien amicalement, pour NON \u00e0 la LGV-Poitiers-Limoges<\/p>\n<p style=\"text-align: right\"><em><strong>re\u00e7u par mail, 18\/5\/2013<\/strong><\/em><\/p>\n","protected":false},"excerpt":{"rendered":"<p>NdPN : Une erreur s&rsquo;est gliss\u00e9e dans ce texte, le lieu du rassemblement se situe 11 place de France et non 11 place de Provence. A tous les adh\u00e9rents et sympathisants de NON \u00e0 la LGV Poitiers-Limoges Vous avez r\u00e9agi \u00e0 l\u2019agression du projet de LGV Limoges-Poitiers. Avec nous, vous avez engag\u00e9 le combat contre &hellip; <a href=\"https:\/\/fa86.noblogs.org\/?p=8981\" class=\"more-link\">Continuer la lecture de <span class=\"screen-reader-text\">[Poitiers] Grand ap\u00e9ro citoyen contre la LGV Poitiers-Limoges<\/span> <span class=\"meta-nav\">&rarr;<\/span><\/a><\/p>\n","protected":false},"author":2691,"featured_media":0,"comment_status":"open","ping_status":"open","sticky":false,"template":"","format":"standard","meta":{"footnotes":""},"categories":[26,4],"tags":[],"class_list":["post-8981","post","type-post","status-publish","format-standard","hentry","category-construction-du-desert","category-se-trouver"],"_links":{"self":[{"href":"https:\/\/fa86.noblogs.org\/index.php?rest_route=\/wp\/v2\/posts\/8981","targetHints":{"allow":["GET"]}}],"collection":[{"href":"https:\/\/fa86.noblogs.org\/index.php?rest_route=\/wp\/v2\/posts"}],"about":[{"href":"https:\/\/fa86.noblogs.org\/index.php?rest_route=\/wp\/v2\/types\/post"}],"author":[{"embeddable":true,"href":"https:\/\/fa86.noblogs.org\/index.php?rest_route=\/wp\/v2\/users\/2691"}],"replies":[{"embeddable":true,"href":"https:\/\/fa86.noblogs.org\/index.php?rest_route=%2Fwp%2Fv2%2Fcomments&post=8981"}],"version-history":[{"count":3,"href":"https:\/\/fa86.noblogs.org\/index.php?rest_route=\/wp\/v2\/posts\/8981\/revisions"}],"predecessor-version":[{"id":9009,"href":"https:\/\/fa86.noblogs.org\/index.php?rest_route=\/wp\/v2\/posts\/8981\/revisions\/9009"}],"wp:attachment":[{"href":"https:\/\/fa86.noblogs.org\/index.php?rest_route=%2Fwp%2Fv2%2Fmedia&parent=8981"}],"wp:term":[{"taxonomy":"category","embeddable":true,"href":"https:\/\/fa86.noblogs.org\/index.php?rest_route=%2Fwp%2Fv2%2Fcategories&post=8981"},{"taxonomy":"post_tag","embeddable":true,"href":"https:\/\/fa86.noblogs.org\/index.php?rest_route=%2Fwp%2Fv2%2Ftags&post=8981"}],"curies":[{"name":"wp","href":"https:\/\/api.w.org\/{rel}","templated":true}]}}