{"id":8987,"date":"2013-05-19T13:27:01","date_gmt":"2013-05-19T11:27:01","guid":{"rendered":"http:\/\/fa86.noblogs.org\/?p=8987"},"modified":"2013-05-19T13:27:28","modified_gmt":"2013-05-19T11:27:28","slug":"chatellerault-entrepreneurs-en-herbe-au-college-jean-mace","status":"publish","type":"post","link":"https:\/\/fa86.noblogs.org\/?p=8987","title":{"rendered":"[Ch\u00e2tellerault] Entrepreneurs en herbe au coll\u00e8ge Jean-Mac\u00e9"},"content":{"rendered":"<p><a href=\"https:\/\/fa86.noblogs.org\/files\/2013\/05\/bernard_tapie_devant_un_yacht_reference.jpg\"><img loading=\"lazy\" decoding=\"async\" class=\"alignnone size-full wp-image-8988\" alt=\"bernard_tapie_devant_un_yacht_reference\" src=\"https:\/\/fa86.noblogs.org\/files\/2013\/05\/bernard_tapie_devant_un_yacht_reference.jpg\" width=\"620\" height=\"430\" srcset=\"https:\/\/fa86.noblogs.org\/files\/2013\/05\/bernard_tapie_devant_un_yacht_reference.jpg 620w, https:\/\/fa86.noblogs.org\/files\/2013\/05\/bernard_tapie_devant_un_yacht_reference-300x208.jpg 300w\" sizes=\"auto, (max-width: 620px) 100vw, 620px\" \/><\/a><\/p>\n<p style=\"text-align: justify\"><em>Tout en suivant leur scolarit\u00e9, quinze \u00e9l\u00e8ves du coll\u00e8ge Jean-Mac\u00e9 de Ch\u00e2tellerault ont g\u00e9r\u00e9 une entreprise durant un an.<\/em><\/p>\n<p style=\"text-align: justify\">Les quinze \u00e9l\u00e8ves de DP3 (D\u00e9couverte professionnelle en 3e) du coll\u00e8ge Jean-Mac\u00e9 (Ch\u00e2tellerault), qui concourrait pour la deuxi\u00e8me ann\u00e9e cons\u00e9cutive, n&rsquo;ont pas \u00e9t\u00e9 prim\u00e9s le 15 mai dernier \u00e0 l&rsquo;issue du championnat r\u00e9gional des mini-entreprises organis\u00e9 par l&rsquo;association Entreprendre pour apprendre. Mais ils ont gagn\u00e9 d&rsquo;avoir pu vivre une sacr\u00e9e exp\u00e9rience durant un an\u2009: la cr\u00e9ation d&rsquo;une entreprise.<\/p>\n<p style=\"text-align: justify\"><strong>\u00ab\u00a0\u2009On va pouvoir rembourser nos actionnaires\u2009!\u2009\u00a0\u00bb<\/strong><\/p>\n<p style=\"text-align: justify\">D\u00e8s le mois de juin dernier, Philippe Teruel, professeur de technologie en charge du projet avec Annie Langhat, professeure de fran\u00e7ais, leur a \u00ab demand\u00e9 de r\u00e9fl\u00e9chir \u00e0 un produit \u00bb. Alors que leurs pr\u00e9d\u00e9cesseurs avaient d\u00e9cid\u00e9 de \u00ab r\u00e9cup\u00e9rer des jeux vid\u00e9o et de les revendre sur Internet \u00bb, eux ont choisi de fabriquer des porte-cl\u00e9s personnalisables en PVC.<br \/>\nA la rentr\u00e9e, une \u00e9tude de march\u00e9 a \u00e9t\u00e9 men\u00e9e. Gr\u00e2ce \u00e0 une cinquantaine d&rsquo;actionnaires, l&rsquo;entreprise a ensuite \u00e9t\u00e9 cr\u00e9\u00e9e. Valentin Rimbert a \u00e9t\u00e9 \u00e9lu P-DG Un directeur des ressources humaines a aussi \u00e9t\u00e9 nomm\u00e9, ainsi qu&rsquo;un directeur financier, un directeur technique, un directeur commercial et un directeur marketing.<br \/>\nDisposant de deux machines, l&rsquo;entreprise a commenc\u00e9 \u00e0 produire en janvier. Pour l&rsquo;instant, elle n&rsquo;en a vendu qu&rsquo;une soixantaine. Mais on vient de leur en commander 600. Ce qui obligera les \u00e9l\u00e8ves \u00e0 revenir travailler la premi\u00e8re semaine de juillet pendant l&rsquo;\u00ab\u00e9cole ouverte \u00bb\u2026 Mais \u00e7a n&rsquo;entame pas l&rsquo;enthousiasme du jeune patron. \u00ab Il nous fallait 300 porte-cl\u00e9s pour avoir des b\u00e9n\u00e9fices. Maintenant, \u00e7a va \u00eatre possible. On va pouvoir rembourser nos actionnaires\u2009! \u00bb se f\u00e9licite-t-il.<br \/>\nA noter que le reste sera revers\u00e9 aux Restos du c\u0153ur. Un beau geste pour conclure un beau projet.<\/p>\n<p style=\"text-align: justify\"><em>en savoir plus<\/em><\/p>\n<p style=\"text-align: justify\"><strong>Que retirent-ils de cette exp\u00e9rience ?<\/strong><\/p>\n<p style=\"text-align: justify\"><strong>&gt; Valentin Rimbert\u2009:<\/strong> \u00ab Si tout le monde travaille, on peut y arriver. Par contre, s&rsquo;il y en a un qui ne fait rien, c&rsquo;est plus difficile. \u00bb<br \/>\n<strong>&gt; Wesley (directeur financier)\u2009:<\/strong> \u00ab Avant, j&rsquo;\u00e9tais assez timide. Maintenant, je suis plus \u00e0 l&rsquo;aise. \u00c7a m&rsquo;a aussi un peu montr\u00e9 le monde du travail. \u00bb<br \/>\n<strong>&gt; Julien\u2009:<\/strong> \u00ab On est plus autonome. \u00bb<\/p>\n<p style=\"text-align: right\"><strong><em>Alain Grimperelle, <a href=\"http:\/\/www.lanouvellerepublique.fr\/Vienne\/Actualite\/Education\/n\/Contenus\/Articles\/2013\/05\/19\/Entrepreneurs-en-herbe-au-college-Jean-Mace-1471301\" target=\"_blank\">La Nouvelle R\u00e9publique<\/a><br \/>\n19\/5\/2013<\/em><\/strong><\/p>\n","protected":false},"excerpt":{"rendered":"<p>Tout en suivant leur scolarit\u00e9, quinze \u00e9l\u00e8ves du coll\u00e8ge Jean-Mac\u00e9 de Ch\u00e2tellerault ont g\u00e9r\u00e9 une entreprise durant un an. Les quinze \u00e9l\u00e8ves de DP3 (D\u00e9couverte professionnelle en 3e) du coll\u00e8ge Jean-Mac\u00e9 (Ch\u00e2tellerault), qui concourrait pour la deuxi\u00e8me ann\u00e9e cons\u00e9cutive, n&rsquo;ont pas \u00e9t\u00e9 prim\u00e9s le 15 mai dernier \u00e0 l&rsquo;issue du championnat r\u00e9gional des mini-entreprises organis\u00e9 &hellip; <a href=\"https:\/\/fa86.noblogs.org\/?p=8987\" class=\"more-link\">Continuer la lecture de <span class=\"screen-reader-text\">[Ch\u00e2tellerault] Entrepreneurs en herbe au coll\u00e8ge Jean-Mac\u00e9<\/span> <span class=\"meta-nav\">&rarr;<\/span><\/a><\/p>\n","protected":false},"author":2691,"featured_media":0,"comment_status":"open","ping_status":"open","sticky":false,"template":"","format":"standard","meta":{"footnotes":""},"categories":[21,7],"tags":[],"class_list":["post-8987","post","type-post","status-publish","format-standard","hentry","category-desinformation-bourgeoise","category-propagande-marchande"],"_links":{"self":[{"href":"https:\/\/fa86.noblogs.org\/index.php?rest_route=\/wp\/v2\/posts\/8987","targetHints":{"allow":["GET"]}}],"collection":[{"href":"https:\/\/fa86.noblogs.org\/index.php?rest_route=\/wp\/v2\/posts"}],"about":[{"href":"https:\/\/fa86.noblogs.org\/index.php?rest_route=\/wp\/v2\/types\/post"}],"author":[{"embeddable":true,"href":"https:\/\/fa86.noblogs.org\/index.php?rest_route=\/wp\/v2\/users\/2691"}],"replies":[{"embeddable":true,"href":"https:\/\/fa86.noblogs.org\/index.php?rest_route=%2Fwp%2Fv2%2Fcomments&post=8987"}],"version-history":[{"count":2,"href":"https:\/\/fa86.noblogs.org\/index.php?rest_route=\/wp\/v2\/posts\/8987\/revisions"}],"predecessor-version":[{"id":8990,"href":"https:\/\/fa86.noblogs.org\/index.php?rest_route=\/wp\/v2\/posts\/8987\/revisions\/8990"}],"wp:attachment":[{"href":"https:\/\/fa86.noblogs.org\/index.php?rest_route=%2Fwp%2Fv2%2Fmedia&parent=8987"}],"wp:term":[{"taxonomy":"category","embeddable":true,"href":"https:\/\/fa86.noblogs.org\/index.php?rest_route=%2Fwp%2Fv2%2Fcategories&post=8987"},{"taxonomy":"post_tag","embeddable":true,"href":"https:\/\/fa86.noblogs.org\/index.php?rest_route=%2Fwp%2Fv2%2Ftags&post=8987"}],"curies":[{"name":"wp","href":"https:\/\/api.w.org\/{rel}","templated":true}]}}