{"id":8992,"date":"2013-05-20T22:36:39","date_gmt":"2013-05-20T20:36:39","guid":{"rendered":"http:\/\/fa86.noblogs.org\/?p=8992"},"modified":"2013-05-20T22:36:39","modified_gmt":"2013-05-20T20:36:39","slug":"dal-86-solidarite-avec-les-familles-du-squat-des-glieres","status":"publish","type":"post","link":"https:\/\/fa86.noblogs.org\/?p=8992","title":{"rendered":"[DAL 86] Solidarit\u00e9 avec les familles du squat Des Gli\u00e8res"},"content":{"rendered":"<p style=\"text-align: justify\"><a href=\"http:\/\/dal86.fr\/2013\/05\/20\/solidarite-avec-les-familles-du-squat-des-glieres\/\" target=\"_blank\"><strong>Solidarit\u00e9 avec les familles du squat Des Gli\u00e8res<\/strong><\/a><\/p>\n<p style=\"text-align: justify\">\u00ab\u00a0<em>il y a autre chose \u00e0 imaginer\u00a0\u00bb<\/em>, a d\u00e9clar\u00e9 M. S\u00e9guy le secr\u00e9taire g\u00e9n\u00e9ral de la pr\u00e9fecture au journal du 13 mai 19h de France 3 Poitou-Charentes au sujet des squats de l\u2019Etape des Gli\u00e8res.<\/p>\n<p style=\"text-align: justify\">Nous ne voyons malheureusement que trop bien ce qu\u2019est cette \u00ab <i>autre chose \u00e0 imaginer<\/i> \u00bb. Vendredi dernier, 5 des 34 occupants du squat l\u2019Etape \u00e9taient tra\u00een\u00e9s au tribunal d\u2019instance par le maire de Poitiers en vue de leur expulsion. L\u2019audience a \u00e9t\u00e9 heureusement renvoy\u00e9e au 31 mai. Et, vendredi prochain, les habitants du squat des Gli\u00e8res sont tra\u00een\u00e9s au tribunal d\u2019instance par Logiparc pour un r\u00e9f\u00e9r\u00e9 d\u2019heure \u00e0 heure en vue de leur expulsion imm\u00e9diate si besoin avec le concours de la force publique.<\/p>\n<p style=\"text-align: justify\">Ah bon, ils n\u2019ont pas, comme St\u00e9phanie Bonnet la directrice du bailleur \u00ab social \u00bb le d\u00e9clare dans la <i>Nouvelle r\u00e9publique<\/i> du 13 mai : \u00ab <i>un d\u00e9lai d\u2019un mois pour quitter d\u00e9finitivement les lieux<\/i> \u00bb. Rajoutant que \u00ab <i>Cela nous laisse suffisamment de temps pour leur trouver des places dans un centre d\u2019h\u00e9bergement. \u00bb. <\/i><\/p>\n<p style=\"text-align: justify\">GROS MENSONGE, comme d\u2019ailleurs est un GROS MENSONGE son affirmation : \u00ab <i>N<\/i><i>ous nous sommes \u00e9galement d\u00e9plac\u00e9s avec une assistante sociale dans le but de les reloger rapidement. \u00bb<\/i><\/p>\n<p style=\"text-align: justify\">Les habitants du squat n\u2019ont ni vu l\u2019ombre de la directrice de Logiparc ni celle de la moindre assistante sociale. A la place la directrice de Logiparc (c\u2019est fou ce que ces institutions oublient vite qu\u2019elles ont un pr\u00e9sident\u2026) leur a envoy\u00e9 un huissier jeudi 16 mai pour les notifier du r\u00e9f\u00e9r\u00e9 heure \u00e0 heure.<\/p>\n<p style=\"text-align: justify\">Franchement Dal86 s\u2019attendait \u00e0 \u00ab <i>autre chose \u00e0 imaginer<\/i> \u00bb que cette proc\u00e9dure judiciaire absurde et somme toute classique. Quand les autorit\u00e9s, Logiparc inclut, vont-elle comprendre que leurs solutions ne font que d\u00e9placer le probl\u00e8me sans le r\u00e9soudre ? Quand vont-elles enfin venir sur place pour constater et pour \u00e9valuer la situation avec les habitants et mettre en place des solutions acceptables ?<\/p>\n<p style=\"text-align: justify\" align=\"CENTER\"><b>Surtout que les habitants des squats ont une id\u00e9e bien pr\u00e9cise de ce qu\u2019ils souhaitent.<\/b><\/p>\n<p style=\"text-align: justify\"><b>Leur premi\u00e8re demande<\/b> est que les proc\u00e9dures d\u2019expulsion des deux squats soient imm\u00e9diatement annul\u00e9es afin que soient mises en \u0153uvre, EN CONCERTATION, les solutions ad\u00e9quates.<\/p>\n<p style=\"text-align: justify\" align=\"JUSTIFY\"><b>Leur deuxi\u00e8me demande<\/b> est<b> <\/b>une prise en charge la plus rapide possible pour toutes les familles et personnes seules vivant dans ces squats, c\u2019est-\u00e0-dire, un logement d\u00e9cent et les moyens de vivre dignement.<\/p>\n<p style=\"text-align: justify\" align=\"JUSTIFY\"><strong>Leur troisi\u00e8me demande<\/strong> est la r\u00e9gularisation de tous ces sans-papiers pour lesquels le logement peut \u00eatre aussi un probl\u00e8me\u00a0 (sans logis et mal log\u00e9s, loyers scandaleux, exigu\u00eft\u00e9, surpopulation, etc\u2026) mais parmi bien d\u2019autres. Et dont on sait que c\u2019est par leur r\u00e9gularisation administrative que passe la solution.<\/p>\n<p style=\"text-align: justify\" align=\"JUSTIFY\">Il est toutefois hors de question qu\u2019ils aillent, comme propos\u00e9 unilat\u00e9ralement et sans concertation, par la directrice de Logiparc, dans \u00ab <i>un centre d\u2019h\u00e9bergement \u00bb <\/i>ni a fortiori qu\u2019ils subissent l\u2019ind\u00e9cence de l\u2019h\u00e9bergement du CHUS \u00ab 115 \u00bb. Toutes ces personnes sont responsables et autonomes et <b>doivent \u00eatre relog\u00e9es et non pas subir des traitements indignes dans des centres d\u2019h\u00e9bergement<\/b>.<\/p>\n<p style=\"text-align: justify\"><b>Concernant la dangerosit\u00e9 de l\u2019immeuble<\/b>, nous n\u2019avons que trop perdu du temps. Il faudrait savoir de quoi il en retourne. S\u2019agit-il d\u2019insalubrit\u00e9, de simple danger ou carr\u00e9ment de p\u00e9ril ? Au lieu de ce permis de d\u00e9molir obtenu opportun\u00e9ment le\u2026 2 mai, soit le jour du constat de l\u2019occupation, <b>nous exigeons le plus rapidement possible la nomination d\u2019un expert <\/b>qui sera charg\u00e9 d\u2019examiner la solidit\u00e9 de l\u2019immeuble et les dangers qu\u2019il pourrait repr\u00e9senter pour ses occupants, de dresser un constat et proposer des mesures techniques pour y mettre fin.<\/p>\n<p style=\"text-align: justify\">S\u2019il y a p\u00e9ril imminent nous exigeons que Logiparc reloge IMMEDIATEMENT les occupants dans ses logements. S\u2019il s\u2019agit de simple danger comme l\u2019\u00e9lectricit\u00e9, nous exigeons que Logiparc envoie IMMEDIATEMENT l\u2019un de ses \u00e9lectriciens pour faire les r\u00e9parations qui s\u2019imposent. De m\u00eame concernant l\u2019insalubrit\u00e9 en particulier l\u2019eau courante, nous exigeons que Logiparc envoie IMMEDIATEMENT un plombier pour mettre l\u2019eau.<\/p>\n<p style=\"text-align: justify\"><b>Etant donn\u00e9s les mensonges de Logiparc et le fait que ce bailleur social n\u2019ait m\u00eame pas daign\u00e9 se d\u00e9placer, les familles du squat les Gli\u00e8res se rendront en d\u00e9l\u00e9gation au si\u00e8ge de Logiparc 65 av John Kennedy (pr\u00e8s du Lyc\u00e9e Ali\u00e9nor d\u2019Aquitaine)<\/b> <b>afin de rencontrer son pr\u00e9sident, M. Jean-Fran\u00e7ois Macaire mercredi 22 mai \u00e0 16h30.<\/b><\/p>\n<p style=\"text-align: justify\"><b>Dal86 appelle \u00e0 venir les soutenir et \u00e0 transmettre cette information massivement autour de vous.<\/b><\/p>\n<p style=\"text-align: justify\"><b>Dal86 appelle \u00e0 venir soutenir ces familles au tribunal d\u2019instance, 21 rue Saint Louis. vendredi 24 mai \u00e0 9h.<\/b><\/p>\n<p style=\"text-align: justify\"><em>DAL 86, 20 mai 2013<\/em><\/p>\n","protected":false},"excerpt":{"rendered":"<p>Solidarit\u00e9 avec les familles du squat Des Gli\u00e8res \u00ab\u00a0il y a autre chose \u00e0 imaginer\u00a0\u00bb, a d\u00e9clar\u00e9 M. S\u00e9guy le secr\u00e9taire g\u00e9n\u00e9ral de la pr\u00e9fecture au journal du 13 mai 19h de France 3 Poitou-Charentes au sujet des squats de l\u2019Etape des Gli\u00e8res. Nous ne voyons malheureusement que trop bien ce qu\u2019est cette \u00ab autre &hellip; <a href=\"https:\/\/fa86.noblogs.org\/?p=8992\" class=\"more-link\">Continuer la lecture de <span class=\"screen-reader-text\">[DAL 86] Solidarit\u00e9 avec les familles du squat Des Gli\u00e8res<\/span> <span class=\"meta-nav\">&rarr;<\/span><\/a><\/p>\n","protected":false},"author":2691,"featured_media":0,"comment_status":"open","ping_status":"open","sticky":false,"template":"","format":"standard","meta":{"footnotes":""},"categories":[21,16,4,29],"tags":[],"class_list":["post-8992","post","type-post","status-publish","format-standard","hentry","category-desinformation-bourgeoise","category-repression","category-se-trouver","category-un-toit-pour-tou-te-s"],"_links":{"self":[{"href":"https:\/\/fa86.noblogs.org\/index.php?rest_route=\/wp\/v2\/posts\/8992","targetHints":{"allow":["GET"]}}],"collection":[{"href":"https:\/\/fa86.noblogs.org\/index.php?rest_route=\/wp\/v2\/posts"}],"about":[{"href":"https:\/\/fa86.noblogs.org\/index.php?rest_route=\/wp\/v2\/types\/post"}],"author":[{"embeddable":true,"href":"https:\/\/fa86.noblogs.org\/index.php?rest_route=\/wp\/v2\/users\/2691"}],"replies":[{"embeddable":true,"href":"https:\/\/fa86.noblogs.org\/index.php?rest_route=%2Fwp%2Fv2%2Fcomments&post=8992"}],"version-history":[{"count":1,"href":"https:\/\/fa86.noblogs.org\/index.php?rest_route=\/wp\/v2\/posts\/8992\/revisions"}],"predecessor-version":[{"id":8993,"href":"https:\/\/fa86.noblogs.org\/index.php?rest_route=\/wp\/v2\/posts\/8992\/revisions\/8993"}],"wp:attachment":[{"href":"https:\/\/fa86.noblogs.org\/index.php?rest_route=%2Fwp%2Fv2%2Fmedia&parent=8992"}],"wp:term":[{"taxonomy":"category","embeddable":true,"href":"https:\/\/fa86.noblogs.org\/index.php?rest_route=%2Fwp%2Fv2%2Fcategories&post=8992"},{"taxonomy":"post_tag","embeddable":true,"href":"https:\/\/fa86.noblogs.org\/index.php?rest_route=%2Fwp%2Fv2%2Ftags&post=8992"}],"curies":[{"name":"wp","href":"https:\/\/api.w.org\/{rel}","templated":true}]}}