{"id":9018,"date":"2013-05-23T09:26:52","date_gmt":"2013-05-23T07:26:52","guid":{"rendered":"http:\/\/fa86.noblogs.org\/?p=9018"},"modified":"2013-05-23T09:26:52","modified_gmt":"2013-05-23T07:26:52","slug":"naintre-86-imprimerie-rotomega-patrons-engraisses-salarie-e-s-jete-e-s","status":"publish","type":"post","link":"https:\/\/fa86.noblogs.org\/?p=9018","title":{"rendered":"[Naintr\u00e9 &#8211; 86] Imprimerie Rotom\u00e9ga : patrons engraiss\u00e9s, salari\u00e9-e-s jet\u00e9-e-s"},"content":{"rendered":"<p style=\"text-align: justify\"><a href=\"http:\/\/www.lanouvellerepublique.fr\/Vienne\/Actualite\/Economie-social\/n\/Contenus\/Articles\/2013\/05\/23\/Fermeture-d-une-imprimerie-vingt-cinq-salaries-sur-le-carreau-1476096\" target=\"_blank\"><strong>Fermeture d&rsquo;une imprimerie : vingt-cinq salari\u00e9s sur le carreau<\/strong><\/a><\/p>\n<p id=\"articleChapo\" style=\"text-align: justify\">Naintr\u00e9. Il y a un an, des Hollandais ont rachet\u00e9 l\u2019imprimerie Rotom\u00e9ga du groupe M\u00e9gastar. Aujourd\u2019hui, ils veulent la fermer. Col\u00e8re des salari\u00e9s.<\/p>\n<p style=\"text-align: justify\">Apr\u00e8s 18 ans d&rsquo;existence \u00e0 Naintr\u00e9, Rotom\u00e9ga risque, d&rsquo;ici un an, de ne plus faire g\u00e9mir ses presses. C&rsquo;est en tout cas l&rsquo;annonce brutale qui a \u00e9t\u00e9 faite jeudi dernier aux repr\u00e9sentants du personnel lors d&rsquo;un comit\u00e9 d&rsquo;\u00e9tablissement (CE) extraordinaire.<i> \u00ab Le directeur g\u00e9n\u00e9ral nous a dit de but en blanc que l&rsquo;imprimerie allait fermer fin mars 2014. On met \u00e0 la porte 25 salari\u00e9s. On accuse le coup. Depuis, on fait des d\u00e9brayages \u00bb<\/i>, r\u00e9sume Manuel Da Silva, d\u00e9l\u00e9gu\u00e9 syndical CGT.<\/p>\n<div id=\"text\" style=\"text-align: justify\">\n<p><b>\u00ab\u00a0\u2009Ils veulent fermer alors qu&rsquo;on d\u00e9gage des b\u00e9n\u00e9fices\u2009!\u2009\u00a0\u00bb<\/b><\/p>\n<p>L&rsquo;annonce de cette fermeture programm\u00e9e est une aberration pour le personnel de cette imprimerie qui, selon le repr\u00e9sentant syndical, a pourtant un carnet de commandes rempli et d\u00e9gage m\u00eame des b\u00e9n\u00e9fices\u2009: <i>\u00ab On nous dit que Rotom\u00e9ga, c&rsquo;est un boulet, que c&rsquo;est une entreprise qui perd de l&rsquo;argent et qui met en p\u00e9ril M\u00e9gastar, alors on ferme. Mais c&rsquo;est faux\u2009! M\u00e9gastar et Rotom\u00e9ga sont en positif. On d\u00e9gage des b\u00e9n\u00e9fices. Des primes de participation au b\u00e9n\u00e9fice ont d&rsquo;ailleurs \u00e9t\u00e9 vers\u00e9es aux 120 salari\u00e9s des deux entit\u00e9s M\u00e9gatsar et Rotom\u00e9ga\u2009: 2.000\u2009\u20ac en 2011 et 2.500 en 2012. Et on a du boulot. L&rsquo;an dernier, on a ex\u00e9cut\u00e9 pas loin de 250 heures suppl\u00e9mentaires. C&rsquo;est \u00e0 n&rsquo;y plus rien comprendre\u2009! \u00bb <\/i> Cette annonce intervient surtout moins d&rsquo;un an et demi apr\u00e8s le rachat (janvier 2012) des \u00e9ditions M\u00e9gastar (100 salari\u00e9s) et de l&rsquo;imprimerie Rotom\u00e9ga (25 salari\u00e9s), sur le m\u00eame site \u00e0 Naintr\u00e9, par le groupe hollandais de presse Telegraaf Media Group, via sa filiale Keesing France.<\/p>\n<p><b>\u00ab\u00a0\u2009On est pr\u00eat \u00e0 faire des op\u00e9rations coup de poing\u2009\u00a0\u00bb<\/b><\/p>\n<p>L&rsquo;avenir de l&rsquo;imprimerie semble d\u00e9sormais s&rsquo;\u00e9crire en pointill\u00e9 mais les salari\u00e9s r\u00e9sistent.<i> \u00ab Nous, on n&rsquo;est pas sur les n\u00e9gociations de d\u00e9part mais sur d&rsquo;autres solutions de recherche d&rsquo;investissements, pour renouveler le mat\u00e9riel par exemple, <\/i>a<i> <\/i>martel\u00e9 Manuel Da Silva, hier apr\u00e8s-midi, au CE extraordinaire (*).<i> On est dans une d\u00e9marche de sauvegarde de l&#8217;emploi et du maintien de la production sur le site. \u00bb<\/i> La fermeture d\u00e9finitive annonc\u00e9e de l&rsquo;imprimerie ne saurait \u00eatre, pour les salari\u00e9s, l&rsquo;\u00e9pilogue de ce conflit social. Pas question de tourner la page Rotom\u00e9ga.<i> \u00ab On est pr\u00eat \u00e0 bouger pour des op\u00e9rations coups-de-poing. \u00bb<\/i><\/p>\n<p><b>Aujourd&rsquo;hui, nouveau CE avec la pr\u00e9sentation du cabinet Cursus Consulting Group mandat\u00e9 par le groupe Hollandais dans le cadre du PSE.<\/b><\/p>\n<p><i>(*) Nous avons sollicit\u00e9 une r\u00e9action de la direction. En vain. <\/i><\/p>\n<p>il a dit<\/p>\n<p><b>\u00a0\u00bb Tout est imprim\u00e9 en Roumanie \u00ab\u00a0<\/b><\/p>\n<p><i>\u00ab Le groupe qui nous a rachet\u00e9s fait tout imprimer en Roumanie. On \u00e9tait les derniers du groupe en France. Ils nous ont d&rsquo;ailleurs d\u00e9j\u00e0 enlev\u00e9 des titres espagnols et Allemands pour les faire imprimer en Roumanie. Et c&rsquo;est facile de mettre la soci\u00e9t\u00e9 dans le rouge. On impose \u00e0 Rotom\u00e9ga de pratiquer les m\u00eames tarifs d&rsquo;impression que la Roumanie \u00bb,<\/i> fulmine le d\u00e9l\u00e9gu\u00e9 CGT. <i>\u00ab On a \u00e9t\u00e9 achet\u00e9 par d\u00e9faut. Ce qui int\u00e9ressait les Hollandais, c&rsquo;est le titre M\u00e9gastar, premi\u00e8re marque europ\u00e9enne de magazine de jeux. On \u00e9tait les premiers et on a \u00e9t\u00e9 rachet\u00e9 par les seconds. \u00bb<\/i><\/p>\n<p>la phrase<\/p>\n<p><b>\u00a0\u00bb Il n&rsquo;y aura pas de licenciements chez Rotom\u00e9ga \u00ab\u00a0<\/b><\/p>\n<p><b>Chrisitian Michaud, maire de Naintr\u00e9<\/b>, estime que <i>\u00ab l&rsquo;annonce d&rsquo;une cessation d&rsquo;activit\u00e9 de l&rsquo;entreprise Rotom\u00e9ga, propri\u00e9t\u00e9 du groupe Keesing, \u00e9galement propri\u00e9taire de M\u00e9gastar, est une d\u00e9cision inacceptable. \u00bb <\/i>Il <i>\u00ab s&rsquo;engage \u00e0 entamer tous les dialogues pour conserver toute l&rsquo;activit\u00e9 de cette entreprise. \u00bb <\/i>Et de conclure\u2009:<i> \u00ab Celle-ci est en effet b\u00e9n\u00e9ficiaire et emploie 25 personnes sp\u00e9cialis\u00e9es. Les seuls motifs financiers \u00e0 court terme ne peuvent motiver la privation d&rsquo;un outil de travail aux acteurs locaux et salari\u00e9s et \u00e0 la production de richesse locale. \u00bb<\/i><\/p>\n<p><em>Denys Fr\u00e9tier, Nouvelle R\u00e9publique, 23 mai 2013<\/em><\/p>\n<\/div>\n","protected":false},"excerpt":{"rendered":"<p>Fermeture d&rsquo;une imprimerie : vingt-cinq salari\u00e9s sur le carreau Naintr\u00e9. Il y a un an, des Hollandais ont rachet\u00e9 l\u2019imprimerie Rotom\u00e9ga du groupe M\u00e9gastar. Aujourd\u2019hui, ils veulent la fermer. Col\u00e8re des salari\u00e9s. Apr\u00e8s 18 ans d&rsquo;existence \u00e0 Naintr\u00e9, Rotom\u00e9ga risque, d&rsquo;ici un an, de ne plus faire g\u00e9mir ses presses. C&rsquo;est en tout cas l&rsquo;annonce &hellip; <a href=\"https:\/\/fa86.noblogs.org\/?p=9018\" class=\"more-link\">Continuer la lecture de <span class=\"screen-reader-text\">[Naintr\u00e9 &#8211; 86] Imprimerie Rotom\u00e9ga : patrons engraiss\u00e9s, salari\u00e9-e-s jet\u00e9-e-s<\/span> <span class=\"meta-nav\">&rarr;<\/span><\/a><\/p>\n","protected":false},"author":2691,"featured_media":0,"comment_status":"open","ping_status":"open","sticky":false,"template":"","format":"standard","meta":{"footnotes":""},"categories":[9,22],"tags":[],"class_list":["post-9018","post","type-post","status-publish","format-standard","hentry","category-la-rue-grogne","category-le-travail-tue"],"_links":{"self":[{"href":"https:\/\/fa86.noblogs.org\/index.php?rest_route=\/wp\/v2\/posts\/9018","targetHints":{"allow":["GET"]}}],"collection":[{"href":"https:\/\/fa86.noblogs.org\/index.php?rest_route=\/wp\/v2\/posts"}],"about":[{"href":"https:\/\/fa86.noblogs.org\/index.php?rest_route=\/wp\/v2\/types\/post"}],"author":[{"embeddable":true,"href":"https:\/\/fa86.noblogs.org\/index.php?rest_route=\/wp\/v2\/users\/2691"}],"replies":[{"embeddable":true,"href":"https:\/\/fa86.noblogs.org\/index.php?rest_route=%2Fwp%2Fv2%2Fcomments&post=9018"}],"version-history":[{"count":2,"href":"https:\/\/fa86.noblogs.org\/index.php?rest_route=\/wp\/v2\/posts\/9018\/revisions"}],"predecessor-version":[{"id":9020,"href":"https:\/\/fa86.noblogs.org\/index.php?rest_route=\/wp\/v2\/posts\/9018\/revisions\/9020"}],"wp:attachment":[{"href":"https:\/\/fa86.noblogs.org\/index.php?rest_route=%2Fwp%2Fv2%2Fmedia&parent=9018"}],"wp:term":[{"taxonomy":"category","embeddable":true,"href":"https:\/\/fa86.noblogs.org\/index.php?rest_route=%2Fwp%2Fv2%2Fcategories&post=9018"},{"taxonomy":"post_tag","embeddable":true,"href":"https:\/\/fa86.noblogs.org\/index.php?rest_route=%2Fwp%2Fv2%2Ftags&post=9018"}],"curies":[{"name":"wp","href":"https:\/\/api.w.org\/{rel}","templated":true}]}}