{"id":9022,"date":"2013-05-23T18:56:29","date_gmt":"2013-05-23T16:56:29","guid":{"rendered":"http:\/\/fa86.noblogs.org\/?p=9022"},"modified":"2013-05-24T08:57:25","modified_gmt":"2013-05-24T06:57:25","slug":"civaux-86-nouvelle-charge-de-lasn-sur-la-gestion-de-la-centrale-de-civaux","status":"publish","type":"post","link":"https:\/\/fa86.noblogs.org\/?p=9022","title":{"rendered":"[Civaux &#8211; 86] Nouvelle charge de l&rsquo;ASN sur la gestion de la centrale de Civaux"},"content":{"rendered":"<p style=\"text-align: justify\"><em><strong>NdPN<\/strong> : pourtant peu habitu\u00e9e \u00e0 mettre en garde EDF, l&rsquo;Autorit\u00e9 de S\u00fbret\u00e9 Nucl\u00e9aire vient de renouveler sa charge contre la gestion pour le moins\u00a0inqui\u00e9tante de la centrale de Civaux (<a href=\"https:\/\/fa86.noblogs.org\/?p=8720\" target=\"_blank\">voir ici un pr\u00e9c\u00e9dent article<\/a>). Arr\u00eat imm\u00e9diat du nucl\u00e9aire !<\/em><\/p>\n<p style=\"text-align: justify\"><a href=\"http:\/\/www.lanouvellerepublique.fr\/Vienne\/Actualite\/24-Heures\/n\/Contenus\/Articles\/2013\/05\/23\/La-centrale-de-Civaux-placee-sous-surveillance-1476871\" target=\"_blank\"><strong>La centrale de Civaux plac\u00e9e sous surveillance<\/strong><\/a><\/p>\n<p id=\"articleChapo\" style=\"text-align: justify\">L&rsquo;Autorit\u00e9 de s\u00fbret\u00e9 nucl\u00e9aire d\u00e9nonce \u00ab\u00a0une tol\u00e9rance trop grande pour les \u00e9carts constat\u00e9s avec les normes en vigueur\u00a0\u00bb \u00e0 la centrale nucl\u00e9aire de Civaux.<\/p>\n<p style=\"text-align: justify\">L&rsquo;Autorit\u00e9 de s\u00fbret\u00e9 nucl\u00e9aire a annonc\u00e9 ce matin au cours d&rsquo;une conf\u00e9rence de presse organis\u00e9e \u00e0 Bordeaux qu&rsquo;elle surveillait avec <b>une vigilance accrue la centrale nucl\u00e9aire de Civaux<\/b> o\u00f9 de nombreux incidents de s\u00e9curit\u00e9 ont \u00e9t\u00e9 observ\u00e9es l&rsquo;an dernier.<\/p>\n<div id=\"text\" style=\"text-align: justify\">\n<p>\u00ab\u00a0Cette souplesse n&rsquo;a pas eu de cons\u00e9quence sur la s\u00e9curit\u00e9 du public et se traduit par une mauvaise application des proc\u00e9dures ou une tol\u00e9rance trop grande pour les <b>\u00e9carts constat\u00e9s avec les normes en vigueur<\/b> \u00ab\u00a0, a d\u00e9clar\u00e9 \u00e0 l&rsquo;Agence France Presse Anne-C\u00e9cile Rigail, responsable de l&rsquo;ASN dans le Sud Ouest (Midi-Pyr\u00e9n\u00e9es, Aquitaine et Poitou-Charentes).<\/p>\n<p>\u00ab\u00a0Mais depuis des ann\u00e9es, l&rsquo;ASN, autorit\u00e9 administrative ind\u00e9pendante dont une des missions est de contr\u00f4ler les centrales, a dit \u00e0 EDF que le niveau de culture et de rigueur des personnels nous paraissait insuffisant\u00a0\u00bb, a-t-elle ajout\u00e9. \u00ab\u00a0Le fait est qu&rsquo;\u00e0 Civaux, il y a culturellement, parfois, <b>une certaine souplesse avec l&rsquo;application des r\u00e8gles qui n&rsquo;est pas acceptable pour un exploitant nucl\u00e9aire<\/b>.\u00a0\u00bb<\/p>\n<p>Anne-C\u00e9cile Rigail a cit\u00e9 en exemple <b>la fuite de tritium dans la zone de stockage des effluents radioactifs qui avait pollu\u00e9 les eaux souterraines de Civaux en janvier 2012<\/b>. L&rsquo;ASN avait alors pris la d\u00e9cision relativement rare de sommer EDF de mettre ses installations en conformit\u00e9 en informant la justice de l&rsquo;incident.<\/p>\n<p>\u00ab\u00a0Mais l&rsquo;ASN entend veiller \u00e0 ce que les incidents de Civaux n&rsquo;aient pas d&rsquo;autres cons\u00e9quences\u00a0\u00bb, a ajout\u00e9 la responsable.<\/p>\n<p>Le <b>rapport annuel sur la s\u00fbret\u00e9 nucl\u00e9aire et la radioprotection en France<\/b> pour l&rsquo;ann\u00e9e 2012 qui a \u00e9t\u00e9 publi\u00e9 le mois dernier pointait d\u00e9j\u00e0 du doigt le site poitevin qui figure dans la liste des <b>quatre mauvais \u00e9l\u00e8ves en mati\u00e8re de s\u00fbret\u00e9 nucl\u00e9aire<\/b> (avec celui de Chinon, en Touraine). L&rsquo;ASN \u00e9crivait alors que le site devait\u00a0 \u00ab <i>assurer un suivi plus rigoureux des mat\u00e9riels qui contribuent \u00e0 la protection et \u00e0 la surveillance de l&rsquo;environnement <\/i>\u00bb.<\/p>\n<p>Sollicit\u00e9e par la r\u00e9daction, la direction de la centrale de Civaux n&rsquo;a pour le moment pas r\u00e9agi aux propos de la chef de division de l&rsquo;ASN.<\/p>\n<p><em>lanouvellerepublique.fr, 23 mai 2013<\/em><\/p>\n<p><strong>Mise \u00e0 jour<\/strong> : nouvel article de la NR <a href=\"http:\/\/www.lanouvellerepublique.fr\/Vienne\/Actualite\/Environnement\/n\/Contenus\/Articles\/2013\/05\/24\/Manque-de-rigueur-a-la-centrale-de-Civaux-1477443\" target=\"_blank\"><strong>ici<\/strong><\/a>, aujourd&rsquo;hui 24 mai. Le directeur de la centrale fait tr\u00e8s fort avec <a href=\"http:\/\/www.lanouvellerepublique.fr\/Vienne\/Actualite\/24-Heures\/n\/Contenus\/Articles\/2013\/05\/24\/Louis-Bellegarde-Je-le-prends-comme-un-encouragement-fort-1477576\" target=\"_blank\"><strong>une r\u00e9ponse au ton autosatisfait<\/strong><\/a>.<\/p>\n<\/div>\n","protected":false},"excerpt":{"rendered":"<p>NdPN : pourtant peu habitu\u00e9e \u00e0 mettre en garde EDF, l&rsquo;Autorit\u00e9 de S\u00fbret\u00e9 Nucl\u00e9aire vient de renouveler sa charge contre la gestion pour le moins\u00a0inqui\u00e9tante de la centrale de Civaux (voir ici un pr\u00e9c\u00e9dent article). Arr\u00eat imm\u00e9diat du nucl\u00e9aire ! La centrale de Civaux plac\u00e9e sous surveillance L&rsquo;Autorit\u00e9 de s\u00fbret\u00e9 nucl\u00e9aire d\u00e9nonce \u00ab\u00a0une tol\u00e9rance trop &hellip; <a href=\"https:\/\/fa86.noblogs.org\/?p=9022\" class=\"more-link\">Continuer la lecture de <span class=\"screen-reader-text\">[Civaux &#8211; 86] Nouvelle charge de l&rsquo;ASN sur la gestion de la centrale de Civaux<\/span> <span class=\"meta-nav\">&rarr;<\/span><\/a><\/p>\n","protected":false},"author":2691,"featured_media":0,"comment_status":"open","ping_status":"open","sticky":false,"template":"","format":"standard","meta":{"footnotes":""},"categories":[25],"tags":[],"class_list":["post-9022","post","type-post","status-publish","format-standard","hentry","category-antinucleaire"],"_links":{"self":[{"href":"https:\/\/fa86.noblogs.org\/index.php?rest_route=\/wp\/v2\/posts\/9022","targetHints":{"allow":["GET"]}}],"collection":[{"href":"https:\/\/fa86.noblogs.org\/index.php?rest_route=\/wp\/v2\/posts"}],"about":[{"href":"https:\/\/fa86.noblogs.org\/index.php?rest_route=\/wp\/v2\/types\/post"}],"author":[{"embeddable":true,"href":"https:\/\/fa86.noblogs.org\/index.php?rest_route=\/wp\/v2\/users\/2691"}],"replies":[{"embeddable":true,"href":"https:\/\/fa86.noblogs.org\/index.php?rest_route=%2Fwp%2Fv2%2Fcomments&post=9022"}],"version-history":[{"count":3,"href":"https:\/\/fa86.noblogs.org\/index.php?rest_route=\/wp\/v2\/posts\/9022\/revisions"}],"predecessor-version":[{"id":9027,"href":"https:\/\/fa86.noblogs.org\/index.php?rest_route=\/wp\/v2\/posts\/9022\/revisions\/9027"}],"wp:attachment":[{"href":"https:\/\/fa86.noblogs.org\/index.php?rest_route=%2Fwp%2Fv2%2Fmedia&parent=9022"}],"wp:term":[{"taxonomy":"category","embeddable":true,"href":"https:\/\/fa86.noblogs.org\/index.php?rest_route=%2Fwp%2Fv2%2Fcategories&post=9022"},{"taxonomy":"post_tag","embeddable":true,"href":"https:\/\/fa86.noblogs.org\/index.php?rest_route=%2Fwp%2Fv2%2Ftags&post=9022"}],"curies":[{"name":"wp","href":"https:\/\/api.w.org\/{rel}","templated":true}]}}