{"id":9029,"date":"2013-05-24T09:12:42","date_gmt":"2013-05-24T07:12:42","guid":{"rendered":"http:\/\/fa86.noblogs.org\/?p=9029"},"modified":"2013-05-24T09:12:42","modified_gmt":"2013-05-24T07:12:42","slug":"poitiers-vie-sociale-nocturne-a-minima","status":"publish","type":"post","link":"https:\/\/fa86.noblogs.org\/?p=9029","title":{"rendered":"[Poitiers] Vie sociale nocturne a minima"},"content":{"rendered":"<p style=\"text-align: justify\"><em><strong>NdPN<\/strong> : Poitiers by night ville morte ? Cette protestation du g\u00e9rant de l&rsquo;A minima caf\u00e9 de Poitiers t\u00e9moigne plus largement d&rsquo;un ras-le-bol contre la\u00a0politique municipale imposant, depuis d\u00e9j\u00e0 plusieurs ann\u00e9es et en accord avec la pr\u00e9fecture, un v\u00e9ritable couvre-feu sur la vie nocturne. Laisserons-nous la ville enti\u00e8re devenir un cimeti\u00e8re de vie sociale, \u00e0 l&rsquo;image de la rue Carnot ou de la Place d&rsquo;Armes ?<\/em><\/p>\n<p style=\"text-align: justify\"><a href=\"http:\/\/www.lanouvellerepublique.fr\/Vienne\/Actualite\/24-Heures\/n\/Contenus\/Articles\/2013\/05\/24\/Agacement-maximum-pour-le-patron-de-bar-1477444\" target=\"_blank\"><strong>Agacement maximum pour le patron de bar<\/strong><\/a><\/p>\n<p id=\"articleChapo\" style=\"text-align: justify\"><em>Dans sa lettre ouverte, Guillaume Lagandr\u00e9 questionne le maire de Poitiers de fa\u00e7on sarcastique sur l&rsquo;existence m\u00eame des bars lors de la prochaine mandature.<\/em><\/p>\n<p style=\"text-align: justify\">Grand-rue, le patron de bar n\u2019a pas appr\u00e9ci\u00e9 les remarques faites lors d\u2019un contr\u00f4le de police et a tenu \u00e0 le faire savoir au maire dans une lettre ouverte.<a href=\"http:\/\/memorix.sdv.fr\/5c\/www.lanouvellerepublique.fr\/actualite\/24-heures_articles\/86\/poitiers\/86194\/1431467992\/Position1\/default\/empty.gif\/5575556e55564766445a674142774b75\" target=\"_blank\"><img loading=\"lazy\" decoding=\"async\" alt=\"\" src=\"http:\/\/memorix.sdv.fr\/0\/default\/empty.gif\" width=\"1\" height=\"1\" border=\"0\" \/><\/a><\/p>\n<div id=\"text\" style=\"text-align: justify\">\n<p>Visiblement, Guillaume Lagandr\u00e9 est remont\u00e9. Un maximum. \u00ab A donf \u00bb comme diraient les \u00e9tudiants qui composent la majeure partie de sa client\u00e8le. Il est le patron, depuis quatre ans et demi, du bar A minima Caf\u00e9, situ\u00e9 derri\u00e8re la belle fa\u00e7ade historique du 17<sup>e<\/sup> de l&rsquo;h\u00f4tel du Grand Prieur\u00e9 d&rsquo;Aquitaine au 159 de la Grand-rue.<\/p>\n<p>Membre de la commission municipale de la vie nocturne cr\u00e9\u00e9e en 2010 autour de Jean-Claude Bonnefon, conseiller municipal d\u00e9l\u00e9gu\u00e9 \u00e0 la tranquillit\u00e9 publique, Guillaume Lagandr\u00e9 a saisi sa plume pour envoyer une lettre ouverte (consultable sur la page Facebook de l&rsquo;\u00e9tablissement) \u00e0 Alain Claeys, maire de la ville. Une lettre qui fait suite \u00e0 la visite d&rsquo;un policier dans la nuit de vendredi \u00e0 samedi dernier.<\/p>\n<p><b>\u00a0\u00bb L&rsquo;ambiance \u00e9tait bon enfant \u00ab\u00a0<\/b><\/p>\n<p>Se voir reprocher la quarantaine de personnes stationnant devant le bar et signifier une convocation ult\u00e9rieure pour \u00ab tapage \u00bb \u00e9tonne Guillaume Lagandr\u00e9. <i>\u00ab Alors que<\/i> <i>personne n&rsquo;est en \u00e9tat d&rsquo;ivresse manifeste, personne ne tient de verre \u00e0 la main, personne ne se bat, l&rsquo;ambiance est bon enfant \u00bb<\/i>, pr\u00e9cise-t-il dans sa lettre ouverte. Il y fait part de son \u00e9tonnement quand son interlocuteur lui reproche de ne pas avoir d&rsquo;autorit\u00e9 sur l&rsquo;attroupement situ\u00e9 devant son \u00e9tablissement tout en le mena\u00e7ant de sanction. <i>\u00ab Un cafetier n&rsquo;est en rien d\u00e9tenteur de l&rsquo;autorit\u00e9 publique \u00bb<\/i>, explique le commer\u00e7ant qui devient visiblement agac\u00e9 quand il \u00e9voque son interlocuteur remettre finalement en cause dans leur entrevue l&rsquo;existence m\u00eame des lieux de vie nocturne\u2009: <i>\u00ab Si ce bar n&rsquo;existait pas, il n&rsquo;y aurait eu personne devant. \u00bb<\/i> Jean-Claude Bonnefon, qui a pris connaissance de la lettre ouverte, relativise l&rsquo;\u00e9v\u00e8nement\u2009 et entend calmer le jeu en assurant qu&rsquo; <i>\u00ab il y a fort longtemps que l&rsquo; \u00e9tablissement n&rsquo;a pas fait parler de lui. \u00bb<\/i> Et de poursuivre : <i>\u00ab \u00ab\u00a0\u2009Il s&rsquo;agit d&rsquo;un contr\u00f4le ordinaire\u2009\u00a0\u00bb, m&rsquo;a-t-on dit au commissariat, dans le cadre d&rsquo;une rue sensible qu&rsquo;est la Grand-rue. \u00bb<\/i><\/p>\n<p><em>Dominique Bordier, Nouvelle R\u00e9publique, 24 mai 2013<\/em><\/p>\n<\/div>\n","protected":false},"excerpt":{"rendered":"<p>NdPN : Poitiers by night ville morte ? Cette protestation du g\u00e9rant de l&rsquo;A minima caf\u00e9 de Poitiers t\u00e9moigne plus largement d&rsquo;un ras-le-bol contre la\u00a0politique municipale imposant, depuis d\u00e9j\u00e0 plusieurs ann\u00e9es et en accord avec la pr\u00e9fecture, un v\u00e9ritable couvre-feu sur la vie nocturne. Laisserons-nous la ville enti\u00e8re devenir un cimeti\u00e8re de vie sociale, \u00e0 &hellip; <a href=\"https:\/\/fa86.noblogs.org\/?p=9029\" class=\"more-link\">Continuer la lecture de <span class=\"screen-reader-text\">[Poitiers] Vie sociale nocturne a minima<\/span> <span class=\"meta-nav\">&rarr;<\/span><\/a><\/p>\n","protected":false},"author":2691,"featured_media":0,"comment_status":"open","ping_status":"open","sticky":false,"template":"","format":"standard","meta":{"footnotes":""},"categories":[26,16],"tags":[],"class_list":["post-9029","post","type-post","status-publish","format-standard","hentry","category-construction-du-desert","category-repression"],"_links":{"self":[{"href":"https:\/\/fa86.noblogs.org\/index.php?rest_route=\/wp\/v2\/posts\/9029","targetHints":{"allow":["GET"]}}],"collection":[{"href":"https:\/\/fa86.noblogs.org\/index.php?rest_route=\/wp\/v2\/posts"}],"about":[{"href":"https:\/\/fa86.noblogs.org\/index.php?rest_route=\/wp\/v2\/types\/post"}],"author":[{"embeddable":true,"href":"https:\/\/fa86.noblogs.org\/index.php?rest_route=\/wp\/v2\/users\/2691"}],"replies":[{"embeddable":true,"href":"https:\/\/fa86.noblogs.org\/index.php?rest_route=%2Fwp%2Fv2%2Fcomments&post=9029"}],"version-history":[{"count":1,"href":"https:\/\/fa86.noblogs.org\/index.php?rest_route=\/wp\/v2\/posts\/9029\/revisions"}],"predecessor-version":[{"id":9030,"href":"https:\/\/fa86.noblogs.org\/index.php?rest_route=\/wp\/v2\/posts\/9029\/revisions\/9030"}],"wp:attachment":[{"href":"https:\/\/fa86.noblogs.org\/index.php?rest_route=%2Fwp%2Fv2%2Fmedia&parent=9029"}],"wp:term":[{"taxonomy":"category","embeddable":true,"href":"https:\/\/fa86.noblogs.org\/index.php?rest_route=%2Fwp%2Fv2%2Fcategories&post=9029"},{"taxonomy":"post_tag","embeddable":true,"href":"https:\/\/fa86.noblogs.org\/index.php?rest_route=%2Fwp%2Fv2%2Ftags&post=9029"}],"curies":[{"name":"wp","href":"https:\/\/api.w.org\/{rel}","templated":true}]}}