{"id":9031,"date":"2013-05-24T09:47:55","date_gmt":"2013-05-24T07:47:55","guid":{"rendered":"http:\/\/fa86.noblogs.org\/?p=9031"},"modified":"2013-05-26T12:44:45","modified_gmt":"2013-05-26T10:44:45","slug":"poitiers-homophobes-sexistes-hors-de-nos-villes-hors-de-nos-vies","status":"publish","type":"post","link":"https:\/\/fa86.noblogs.org\/?p=9031","title":{"rendered":"[Poitiers] Homophobes-sexistes hors de nos villes hors de nos vies"},"content":{"rendered":"<p style=\"text-align: justify\">Mercredi 22 mai, les \u00ab\u00a0veilleurs pour la famille\u00a0\u00bb se sont \u00e0 nouveau rassembl\u00e9-e-s \u00e0 une petite centaine de personnes sur les marches du palais de justice, de 21h \u00e0 23h, pour tenter d&rsquo;imposer leur discours moisi et homophobe contre l&rsquo;\u00e9galit\u00e9 des droits.\u00a0Malgr\u00e9 l&rsquo;adoption de la loi pour le mariage pour tous et la filiation pour les couples homoparentaux, les milieux r\u00e9acs manifestent de toute \u00e9vidence leur volont\u00e9 de garder contact pour diffuser leur discours naus\u00e9abond. Nous avons ainsi constat\u00e9 dans leurs rangs la pr\u00e9sence importante de cathos int\u00e9gristes (les m\u00eames qui prient contre le droit \u00e0 l&rsquo;IVG) et de partisans d&rsquo;extr\u00eame-droite. Pour ne pas tomber sous le coup de la loi contre la\u00a0pri\u00e8re de rue -malgr\u00e9 leurs petits cierges et leurs\u00a0discours religieux- les r\u00e9acs\u00a0se sont content\u00e9-e-s d&rsquo;\u00e2nonner quelques\u00a0chants. Ces anti-mariage homo, ennemi-e-s de l&rsquo;\u00e9galit\u00e9 et de la libert\u00e9,\u00a0ont m\u00eame eu le culot de chanter \u00e0 plusieurs reprises des chansons en faveur de la libert\u00e9, ou plus dr\u00f4le encore, le chant des partisans. Leurs r\u00e9cup\u00e9rations \u00e9hont\u00e9es ne se fixent d\u00e9cid\u00e9ment aucune borne.<\/p>\n<p style=\"text-align: justify\">Ces anti-mariage homo, craignant les contre-rassemblements,\u00a0s&rsquo;\u00e9taient donc donn\u00e9s rendez-vous en secret. Des personnes pour l&rsquo;\u00e9galit\u00e9 des droits ont n\u00e9anmoins pu obtenir l&rsquo;information et annoncer l&rsquo;\u00e9v\u00e9nement. Le bouche-\u00e0-oreille a ainsi permis, le soir m\u00eame, \u00e0 un certain nombre de gens de s&rsquo;organiser rapidement pour un contre-rassemblement.<\/p>\n<p style=\"text-align: justify\">La derni\u00e8re fois, <a href=\"https:\/\/fa86.noblogs.org\/?p=8885\" target=\"_blank\">un militant syndical qui protestait contre cette pri\u00e8re de rue masqu\u00e9e s&rsquo;\u00e9tait fait embarquer par les flics<\/a>. Cette fois-ci, les antifascistes s&rsquo;\u00e9taient organis\u00e9-e-s pour rester bien group\u00e9-e-s. Apr\u00e8s avoir d\u00e9ploy\u00e9 un drap pour masquer le groupe des r\u00e9acs, ils et elles ont entonn\u00e9 plusieurs chansons r\u00e9volutionnaires et anticl\u00e9ricales, accompagn\u00e9-e-s par un joueur de guitare aux accords bien p\u00eachus, et sont rest\u00e9-e-s dans la rue jusqu&rsquo;\u00e0 la fin du rassemblement sexiste et homophobe. De nombreux-euses passant-e-s se sont associ\u00e9-e-s aux partisan-e-s de l&rsquo;\u00e9galit\u00e9 des droits, dans une ambiance festive, contrastant manifestement avec l&rsquo;ambiance triste et aust\u00e8re des r\u00e9acs.<\/p>\n<p style=\"text-align: justify\">Cathos int\u00e9gristes, fachos, homophobes, nous serons toujours l\u00e0, la rue ne vous appartient pas !<\/p>\n<p style=\"text-align: justify\"><a href=\"https:\/\/fa86.noblogs.org\/files\/2013\/05\/stop.jpg\"><img loading=\"lazy\" decoding=\"async\" class=\"alignnone size-full wp-image-9032\" alt=\"stop\" src=\"https:\/\/fa86.noblogs.org\/files\/2013\/05\/stop.jpg\" width=\"400\" height=\"488\" srcset=\"https:\/\/fa86.noblogs.org\/files\/2013\/05\/stop.jpg 400w, https:\/\/fa86.noblogs.org\/files\/2013\/05\/stop-245x300.jpg 245w\" sizes=\"auto, (max-width: 400px) 100vw, 400px\" \/><\/a><\/p>\n<p style=\"text-align: justify\"><em>Pavillon Noir, 24 mai 2013<\/em><\/p>\n","protected":false},"excerpt":{"rendered":"<p>Mercredi 22 mai, les \u00ab\u00a0veilleurs pour la famille\u00a0\u00bb se sont \u00e0 nouveau rassembl\u00e9-e-s \u00e0 une petite centaine de personnes sur les marches du palais de justice, de 21h \u00e0 23h, pour tenter d&rsquo;imposer leur discours moisi et homophobe contre l&rsquo;\u00e9galit\u00e9 des droits.\u00a0Malgr\u00e9 l&rsquo;adoption de la loi pour le mariage pour tous et la filiation pour &hellip; <a href=\"https:\/\/fa86.noblogs.org\/?p=9031\" class=\"more-link\">Continuer la lecture de <span class=\"screen-reader-text\">[Poitiers] Homophobes-sexistes hors de nos villes hors de nos vies<\/span> <span class=\"meta-nav\">&rarr;<\/span><\/a><\/p>\n","protected":false},"author":2691,"featured_media":0,"comment_status":"open","ping_status":"open","sticky":false,"template":"","format":"standard","meta":{"footnotes":""},"categories":[8,12,6,14],"tags":[],"class_list":["post-9031","post","type-post","status-publish","format-standard","hentry","category-ecrits","category-okupa-y-resiste","category-paf-le-faf","category-questions-de-genres"],"_links":{"self":[{"href":"https:\/\/fa86.noblogs.org\/index.php?rest_route=\/wp\/v2\/posts\/9031","targetHints":{"allow":["GET"]}}],"collection":[{"href":"https:\/\/fa86.noblogs.org\/index.php?rest_route=\/wp\/v2\/posts"}],"about":[{"href":"https:\/\/fa86.noblogs.org\/index.php?rest_route=\/wp\/v2\/types\/post"}],"author":[{"embeddable":true,"href":"https:\/\/fa86.noblogs.org\/index.php?rest_route=\/wp\/v2\/users\/2691"}],"replies":[{"embeddable":true,"href":"https:\/\/fa86.noblogs.org\/index.php?rest_route=%2Fwp%2Fv2%2Fcomments&post=9031"}],"version-history":[{"count":7,"href":"https:\/\/fa86.noblogs.org\/index.php?rest_route=\/wp\/v2\/posts\/9031\/revisions"}],"predecessor-version":[{"id":9034,"href":"https:\/\/fa86.noblogs.org\/index.php?rest_route=\/wp\/v2\/posts\/9031\/revisions\/9034"}],"wp:attachment":[{"href":"https:\/\/fa86.noblogs.org\/index.php?rest_route=%2Fwp%2Fv2%2Fmedia&parent=9031"}],"wp:term":[{"taxonomy":"category","embeddable":true,"href":"https:\/\/fa86.noblogs.org\/index.php?rest_route=%2Fwp%2Fv2%2Fcategories&post=9031"},{"taxonomy":"post_tag","embeddable":true,"href":"https:\/\/fa86.noblogs.org\/index.php?rest_route=%2Fwp%2Fv2%2Ftags&post=9031"}],"curies":[{"name":"wp","href":"https:\/\/api.w.org\/{rel}","templated":true}]}}