{"id":9039,"date":"2013-05-24T10:15:16","date_gmt":"2013-05-24T08:15:16","guid":{"rendered":"http:\/\/fa86.noblogs.org\/?p=9039"},"modified":"2013-05-24T10:15:16","modified_gmt":"2013-05-24T08:15:16","slug":"le-monde-libertaire-n1707-du-23-au-29-mai-2013","status":"publish","type":"post","link":"https:\/\/fa86.noblogs.org\/?p=9039","title":{"rendered":"Le Monde Libertaire n\u00b01707 ( du 23 au 29 mai 2013)"},"content":{"rendered":"<p style=\"text-align: justify\"><em><strong>NdPN<\/strong> : le Monde Libertaire n\u00b01707 est en kiosques depuis hier jeudi. Vous pouvez aussi vous le procurer \u00e0 prix libre en nous \u00e9crivant, ou bien le consulter librement au Biblio-Caf\u00e9, o\u00f9 un exemplaire sera d\u00e9pos\u00e9. Comme d&rsquo;hab, trois articles sont d&rsquo;ores et d\u00e9j\u00e0 consultables sur le site du Monde Libertaire (voir les liens ci-dessous dans le sommaire). Bonne lecture !<\/em><\/p>\n<p style=\"text-align: justify\"><strong>Le Monde Libertaire n\u00b01707 ( du 23 au 29 mai 2013)<\/strong><\/p>\n<p style=\"text-align: justify\"><a href=\"https:\/\/fa86.noblogs.org\/files\/2013\/05\/ml-1707.png\"><img loading=\"lazy\" decoding=\"async\" class=\"alignnone size-full wp-image-9040\" alt=\"ml 1707\" src=\"https:\/\/fa86.noblogs.org\/files\/2013\/05\/ml-1707.png\" width=\"400\" height=\"556\" srcset=\"https:\/\/fa86.noblogs.org\/files\/2013\/05\/ml-1707.png 400w, https:\/\/fa86.noblogs.org\/files\/2013\/05\/ml-1707-215x300.png 215w\" sizes=\"auto, (max-width: 400px) 100vw, 400px\" \/><\/a><\/p>\n<p style=\"text-align: justify\"><strong>Sommaire du Monde Libertaire n\u00b01707 ( du 23 au 29 mai 2013)<\/strong><\/p>\n<p style=\"text-align: justify\"><strong>Actualit\u00e9<\/strong><\/p>\n<p style=\"text-align: justify\"><a href=\"http:\/\/www.monde-libertaire.fr\/services-publics\/16449-on-acheve-bien-les-medecins-du-travail\" target=\"_blank\">M\u00e9decine du travail sous pression<\/a>, par Moriel, p.3<\/p>\n<p style=\"text-align: justify\">120 millions d&rsquo;euros \u00e0 l&rsquo;eau, par S., p.4<\/p>\n<p style=\"text-align: justify\"><a href=\"http:\/\/www.monde-libertaire.fr\/syndicalisme\/16448-camarade-travailleur-tu-as-le-choix-mourir-au-turbin-ou-mourir-de-faim\" target=\"_blank\">Et maintenant, les retraites<\/a>, par G. Goutte, p.5<\/p>\n<p style=\"text-align: justify\">La m\u00e9t\u00e9o syndicale, de J.-P. Germain, p.6<\/p>\n<p style=\"text-align: justify\">Trader, mon amour, par M. Silberstein, p.7<\/p>\n<p style=\"text-align: justify\">La chronique n\u00e9phr\u00e9tique, de Rodkol, p.8<\/p>\n<p style=\"text-align: justify\"><a href=\"http:\/\/www.monde-libertaire.fr\/france\/16447-en-pique-sur-le-grand-ouest-photo-du-mouvement\" target=\"_blank\">Tout de bocage \u00e0 NDDL<\/a>, par Stef@, p.9<\/p>\n<p style=\"text-align: justify\"><strong>Arguments<\/strong><\/p>\n<p style=\"text-align: justify\">Analyse de l&rsquo;ANI-flexibilit\u00e9, par P. Bance, p.11<\/p>\n<p style=\"text-align: justify\"><em>Circus Americanus<\/em>, par N. Potkine, p.14<\/p>\n<p style=\"text-align: justify\"><strong>International<\/strong><\/p>\n<p style=\"text-align: justify\">Phobie helv\u00e8te des rouges en 1932, par Hellmo, p.15<\/p>\n<p style=\"text-align: justify\">S&rsquo;\u00e9duquer par la gr\u00e8ve, par R. Pino, p.16<\/p>\n<p style=\"text-align: justify\"><strong>Expressions<\/strong><\/p>\n<p style=\"text-align: justify\">La derni\u00e8re bobine de Bob, par P. Sommemeyer, p.17<\/p>\n<p style=\"text-align: justify\">Entretien avec Edouard Jourdain, men\u00e9 par Daniel, p.19<\/p>\n<p style=\"text-align: justify\">Anarchistes en l&rsquo;\u00eele de R\u00e9, par T. Guilabert, p.21<\/p>\n<p style=\"text-align: justify\"><strong>Mouvement<\/strong><\/p>\n<p style=\"text-align: justify\">La radio et la vie du mouvement, p.22<\/p>\n<p style=\"text-align: justify\">L&rsquo;agenda printanier, p.23<\/p>\n<p style=\"text-align: justify\"><strong>Illustrations<\/strong><\/p>\n<p style=\"text-align: justify\">Aurelio, Kalem, Krokaga, Manolo Prolo, N\u00e9mo, Slo<\/p>\n<p style=\"text-align: justify\"><strong>Editorial du Monde Libertaire n\u00b01707<\/strong><\/p>\n<p style=\"text-align: justify\">Ce 14 mai, c\u2019est le 20 heures sur France 2. David Pujadas parle aux Fran\u00e7ais droit dans les yeux ; il \u00e9voque l\u2019enl\u00e8vement de Fiona, le fitness branchouille venu de Nouvelle-Z\u00e9lande et les seins envol\u00e9s d\u2019Angelina Joly, la sainte Agathe sexy du showbiz. Mais, David est constern\u00e9 : la veille, des m\u00e9chants ont frapp\u00e9, pill\u00e9 et g\u00e2ch\u00e9 la belle f\u00eate du fric du PSG. Valls est en difficult\u00e9, pour une fois qu\u2019il veut faire populaire. Pantins de droite et de \u00ab g\u00f4che \u00bb \u00e9changent des mots doux convenus \u00e0 propos de la gabegie\u2026 Quoi que David en pense, \u00e7a fait bien beaucoup d\u2019importance accord\u00e9e aux soudards ultrascons du PSG ! Quel chiqu\u00e9, aussi, de d\u00e9noncer les \u00ab jeunes des cit\u00e9s \u00bb. Pas aussi cons que leurs a\u00een\u00e9s, ils n\u2019en ont rien \u00e0 foutre des milliardaires en short rinc\u00e9s par le Qatar. Eux qui sont dans la vraie vie, celle de la s\u00e9gr\u00e9gation, du ch\u00f4mage et de la d\u00e9merde, ils sont venus passer, sans fausse honte, leur rage sur les bagnoles et les boutiques des quartiers de riches ! Tant va la cruche \u00e0 l\u2019eau\u2026<br \/>\nDavid sourit finement : justement la cam\u00e9ra s\u2019attarde avec complaisance sur une vague manif o\u00f9 employ\u00e9s et employeurs, main dans la main, exigent de pouvoir travailler le dimanche. Triste sommation de cons pour encore plus de consommation. \u00c0 quand des manifs pour exiger des salaires align\u00e9s sur ceux des Roumains ou le r\u00e9tablissement du travail des enfants ?<br \/>\nEnfin, David, le matois Aveyronnais, appelle \u00e0 un peu de dignit\u00e9 : Virgin Megastore va mettre la cl\u00e9 sous la porte et brade le stock. Les licenci\u00e9s \u00e9crasent une larme. Ils ont surtout les boules de voir une nu\u00e9e de rascals \u2013 pas des cailleras, mais des propres-sur-eux \u2013 s\u2019arracher, dans un acc\u00e8s de fi\u00e8vre acheteuse, les iPod, casques et autres falbalas \u00e9lectroniques brad\u00e9s \u00e0 50 % de leur prix initial. N\u2019ont rien \u00e0 foutre des licenciements, pourvu qu\u2019ils puissent se gaver de gadgets de merde, \u00e0 la poubelle dans deux mois. C\u2019est d\u00e9cid\u00e9ment trop de naus\u00e9e. Fort heureusement, Pujadas sonne la fin du journal et on peut reprendre souffle dans un grand bol d\u2019air publicitaire. Sombre soir\u00e9e. Les politiques, les entreprises et les banques peuvent se pourl\u00e9cher : \u00e0 coup de pubs, de t\u00e9loche et de mensonges putassiers, ils ont la population dont ils r\u00eavent : une troupe aveugle de moutons suicidaires pr\u00eate \u00e0 sacrifier des droits acquis \u00e0 grand peine pour suivre le joueur de fl\u00fbte de la soci\u00e9t\u00e9 n\u00e9olib\u00e9rale. Pr\u00eate \u2013 pour en supporter la cruaut\u00e9 \u2013 \u00e0 s\u2019abrutir dans la saum\u00e2tre addiction du gavage et des jeux du cirque. Heureusement, les anarchistes ont des solutions et vont mettre bon ordre \u2013 sans le Pouvoir \u2013 \u00e0 tout cela.<\/p>\n","protected":false},"excerpt":{"rendered":"<p>NdPN : le Monde Libertaire n\u00b01707 est en kiosques depuis hier jeudi. Vous pouvez aussi vous le procurer \u00e0 prix libre en nous \u00e9crivant, ou bien le consulter librement au Biblio-Caf\u00e9, o\u00f9 un exemplaire sera d\u00e9pos\u00e9. Comme d&rsquo;hab, trois articles sont d&rsquo;ores et d\u00e9j\u00e0 consultables sur le site du Monde Libertaire (voir les liens ci-dessous &hellip; <a href=\"https:\/\/fa86.noblogs.org\/?p=9039\" class=\"more-link\">Continuer la lecture de <span class=\"screen-reader-text\">Le Monde Libertaire n\u00b01707 ( du 23 au 29 mai 2013)<\/span> <span class=\"meta-nav\">&rarr;<\/span><\/a><\/p>\n","protected":false},"author":2691,"featured_media":0,"comment_status":"open","ping_status":"open","sticky":false,"template":"","format":"standard","meta":{"footnotes":""},"categories":[17,4],"tags":[],"class_list":["post-9039","post","type-post","status-publish","format-standard","hentry","category-education-populaire","category-se-trouver"],"_links":{"self":[{"href":"https:\/\/fa86.noblogs.org\/index.php?rest_route=\/wp\/v2\/posts\/9039","targetHints":{"allow":["GET"]}}],"collection":[{"href":"https:\/\/fa86.noblogs.org\/index.php?rest_route=\/wp\/v2\/posts"}],"about":[{"href":"https:\/\/fa86.noblogs.org\/index.php?rest_route=\/wp\/v2\/types\/post"}],"author":[{"embeddable":true,"href":"https:\/\/fa86.noblogs.org\/index.php?rest_route=\/wp\/v2\/users\/2691"}],"replies":[{"embeddable":true,"href":"https:\/\/fa86.noblogs.org\/index.php?rest_route=%2Fwp%2Fv2%2Fcomments&post=9039"}],"version-history":[{"count":2,"href":"https:\/\/fa86.noblogs.org\/index.php?rest_route=\/wp\/v2\/posts\/9039\/revisions"}],"predecessor-version":[{"id":9042,"href":"https:\/\/fa86.noblogs.org\/index.php?rest_route=\/wp\/v2\/posts\/9039\/revisions\/9042"}],"wp:attachment":[{"href":"https:\/\/fa86.noblogs.org\/index.php?rest_route=%2Fwp%2Fv2%2Fmedia&parent=9039"}],"wp:term":[{"taxonomy":"category","embeddable":true,"href":"https:\/\/fa86.noblogs.org\/index.php?rest_route=%2Fwp%2Fv2%2Fcategories&post=9039"},{"taxonomy":"post_tag","embeddable":true,"href":"https:\/\/fa86.noblogs.org\/index.php?rest_route=%2Fwp%2Fv2%2Ftags&post=9039"}],"curies":[{"name":"wp","href":"https:\/\/api.w.org\/{rel}","templated":true}]}}