{"id":9049,"date":"2013-05-26T10:29:04","date_gmt":"2013-05-26T08:29:04","guid":{"rendered":"http:\/\/fa86.noblogs.org\/?p=9049"},"modified":"2013-05-26T10:29:04","modified_gmt":"2013-05-26T08:29:04","slug":"poitiers-rassemblement-contre-la-lgv-poitiers-limoges","status":"publish","type":"post","link":"https:\/\/fa86.noblogs.org\/?p=9049","title":{"rendered":"[Poitiers] Rassemblement contre la LGV Poitiers-Limoges"},"content":{"rendered":"<p style=\"text-align: justify\"><a href=\"http:\/\/www.lanouvellerepublique.fr\/Vienne\/Actualite\/24-Heures\/n\/Contenus\/Articles\/2013\/05\/26\/La-deputee-interpellee-par-les-anti-LGV-1480117\" target=\"_blank\"><strong>La d\u00e9put\u00e9e interpell\u00e9e par les anti-LGV<\/strong><\/a><\/p>\n<figure style=\"width: 600px\" class=\"wp-caption alignnone\"><img loading=\"lazy\" decoding=\"async\" alt=\"\" src=\"http:\/\/www.lanouvellerepublique.fr\/var\/nrv2\/storage\/images\/contenus\/articles\/2013\/05\/26\/la-deputee-interpellee-par-les-anti-lgv-1480117\/27713817-1-fre-FR\/La-deputee-interpellee-par-les-anti-LGV_reference.jpg\" width=\"600\" height=\"319\" \/><figcaption class=\"wp-caption-text\">Ap\u00e9ritif \u00ab citoyen \u00bb devant la permanence de Catherine Coutelle.<\/figcaption><\/figure>\n<p style=\"text-align: justify\">Ce n&rsquo;est pas l&rsquo;ouverture prochaine de l&rsquo;enqu\u00eate d&rsquo;utilit\u00e9 publique qui calme les ardeurs des opposants \u00e0 la LGV Poitiers-Limoges. Ainsi ont-ils organis\u00e9 vendredi soir un ap\u00e9ritif \u00ab citoyen \u00bb place de France, \u00e0 Poitiers, devant la permanence de Catherine Coutelle, d\u00e9put\u00e9e de la circonscription et favorable au projet. \u00ab <i>Nous voulons rappeler \u00e0 notre d\u00e9put\u00e9e l&rsquo;engagement pris durant sa campagne\u2009: pas de d\u00e9claration d&rsquo;utilit\u00e9 publique d&rsquo;un projet si son financement n&rsquo;est pas d\u00e9j\u00e0 \u00e9tabli. Et ce pour \u00e9viter de bloquer tout un territoire durant des ann\u00e9es d&rsquo;attente. Or, en l&rsquo;occurrence, le financement est loin d&rsquo;\u00eatre acquis<\/i> \u00bb, affirme Nicolas Bourmeyster, le pr\u00e9sident du Collectif. Catherine Coutelle \u00e9tant absente vendredi, rendez-vous a \u00e9t\u00e9 pris pour ce lundi afin de d\u00e9battre de cette question capitale aux yeux des opposants.<\/p>\n<p style=\"text-align: justify\"><em>Nouvelle R\u00e9publique, 26 mai 2013<\/em><\/p>\n","protected":false},"excerpt":{"rendered":"<p>La d\u00e9put\u00e9e interpell\u00e9e par les anti-LGV Ce n&rsquo;est pas l&rsquo;ouverture prochaine de l&rsquo;enqu\u00eate d&rsquo;utilit\u00e9 publique qui calme les ardeurs des opposants \u00e0 la LGV Poitiers-Limoges. Ainsi ont-ils organis\u00e9 vendredi soir un ap\u00e9ritif \u00ab citoyen \u00bb place de France, \u00e0 Poitiers, devant la permanence de Catherine Coutelle, d\u00e9put\u00e9e de la circonscription et favorable au projet. \u00ab &hellip; <a href=\"https:\/\/fa86.noblogs.org\/?p=9049\" class=\"more-link\">Continuer la lecture de <span class=\"screen-reader-text\">[Poitiers] Rassemblement contre la LGV Poitiers-Limoges<\/span> <span class=\"meta-nav\">&rarr;<\/span><\/a><\/p>\n","protected":false},"author":2691,"featured_media":0,"comment_status":"open","ping_status":"open","sticky":false,"template":"","format":"standard","meta":{"footnotes":""},"categories":[26,9,12,7],"tags":[],"class_list":["post-9049","post","type-post","status-publish","format-standard","hentry","category-construction-du-desert","category-la-rue-grogne","category-okupa-y-resiste","category-propagande-marchande"],"_links":{"self":[{"href":"https:\/\/fa86.noblogs.org\/index.php?rest_route=\/wp\/v2\/posts\/9049","targetHints":{"allow":["GET"]}}],"collection":[{"href":"https:\/\/fa86.noblogs.org\/index.php?rest_route=\/wp\/v2\/posts"}],"about":[{"href":"https:\/\/fa86.noblogs.org\/index.php?rest_route=\/wp\/v2\/types\/post"}],"author":[{"embeddable":true,"href":"https:\/\/fa86.noblogs.org\/index.php?rest_route=\/wp\/v2\/users\/2691"}],"replies":[{"embeddable":true,"href":"https:\/\/fa86.noblogs.org\/index.php?rest_route=%2Fwp%2Fv2%2Fcomments&post=9049"}],"version-history":[{"count":2,"href":"https:\/\/fa86.noblogs.org\/index.php?rest_route=\/wp\/v2\/posts\/9049\/revisions"}],"predecessor-version":[{"id":9051,"href":"https:\/\/fa86.noblogs.org\/index.php?rest_route=\/wp\/v2\/posts\/9049\/revisions\/9051"}],"wp:attachment":[{"href":"https:\/\/fa86.noblogs.org\/index.php?rest_route=%2Fwp%2Fv2%2Fmedia&parent=9049"}],"wp:term":[{"taxonomy":"category","embeddable":true,"href":"https:\/\/fa86.noblogs.org\/index.php?rest_route=%2Fwp%2Fv2%2Fcategories&post=9049"},{"taxonomy":"post_tag","embeddable":true,"href":"https:\/\/fa86.noblogs.org\/index.php?rest_route=%2Fwp%2Fv2%2Ftags&post=9049"}],"curies":[{"name":"wp","href":"https:\/\/api.w.org\/{rel}","templated":true}]}}