{"id":9071,"date":"2013-05-28T10:38:55","date_gmt":"2013-05-28T08:38:55","guid":{"rendered":"http:\/\/fa86.noblogs.org\/?p=9071"},"modified":"2013-05-28T10:40:34","modified_gmt":"2013-05-28T08:40:34","slug":"le-chomage-frappe-de-plus-en-plus-fort-dans-le-poitou-charentes","status":"publish","type":"post","link":"https:\/\/fa86.noblogs.org\/?p=9071","title":{"rendered":"Le ch\u00f4mage frappe de plus en plus fort dans le Poitou-Charentes"},"content":{"rendered":"<p style=\"text-align: justify\"><em><strong>NdPN<\/strong> : La Nouvelle R\u00e9publique fait aujourd&rsquo;hui un point alarmant (et alarmiste) sur les emplois en Poitou-Charentes, en berne. En relayant cet article, nous\u00a0ne d\u00e9plorons pas\u00a0la chute du nombre\u00a0d&#8217;emplois en elle-m\u00eame : nous sommes partisan-e-s de la fin de l&rsquo;esclavage salarial ;\u00a0nous ne voulons plus engraisser des patrons en nous faisant racketter, ni participer \u00e0 la machinerie de destruction des liens sociaux et de destruction \u00e9cologique qui est au coeur de la logique capitaliste. Nous d\u00e9plorons plut\u00f4t les effets de cette situation qui nous est impos\u00e9e par le pouvoir \u00e9conomique et politique, en termes de conditions de vie. Le ch\u00f4mage, aussi bien que le travail salari\u00e9, sont des\u00a0armes redoutable au services des exploiteurs pour briser nos vies\u00a0: les autorit\u00e9s conditionnent en effet notre droit \u00e0 vivre, au chantage odieux du travail consistant \u00e0 trimer comme des esclaves dans des tafs de merde, et nous contraignent \u00e0 les implorer de nous donner des \u00ab\u00a0emplois\u00a0\u00bb quand nous en sommes priv\u00e9s. Dans les deux cas, on subit, avec le couteau sous la gorge : ob\u00e9is ou cr\u00e8ve de faim. Nous sommes en col\u00e8re face\u00a0\u00e0 cette organisation autoritaire et cynique de la soci\u00e9t\u00e9, contraignant\u00a0tant de gens parmi nous \u00e0 des conditions de vie de plus en plus \u00e9prouvantes voire mis\u00e9rables, pour le seul profit \u00e9hont\u00e9 de quelques-uns. Et en disant merci s&rsquo;il-vous-pla\u00eet ! Nous sommes aussi en col\u00e8re face \u00e0 ces bureaucraties syndicales,\u00a0biberonn\u00e9es de subventions, qui pour maintenir leur caste m\u00e9prisable, ne font qu&rsquo;implorer plus d&#8217;emplois et n\u00e9gocient des ANI et autres collaborations r\u00e9pugnantes, pour participer \u00e0 nous plonger toujours plus dans l&rsquo;ali\u00e9nation et la soumission. Face \u00e0 cette situation consternante, l&rsquo;alternative n&rsquo;est pas de bosser ou de pas bosser, mais de nous organiser pour ne plus avoir \u00e0 subir, ni l&rsquo;esclavage salari\u00e9 ni la mis\u00e8re. A savoir, pourvoir ici et maintenant \u00e0 nos besoins en partageant et en nous entraidant, salari\u00e9-e-s ou non, et en reprenant l&rsquo;offensive contre ce syst\u00e8me d&rsquo;oppression g\u00e9n\u00e9ralis\u00e9e, pr\u00eat-e-s \u00e0 rendre coup pour coup !<\/em><\/p>\n<p style=\"text-align: justify\">***<\/p>\n<p style=\"text-align: justify\"><a href=\"http:\/\/www.lanouvellerepublique.fr\/Vienne\/Actualite\/Economie-social\/n\/Contenus\/Articles\/2013\/05\/28\/Le-Poitou-Charentes-dans-le-rouge-1482323\" target=\"_blank\"><strong>Le Poitou-Charentes dans le rouge<\/strong><\/a><\/p>\n<p id=\"articleChapo\" style=\"text-align: justify\">A l\u2019exception de l\u2019agriculture, du ferroviaire et du tourisme, tous les indicateurs \u00e9conomiques r\u00e9gionaux sont dans le rouge selon l&rsquo;Insee.<a href=\"http:\/\/memorix.sdv.fr\/5c\/www.lanouvellerepublique.fr\/actualite\/economie-social_articles\/86\/poitiers\/86194\/1461529818\/Position1\/default\/empty.gif\/5575556e5556476b5964494144613438\" target=\"_blank\"><img loading=\"lazy\" decoding=\"async\" alt=\"\" src=\"http:\/\/memorix.sdv.fr\/0\/default\/empty.gif\" width=\"1\" height=\"1\" border=\"0\" \/><\/a><\/p>\n<div id=\"text\" style=\"text-align: justify\">\n<p>Didier Blaizeau, le directeur r\u00e9gional de l&rsquo;Insee, s&rsquo;en excuserait presque\u2009: <i>\u00ab Nous n&rsquo;allons rien vous apprendre que vous ne sachiez d\u00e9j\u00e0. \u00bb<\/i> L&rsquo;Institut de la statistique pr\u00e9sentait hier \u00e0 Poitiers le bilan \u00e9conomique de l&rsquo;ann\u00e9e 2012. Et effectivement, il n&rsquo;y a pas de surprise\u2009: il est catastrophique. Jamais depuis la guerre, la r\u00e9gion (comme d&rsquo;ailleurs la France enti\u00e8re) n&rsquo;avait connu une succession de trimestres (six) \u00e0 croissance nulle, voire n\u00e9gative.<\/p>\n<p>Quatre domaines, pas un de plus, \u00e9chappent \u00e0 la sinistrose\u2009: la production c\u00e9r\u00e9ali\u00e8re, gr\u00e2ce \u00e0 une r\u00e9colte et des prix exceptionnels qu&rsquo;on ne reverra pas cette ann\u00e9e\u2009; les exportations de cognac\u2009; l&rsquo;industrie ferroviaire, dop\u00e9e par les r\u00e9sultats d&rsquo;Alstom \u00e0 l&rsquo;export\u2009; et le tourisme, qui maintient ses positions, ce qui n&rsquo;est pas si mal dans le contexte ambiant.<\/p>\n<p><b>En 2012, la r\u00e9gion a perdu 2.150 emplois<\/b><\/p>\n<p>Tous les autres indicateurs sont <i>\u00ab dans le rouge \u00bb.<\/i> En un an, le secteur marchand non agricole a perdu 2.150 emplois dans la r\u00e9gion. La Charente et la Charente-Maritime s&rsquo;en sortent plut\u00f4t moins mal en perdant respectivement 0,1\u2009% et 0,6\u2009% de leurs emplois. A lui seul, l&rsquo;int\u00e9rim, qui s&rsquo;effondre depuis la mi-2011 (-5,4\u2009% en un an), explique 800 de ces pertes d&#8217;emplois salari\u00e9s. Apr\u00e8s avoir \u00e9t\u00e9, jusqu&rsquo;\u00e0 la crise de 2008 le gros pourvoyeur de travail en Poitou-Charentes, la construction a perdu tout ce qu&rsquo;elle avait gagn\u00e9. Et la baisse des permis de construire accord\u00e9s (sauf en Charente-Maritime, gr\u00e2ce aux immeubles collectifs) ne laisse pas pr\u00e9sager un retournement de situation. Autre signe de la d\u00e9gradation consid\u00e9rable du contexte \u00e9conomique\u2009: le nombre de cr\u00e9ations d&rsquo;entreprises a baiss\u00e9 de 20\u2009% dans la r\u00e9gion. Poitou-Charentes avait la r\u00e9putation d&rsquo;\u00eatre la r\u00e9gion de France o\u00f9 on cr\u00e9ait le plus de PME et de TPE\u2009: elle d\u00e9tient aujourd&rsquo;hui le triste record des baisses de cr\u00e9ation. Si la Charente limite la casse (-7\u2009%), la Charente-Maritime fait exploser les compteurs\u2009: -28\u2009%\u2009! Certes, les cr\u00e9ations d&rsquo;autoentreprises viennent compenser en nombre le manque de cr\u00e9ations \u00ab classiques \u00bb. Mais on sait d\u00e9sormais que l&rsquo;envol\u00e9e du nombre d&rsquo;autoentrepreneurs est tout sauf un signe de sant\u00e9 \u00e9conomique. Telle s\u0153ur Anne dans son donjon, les observateurs de l&rsquo;\u00e9conomie picto-charentaise scrutent l&rsquo;horizon en qu\u00eate d&rsquo;un bien improbable signe de reprise\u2009: <i>\u00ab Si l&rsquo;int\u00e9rim red\u00e9marre, ce sera un signe avant-coureur \u00bb,<\/i> pr\u00e9vient sans grande conviction Didier Blaizeau.<\/p>\n<p><em>Vincent Buche, Nouvelle R\u00e9publique, 28 mai 2013<\/em><\/p>\n<\/div>\n","protected":false},"excerpt":{"rendered":"<p>NdPN : La Nouvelle R\u00e9publique fait aujourd&rsquo;hui un point alarmant (et alarmiste) sur les emplois en Poitou-Charentes, en berne. En relayant cet article, nous\u00a0ne d\u00e9plorons pas\u00a0la chute du nombre\u00a0d&#8217;emplois en elle-m\u00eame : nous sommes partisan-e-s de la fin de l&rsquo;esclavage salarial ;\u00a0nous ne voulons plus engraisser des patrons en nous faisant racketter, ni participer \u00e0 &hellip; <a href=\"https:\/\/fa86.noblogs.org\/?p=9071\" class=\"more-link\">Continuer la lecture de <span class=\"screen-reader-text\">Le ch\u00f4mage frappe de plus en plus fort dans le Poitou-Charentes<\/span> <span class=\"meta-nav\">&rarr;<\/span><\/a><\/p>\n","protected":false},"author":2691,"featured_media":0,"comment_status":"open","ping_status":"open","sticky":false,"template":"","format":"standard","meta":{"footnotes":""},"categories":[26,8,22],"tags":[],"class_list":["post-9071","post","type-post","status-publish","format-standard","hentry","category-construction-du-desert","category-ecrits","category-le-travail-tue"],"_links":{"self":[{"href":"https:\/\/fa86.noblogs.org\/index.php?rest_route=\/wp\/v2\/posts\/9071","targetHints":{"allow":["GET"]}}],"collection":[{"href":"https:\/\/fa86.noblogs.org\/index.php?rest_route=\/wp\/v2\/posts"}],"about":[{"href":"https:\/\/fa86.noblogs.org\/index.php?rest_route=\/wp\/v2\/types\/post"}],"author":[{"embeddable":true,"href":"https:\/\/fa86.noblogs.org\/index.php?rest_route=\/wp\/v2\/users\/2691"}],"replies":[{"embeddable":true,"href":"https:\/\/fa86.noblogs.org\/index.php?rest_route=%2Fwp%2Fv2%2Fcomments&post=9071"}],"version-history":[{"count":3,"href":"https:\/\/fa86.noblogs.org\/index.php?rest_route=\/wp\/v2\/posts\/9071\/revisions"}],"predecessor-version":[{"id":9073,"href":"https:\/\/fa86.noblogs.org\/index.php?rest_route=\/wp\/v2\/posts\/9071\/revisions\/9073"}],"wp:attachment":[{"href":"https:\/\/fa86.noblogs.org\/index.php?rest_route=%2Fwp%2Fv2%2Fmedia&parent=9071"}],"wp:term":[{"taxonomy":"category","embeddable":true,"href":"https:\/\/fa86.noblogs.org\/index.php?rest_route=%2Fwp%2Fv2%2Fcategories&post=9071"},{"taxonomy":"post_tag","embeddable":true,"href":"https:\/\/fa86.noblogs.org\/index.php?rest_route=%2Fwp%2Fv2%2Ftags&post=9071"}],"curies":[{"name":"wp","href":"https:\/\/api.w.org\/{rel}","templated":true}]}}