{"id":9075,"date":"2013-05-28T16:02:05","date_gmt":"2013-05-28T14:02:05","guid":{"rendered":"http:\/\/fa86.noblogs.org\/?p=9075"},"modified":"2013-05-28T16:02:05","modified_gmt":"2013-05-28T14:02:05","slug":"poitiers-veille-contre-lordre-moral-pour-tou-te-s","status":"publish","type":"post","link":"https:\/\/fa86.noblogs.org\/?p=9075","title":{"rendered":"[Poitiers] Veille contre l\u2019ordre moral pour tou-te-s !"},"content":{"rendered":"<p style=\"text-align: justify\"><a href=\"http:\/\/grenoble.indymedia.org\/2013-05-28-Veille-contre-l-ordre-moral-pour\" target=\"_blank\"><strong>Veille contre l\u2019ordre moral pour tou-te-s !<\/strong><\/a><\/p>\n<div style=\"text-align: justify\">\n<p>Ce mercredi soir, pour la huiti\u00e8me semaine cons\u00e9cutive, un collectif de veilleurs se retrouve sur les marches du palais de justice pour vivre un moment de <i>\u00ab\u00a0r\u00e9sistance\u00a0\u00bb<\/i> contre \u00ab les envies \u00e9go\u00efstes d\u2019une minorit\u00e9 \u00bb. En clair, il s\u2019agit pour ces gens de d\u00e9fendre une conception traditionnelle de la famille qui serait, selon ce collectif, remise en question par l\u2019extension du mariage aux couples de m\u00eame sexe.<\/p>\n<p>Nous ne sommes pas fonci\u00e8rement favorables au mariage, fusse-t-il pour tou-te-s. En tant qu\u2019institution, il aurait m\u00eame tendance \u00e0 nous inspirer la m\u00e9fiance. Nous sommes pour la libert\u00e9 et l\u2019\u00e9galit\u00e9, contre l\u2019ordre moral et l\u2019injonction h\u00e9t\u00e9ronormative \u2013 qui part du principe que l\u2019on na\u00eet\/est h\u00e9t\u00e9rosexuel-le, qui nous pousse \u00e0 se repr\u00e9senter les couples, l\u2019amour, la sexualit\u00e9 d\u2019apr\u00e8s des normes h\u00e9t\u00e9rosexuelles. C\u2019est pourquoi nous voulons nous retrouver face \u00e0 ces veilleurs et veilleuses afin d\u2019affirmer joyeusement (et rageusement) que leur monde n\u2019est pas le n\u00f4tre.<\/p>\n<p><strong>Rejoignez-nous, ce mercredi 29 mai 2013 \u00e0 21 heures, place Charles VII \u00e0 Poitiers.<\/strong><\/p>\n<p><a href=\"https:\/\/fa86.noblogs.org\/files\/2013\/05\/La-place-Cha41ab-ca1d3.jpg\"><img loading=\"lazy\" decoding=\"async\" class=\"alignnone size-full wp-image-9076\" alt=\"La-place-Cha41ab-ca1d3\" src=\"https:\/\/fa86.noblogs.org\/files\/2013\/05\/La-place-Cha41ab-ca1d3.jpg\" width=\"400\" height=\"262\" srcset=\"https:\/\/fa86.noblogs.org\/files\/2013\/05\/La-place-Cha41ab-ca1d3.jpg 400w, https:\/\/fa86.noblogs.org\/files\/2013\/05\/La-place-Cha41ab-ca1d3-300x196.jpg 300w\" sizes=\"auto, (max-width: 400px) 100vw, 400px\" \/><\/a><\/p>\n<p>Sign\u00e9 : Veille contre l\u2019ordre moral pour tou-te-s<\/p>\n<p>PS : Vous pouvez amener d\u00e9guisements, paroles de chansons, instruments et cordes vocales&#8230;<\/p>\n<p><em>Vu sur Indymedia Grenoble, 28 mai 2013<\/em><\/p>\n<\/div>\n","protected":false},"excerpt":{"rendered":"<p>Veille contre l\u2019ordre moral pour tou-te-s ! Ce mercredi soir, pour la huiti\u00e8me semaine cons\u00e9cutive, un collectif de veilleurs se retrouve sur les marches du palais de justice pour vivre un moment de \u00ab\u00a0r\u00e9sistance\u00a0\u00bb contre \u00ab les envies \u00e9go\u00efstes d\u2019une minorit\u00e9 \u00bb. En clair, il s\u2019agit pour ces gens de d\u00e9fendre une conception traditionnelle de &hellip; <a href=\"https:\/\/fa86.noblogs.org\/?p=9075\" class=\"more-link\">Continuer la lecture de <span class=\"screen-reader-text\">[Poitiers] Veille contre l\u2019ordre moral pour tou-te-s !<\/span> <span class=\"meta-nav\">&rarr;<\/span><\/a><\/p>\n","protected":false},"author":2691,"featured_media":0,"comment_status":"open","ping_status":"open","sticky":false,"template":"","format":"standard","meta":{"footnotes":""},"categories":[14,4],"tags":[],"class_list":["post-9075","post","type-post","status-publish","format-standard","hentry","category-questions-de-genres","category-se-trouver"],"_links":{"self":[{"href":"https:\/\/fa86.noblogs.org\/index.php?rest_route=\/wp\/v2\/posts\/9075","targetHints":{"allow":["GET"]}}],"collection":[{"href":"https:\/\/fa86.noblogs.org\/index.php?rest_route=\/wp\/v2\/posts"}],"about":[{"href":"https:\/\/fa86.noblogs.org\/index.php?rest_route=\/wp\/v2\/types\/post"}],"author":[{"embeddable":true,"href":"https:\/\/fa86.noblogs.org\/index.php?rest_route=\/wp\/v2\/users\/2691"}],"replies":[{"embeddable":true,"href":"https:\/\/fa86.noblogs.org\/index.php?rest_route=%2Fwp%2Fv2%2Fcomments&post=9075"}],"version-history":[{"count":2,"href":"https:\/\/fa86.noblogs.org\/index.php?rest_route=\/wp\/v2\/posts\/9075\/revisions"}],"predecessor-version":[{"id":9078,"href":"https:\/\/fa86.noblogs.org\/index.php?rest_route=\/wp\/v2\/posts\/9075\/revisions\/9078"}],"wp:attachment":[{"href":"https:\/\/fa86.noblogs.org\/index.php?rest_route=%2Fwp%2Fv2%2Fmedia&parent=9075"}],"wp:term":[{"taxonomy":"category","embeddable":true,"href":"https:\/\/fa86.noblogs.org\/index.php?rest_route=%2Fwp%2Fv2%2Fcategories&post=9075"},{"taxonomy":"post_tag","embeddable":true,"href":"https:\/\/fa86.noblogs.org\/index.php?rest_route=%2Fwp%2Fv2%2Ftags&post=9075"}],"curies":[{"name":"wp","href":"https:\/\/api.w.org\/{rel}","templated":true}]}}