{"id":9091,"date":"2013-05-30T09:43:03","date_gmt":"2013-05-30T07:43:03","guid":{"rendered":"http:\/\/fa86.noblogs.org\/?p=9091"},"modified":"2013-05-30T09:44:49","modified_gmt":"2013-05-30T07:44:49","slug":"le-monde-libertaire-n1708-du-30-mai-au-5-juin","status":"publish","type":"post","link":"https:\/\/fa86.noblogs.org\/?p=9091","title":{"rendered":"Le Monde Libertaire n\u00b01708 (du 30 mai au 5 juin 2013)"},"content":{"rendered":"<p style=\"text-align: justify\"><em><strong>NdPN<\/strong> : Le ML hebdo sort dans tous les bons kiosques ce jeudi. Vous pouvez aussi vous le procurer \u00e0 prix libre en nous \u00e9crivant, ou le consulter librement au Biblio-caf\u00e9 (rue de la Cath\u00e9drale \u00e0 Poitiers), o\u00f9 nous d\u00e9poserons bient\u00f4t un exemplaire (ainsi que des ML gratuits,<a href=\"https:\/\/fa86.noblogs.org\/?p=9083\" target=\"_blank\"> voir article pr\u00e9c\u00e9dent<\/a>). Comme d&rsquo;habitude, trois articles sont d&rsquo;ores et d\u00e9j\u00e0 en ligne sur le site du Monde Libertaire : voir les liens web ci-dessous. Bonne lecture !<\/em><\/p>\n<p style=\"text-align: justify\"><strong>Le Monde Libertaire n\u00b01708 (du 30 mai au 5 juin 2013)<\/strong><\/p>\n<p style=\"text-align: justify\"><a href=\"https:\/\/fa86.noblogs.org\/files\/2013\/05\/couv-ML-1708.png\"><img loading=\"lazy\" decoding=\"async\" class=\"alignnone size-full wp-image-9092\" alt=\"couv ML 1708\" src=\"https:\/\/fa86.noblogs.org\/files\/2013\/05\/couv-ML-1708.png\" width=\"400\" height=\"556\" srcset=\"https:\/\/fa86.noblogs.org\/files\/2013\/05\/couv-ML-1708.png 400w, https:\/\/fa86.noblogs.org\/files\/2013\/05\/couv-ML-1708-215x300.png 215w\" sizes=\"auto, (max-width: 400px) 100vw, 400px\" \/><\/a><\/p>\n<p style=\"text-align: justify\"><strong>Sommaire du Monde Libertaire n\u00b0 1708<\/strong><\/p>\n<p style=\"text-align: justify\"><strong>Actualit\u00e9<\/strong><\/p>\n<p style=\"text-align: justify\">Fin de gr\u00e8ve \u00e0 PSA, par Nathan, p.3<\/p>\n<p style=\"text-align: justify\">Comprendre pour agir, par la CSFA, p.5<\/p>\n<p style=\"text-align: justify\">M\u00e9t\u00e9o syndicale, par J.-P. Germain, p.6<\/p>\n<p style=\"text-align: justify\"><a href=\"http:\/\/www.monde-libertaire.fr\/international\/16457-datenco-a-notre-dame-des-landes-laeroport-en-question\" target=\"_blank\">D&rsquo;Atenco \u00e0 Notre-Dame-des-Landes, par V. Benito, p.7<\/a><\/p>\n<p style=\"text-align: justify\">La Chronique n\u00e9phr\u00e9tique de Rodkol, p.8<\/p>\n<p style=\"text-align: justify\"><strong>International<\/strong><\/p>\n<p style=\"text-align: justify\"><a href=\"http:\/\/www.monde-libertaire.fr\/international\/16458-laffaire-bandera-negra\" target=\"_blank\">L&rsquo;affaire Bandera Negra, par R. Pino, p.9<\/a><\/p>\n<p style=\"text-align: justify\">Les \u00e9meutes de Stockholm, par Nico, p.10<\/p>\n<p style=\"text-align: justify\"><strong>Arguments<\/strong><\/p>\n<p style=\"text-align: justify\">Mediator :\u00a0quand le profit tue, par Moriel, p.12<\/p>\n<p style=\"text-align: justify\"><a href=\"http:\/\/www.monde-libertaire.fr\/antisexisme\/16459-et-peut-etre-que-le-feminisme-trouve-sa-radicalite-dans-la-lutte-anarchiste\" target=\"_blank\">De la n\u00e9cessit\u00e9 d&rsquo;un f\u00e9minisme anarchiste, par Marine, p.14<\/a><\/p>\n<p style=\"text-align: justify\">La tentation du bitume, par N. Potkine, p.15<\/p>\n<p style=\"text-align: justify\"><strong>Histoire<\/strong><\/p>\n<p style=\"text-align: justify\">Gustave Lefran\u00e7ais, par C. Frejaville, p.16<\/p>\n<p style=\"text-align: justify\"><strong>A lire, \u00e0 voir, \u00e0 \u00e9couter<\/strong><\/p>\n<p style=\"text-align: justify\">Cr\u00e9ationnisme <em>versus<\/em> Darwin, par M. Silberstein, p.17<\/p>\n<p style=\"text-align: justify\">G\u00e9ographie et anarchie, par T. Guilabert, p.20<\/p>\n<p style=\"text-align: justify\">La valise mexicaine, par R. P\u00e9lagie, p.21<\/p>\n<p style=\"text-align: justify\">Au revoir, Moustaki, par G. Goutte, p.21<\/p>\n<p style=\"text-align: justify\"><strong>Illustrations<\/strong><\/p>\n<p style=\"text-align: justify\">Aurelio, Kalem, Krokaga, Nemo, Val\u00e8re<\/p>\n<p style=\"text-align: justify\"><strong>Editorial du Monde Libertaire n\u00b0 1708<\/strong><\/p>\n<p style=\"text-align: justify\">Le 21 mai, Dominique Venner, figure de l\u2019extr\u00eame droite radicale, se donne la mort devant l\u2019autel de la cath\u00e9drale Notre-Dame-de-Paris. \u00ab\u00a0Il faudra certainement des gestes nouveaux, spectaculaires et symboliques pour \u00e9branler les somnolences, secouer les consciences anesth\u00e9si\u00e9es et r\u00e9veiller la m\u00e9moire de nos origines\u00a0\u00bb, \u00e9crit-il quelques heures avant de se tirer une balle dans la bouche. Macabre esth\u00e9tisation de la politique qui est propre au fascisme. Les tentatives de r\u00e9cup\u00e9ration politique ne se font pas attendre. La pr\u00e9sidente du Front national a r\u00e9agi sur son compte Twitter en exprimant son \u00ab\u00a0respect\u00a0\u00bb et en estimant que son geste \u00ab\u00a0\u00e9minemment politique\u00a0\u00bb \u00e9tait une tentative de \u00ab\u00a0r\u00e9veiller le peuple de France\u00a0\u00bb. Cet hommage permet \u00e0 Marine Le Pen de se repositionner aux yeux des m\u00e9dias comme leader de toute l\u2019extr\u00eame droite, alors que des dynamiques complexes sont \u00e0 l\u2019\u0153uvre dans cette sinistre n\u00e9buleuse. Dominique Venner d\u00e9non\u00e7ait le projet de loi sur le mariage pour tous, contre lequel il se battait depuis plusieurs semaines. Or, cette question est pr\u00e9texte \u00e0 l\u2019agitation de l\u2019extr\u00eame droite radicale qui a ainsi le vent m\u00e9diatique en poupe. De petits fachos, caricaturaux \u00e0 souhait, se donnent fi\u00e8rement en spectacle dans les \u00ab\u00a0manifs pour tous\u00a0\u00bb. Alexandre Gabriac en est l\u2019exemple type. En 2011, il s\u2019\u00e9tait fait conna\u00eetre en faisant le salut nazi. Cette incartade lui avait valu une exclusion imm\u00e9diate du Front national. Suffisamment virulent pour faire parler de lui mais trop grotesque pour \u00eatre cr\u00e9dible aux yeux du plus grand nombre, il multipliait les frasques, permettant \u00e0 Marine Le\u00a0Pen de se \u00ab\u00a0d\u00e9diaboliser\u00a0\u00bb et d\u2019offrir au Front national une image respectable. Mais Marine Le Pen ne peut se permettre de passer au second plan alors que la situation sociale est propice \u00e0 la mont\u00e9e des extr\u00eames. Elle fait donc un petit pas de c\u00f4t\u00e9 et n\u2019h\u00e9site pas \u00e0 renouer, au travers de Dominique Venner, avec l\u2019h\u00e9ritage d\u2019une vieille extr\u00eame droite principalement structur\u00e9e par une conception esth\u00e9tique de la vie et du combat, plut\u00f4t que par un discours politique coh\u00e9rent. Le culte du martyr politique, de l\u2019h\u00e9ro\u00efsme et du don de soi tient lieu de programme f\u00e9d\u00e9rateur.<\/p>\n","protected":false},"excerpt":{"rendered":"<p>NdPN : Le ML hebdo sort dans tous les bons kiosques ce jeudi. Vous pouvez aussi vous le procurer \u00e0 prix libre en nous \u00e9crivant, ou le consulter librement au Biblio-caf\u00e9 (rue de la Cath\u00e9drale \u00e0 Poitiers), o\u00f9 nous d\u00e9poserons bient\u00f4t un exemplaire (ainsi que des ML gratuits, voir article pr\u00e9c\u00e9dent). Comme d&rsquo;habitude, trois articles &hellip; <a href=\"https:\/\/fa86.noblogs.org\/?p=9091\" class=\"more-link\">Continuer la lecture de <span class=\"screen-reader-text\">Le Monde Libertaire n\u00b01708 (du 30 mai au 5 juin 2013)<\/span> <span class=\"meta-nav\">&rarr;<\/span><\/a><\/p>\n","protected":false},"author":2691,"featured_media":0,"comment_status":"open","ping_status":"open","sticky":false,"template":"","format":"standard","meta":{"footnotes":""},"categories":[17,4],"tags":[],"class_list":["post-9091","post","type-post","status-publish","format-standard","hentry","category-education-populaire","category-se-trouver"],"_links":{"self":[{"href":"https:\/\/fa86.noblogs.org\/index.php?rest_route=\/wp\/v2\/posts\/9091","targetHints":{"allow":["GET"]}}],"collection":[{"href":"https:\/\/fa86.noblogs.org\/index.php?rest_route=\/wp\/v2\/posts"}],"about":[{"href":"https:\/\/fa86.noblogs.org\/index.php?rest_route=\/wp\/v2\/types\/post"}],"author":[{"embeddable":true,"href":"https:\/\/fa86.noblogs.org\/index.php?rest_route=\/wp\/v2\/users\/2691"}],"replies":[{"embeddable":true,"href":"https:\/\/fa86.noblogs.org\/index.php?rest_route=%2Fwp%2Fv2%2Fcomments&post=9091"}],"version-history":[{"count":3,"href":"https:\/\/fa86.noblogs.org\/index.php?rest_route=\/wp\/v2\/posts\/9091\/revisions"}],"predecessor-version":[{"id":9094,"href":"https:\/\/fa86.noblogs.org\/index.php?rest_route=\/wp\/v2\/posts\/9091\/revisions\/9094"}],"wp:attachment":[{"href":"https:\/\/fa86.noblogs.org\/index.php?rest_route=%2Fwp%2Fv2%2Fmedia&parent=9091"}],"wp:term":[{"taxonomy":"category","embeddable":true,"href":"https:\/\/fa86.noblogs.org\/index.php?rest_route=%2Fwp%2Fv2%2Fcategories&post=9091"},{"taxonomy":"post_tag","embeddable":true,"href":"https:\/\/fa86.noblogs.org\/index.php?rest_route=%2Fwp%2Fv2%2Ftags&post=9091"}],"curies":[{"name":"wp","href":"https:\/\/api.w.org\/{rel}","templated":true}]}}