{"id":9096,"date":"2013-05-30T23:46:43","date_gmt":"2013-05-30T21:46:43","guid":{"rendered":"http:\/\/fa86.noblogs.org\/?p=9096"},"modified":"2013-05-30T23:46:43","modified_gmt":"2013-05-30T21:46:43","slug":"dal-86-squat-letape-tous-au-tribunal-dinstance-le-31-mai-a-10h45-pour-soutenir-les-assignes","status":"publish","type":"post","link":"https:\/\/fa86.noblogs.org\/?p=9096","title":{"rendered":"[DAL 86] Squat l\u2019\u00c9tape : Tous au tribunal d\u2019instance le 31 mai \u00e0 10h45 pour soutenir les assign\u00e9s"},"content":{"rendered":"<p style=\"text-align: justify\"><a href=\"http:\/\/dal86.fr\/2013\/05\/30\/squat-letape-tous-au-tribunal-dinstance-le-31-mai-a-10h45-pour-soutenir-les-assignes\/\" target=\"_blank\"><strong>Squat l\u2019\u00c9tape : Tous au tribunal d\u2019instance le 31 mai \u00e0 10h45 pour soutenir les assign\u00e9s<\/strong><\/a><\/p>\n<p style=\"text-align: justify\"><img loading=\"lazy\" decoding=\"async\" class=\"alignleft\" alt=\"\" src=\"http:\/\/dal86.fr\/wp-content\/uploads\/2012\/02\/dal86-150x150.jpg\" width=\"150\" height=\"150\" \/>Jeudi 30 mai soit la veille du proc\u00e8s que fait la mairie de Poitiers pour expulser une quarantaine de personnes, roms, sans papiers az\u00e9ris, arm\u00e9niens, g\u00e9orgiens\u2026 du squat de l\u2019Etape et \u00e0 une semaine du rendu du proc\u00e8s que fait Logiparc pour expulser 21 roms du squat des Gli\u00e8res, un fr\u00e8re\u00a0<b>mineur de 15 ans<\/b> et une s\u0153ur jeune adulte<b>,<\/b> congolais en demande d\u2019asile ont contact\u00e9 le Toit du Monde. Arriv\u00e9s \u00e0 Poitiers le 22 mai, ils ont couch\u00e9 dans la rue depuis, c\u2019est-\u00e0-dire durant <b>8 nuits<\/b>. Tous les soirs ils ont appel\u00e9 le 115 et tous les soirs ils ont \u00e9t\u00e9 refus\u00e9s faute de place. Ils ont m\u00eame pass\u00e9 plusieurs nuits sous la p\u00e9n\u00e9trante devant le CHUS, et ce sur les \u00ab\u00a0bons\u00a0\u00bb conseils de ce dernier. D\u00e9munis de tout, ne mangeant pas tous les jours, et m\u00eame se faisant voler le peu d\u2019affaires personnelles qu\u2019ils ont, leur situation est dramatique. La situation est kafka\u00efenne, car puisqu\u2019il y a un mineur non accompagn\u00e9 par son repr\u00e9sentant l\u00e9gal, le CHUS dit ne pas pouvoir l\u2019h\u00e9berger. Et d\u2019un autre c\u00f4t\u00e9 l\u2019Aide Sociale \u00e0 l\u2019Enfance refuse car ce n\u2019est pas un mineur isol\u00e9 et ils ne veulent pas h\u00e9berger sa s\u0153ur. De qui se moque-t-on\u00a0? Il faut que la Croix Rouge et l\u2019Aide Sociale \u00e0 l\u2019Enfance arr\u00eatent de balader les gens ainsi et de les exposer \u00e0 de graves dangers.<\/p>\n<p style=\"text-align: justify\">Surtout que l\u2019OFII leur a donn\u00e9 un rendez-vous pour examiner leur situation le\u2026 19 juin et la pr\u00e9fecture le\u2026 28 juin. Vingt-huit long jours et nuits \u00e0 la rue avant leur rendez-vous \u00e0 l\u2019OFII et trente sept longs jours et nuits \u00e0 la rue avant leur rendez-vous \u00e0 la pr\u00e9fecture, et ce pour un mineur de 15 ans, c\u2019est carr\u00e9ment criminel\u00a0!<\/p>\n<p style=\"text-align: justify\">Le Toit du Monde a contact\u00e9 le Dal86 et les deux sinistr\u00e9s ont \u00e9t\u00e9 accueillis dans le squat de l\u2019Etape, ce qui porte \u00e0 42 personnes ses occupants. Les habitants de l\u2019Etape, en particulier les roms ont mis tout en \u0153uvre pour les aider pour nettoyer une chambre, et ont partag\u00e9 le peu qu\u2019il ont afin de leur trouver un matelas et des couvertures et leur donner \u00e0 manger.<\/p>\n<p style=\"text-align: justify\">Les habitants du squat l\u2019Etape ont l\u2019habitude d\u2019accueillir des personnes refoul\u00e9es par le 115 qui a une p\u00e9nurie chronique de places. Nous soup\u00e7onnons m\u00eame la Croix Rouge de profiter de l\u2019existence de ce squat pour ne pas trouver des solutions et avoir bonne conscience de laisser des familles avec des enfants souvent en bas \u00e2ge dormir dans la rue. Par exemple, cette famille azerie-arm\u00e9nienne, qui est arriv\u00e9e mardi 16 avril au squat de l\u2019Etape, a \u00e9t\u00e9 h\u00e9berg\u00e9e dans un premier temps par la Croix Rouge au CHUS \u00ab\u00a0115\u00a0\u00bb. Puis dans un CHRS et lorsqu\u2019elle a \u00e9t\u00e9 d\u00e9bout\u00e9e de sa demande d\u2019asile, la Croix Rouge lui a demand\u00e9 de partir et l\u2019a mise \u00e0 l\u2019h\u00f4tel. Puis, la Croix rouge leur a demand\u00e9 de trouver quelque chose par eux-m\u00eames car il n\u2019y avait pas de place au CHUS \u00ab\u00a0115\u00a0\u00bb \u2013 chose facile c\u2019est s\u00fbr pour des personnes parlant et comprenant mal le fran\u00e7ais, \u2013 et de partir de l\u2019h\u00f4tel vendredi 12 avril. Une place au CHUS \u00ab\u00a0115\u00a0\u00bb a malgr\u00e9 tout \u00e9t\u00e9 trouv\u00e9e \u00e0 l\u2019arrache la veille par la Croix Rouge apr\u00e8s l\u2019intervention du Dal86. Vu les conditions de vie lamentables au CHUS \u00ab\u00a0115\u00a0\u00bb et les maladies des enfants, la famille a laiss\u00e9 quelques affaires et est partie chez un ami \u00e0 Saintes. Lorsqu\u2019ils ont voulu revenir mardi dernier, ils n\u2019avaient plus de place au CHUS \u00ab\u00a0115\u00a0\u00bb et \u00e9taient \u00e0 la rue. Heureusement alors qu\u2019il y a eu le squat l\u2019Etape pour les mettre en s\u00e9curit\u00e9. La Croix Rouge refusant depuis cette date de les prendre en charge malgr\u00e9 leur appel quotidiens au 115.<\/p>\n<p style=\"text-align: justify\">Autre exemple, mardi 21 mai une militante du DAL86 qui passait devant le CHUS et voyant qu\u2019une famille avec deux enfants d\u2019environ un et trois ans n\u2019\u00e9tait pas prise en charge et allait se trouver \u00e0 la rue, a propos\u00e9 qu\u2019ils viennent au squat l\u2019Etape. Ce que la Croix Rouge a accept\u00e9 volontiers. Et comme ils \u00e9taient fatigu\u00e9s et avaient de jeunes enfants et des bagages a demand\u00e9 \u00e0 la maraude de les y amener. D\u2019abord, ils n\u2019ont pas voulu. Puis ils ont accept\u00e9 et les ont d\u00e9pos\u00e9 \u00e0 50 m du squat. Heureusement alors qu\u2019il y a eu le squat l\u2019Etape pour les mettre en s\u00e9curit\u00e9. Cette famille semble dor\u00e9navant prise en charge par la Croix Rouge c\u2019est-\u00e0-dire dans les locaux du CHUS qui sont tr\u00e8s v\u00e9tustes et o\u00f9 la vie en dortoirs s\u00e9pare les couples et les familles. En sortant \u00e0 10h30 le matin et en n\u2019y revenant pas avant 16h15 et pas apr\u00e8s 21h. Et pour le p\u00e8re en n\u2019\u00e9tant h\u00e9berg\u00e9 qu\u2019un jour par semaine. Et tout cela sans repas servis le soir ni a fortiori le midi.<\/p>\n<p style=\"text-align: justify\">Rappelons que le Maire de Poitiers monsieur Alain Claeys a d\u00e9cid\u00e9, en pleine p\u00e9nurie d\u2019h\u00e9bergement et de logement pour les familles sans papiers, \u2013 nous connaissons une centaine de personnes, dont une cinquantaine d\u2019enfants, qui sont sans logis ou mal log\u00e9es alors que le CHUS a seulement 25 places d\u2019h\u00e9bergement d\u2019urgence et est bond\u00e9 tous les soirs -, notre bon maire a donc d\u00e9cid\u00e9 d\u2019assigner au tribunal d\u2019instance les occupants du squat l\u2019Etape afin d\u2019obtenir leur expulsion imm\u00e9diate, si n\u00e9cessaire avec le concours de la force publique, au seul pr\u00e9texte qu\u2019ils sont rentr\u00e9s ill\u00e9galement dans une propri\u00e9t\u00e9 priv\u00e9e.<\/p>\n<h3 style=\"text-align: justify\" align=\"CENTER\"><b>Merci de venir soutenir ces familles au tribunal d\u2019instance, 21 rue Saint Louis, vendredi 30 mai \u00e0 10h45.<\/b><\/h3>\n<p style=\"text-align: justify\">Monsieur le maire semble en faire une affaire personnelle. Comment monsieur Claeys peut-il faire valoir le seul droit de propri\u00e9t\u00e9 priv\u00e9e \u2013 surtout d\u2019un bien municipal donc public \u2013 contre le droit au logement, le droit des enfants et le droit \u00e0 avoir une vie d\u00e9cente\u00a0? Si peu de sens moral a de quoi laisser pantois.<\/p>\n<p style=\"text-align: justify\">Surtout que monsieur Claeys ne peut pas faire comme si il d\u00e9couvrait le probl\u00e8me. Au moins d\u00e8s l\u2019automne 2010 soit depuis deux ans et demi quand m\u00eame, il a \u00e9t\u00e9 mis au courant par les associations de soutiens des sans papiers de l\u2019\u00e9tat lamentable de l\u2019h\u00e9bergement d\u2019urgence sur Poitiers, ce qui a conduit \u00e0 une <a href=\"http:\/\/dal86.fr\/2011\/02\/22\/compte-rendu-de-la-rencontre-avec-michel-berthier-22-fevrier-2011\/\" target=\"_blank\"><strong>entrevue avec M. Berthier le 22 f\u00e9vrier 2011<\/strong><\/a>\u00a0 dans le compte-rendu duquel nous pouvons lire\u00a0: \u00ab\u00a0<em>La municipalit\u00e9 est \u00e9videmment au courant de la situation. Nous avons pu faire part de nos inqui\u00e9tudes. Aucune solution n\u2019a \u00e9t\u00e9 envisag\u00e9e<\/em>.\u00a0\u00bb Cela a conduit aussi \u00e0 <a href=\"http:\/\/dal86.fr\/2010\/12\/02\/lettre-du-maire-de-poitiers-au-prefet-2-decembre-2010\/\" target=\"_blank\"><strong>un petit d\u00e9jeuner avec le maire<\/strong><\/a>, dans le compte rendu duquel nous pouvons lire : \u00ab <em>Interpell\u00e9 par nous [RESF] sur la question de l\u2019h\u00e9bergement de mani\u00e8re plus g\u00e9n\u00e9rale, le maire est satisfait de son bilan: Poitiers fait plut\u00f4t plus qu\u2019ailleurs en moyenne. La mairie ne peut se substituer \u00e0 l\u2019Etat dans le contexte actuel tout est plus difficile. Les villes sont en concurrence face \u00e0 l\u2019accueil (ou au non-accueil) des migrants. On ne peut en faire plus car il y a un risque d\u2019afflux de ces personnes \u00ab en errance \u00bb en provenance des villes moins accueillantes. Il faut aussi g\u00e9rer l\u2019int\u00e9gration des personnes qui sont arriv\u00e9es<\/em> \u00bb. <strong>Donc la tactique est bien de durcir les conditions d\u2019existence des sans papiers, au risque de les rendre inhumaines, afin de les dissuader de rester ou de venir sur Poitiers.<\/strong><\/p>\n<p style=\"text-align: justify\">Le maire de Poitiers a m\u00eame particip\u00e9 \u00e0 cette infamie en pr\u00eatant main forte au pr\u00e9fet UMPiste Tomasini et \u00e0 son \u00e2me damn\u00e9e Setbon en d\u00e9cembre 2010, en occultant la question de l\u2019h\u00e9bergement d\u2019urgence derri\u00e8re la question des marchands de sommeil et des passeurs. <a href=\"http:\/\/dal86.fr\/2010\/12\/02\/lettre-du-maire-de-poitiers-au-prefet-2-decembre-2010\/\" target=\"_blank\"><strong>VOIR<\/strong><\/a><\/p>\n<p style=\"text-align: justify\">Alors Monsieur Claeys ne manque pas d\u2019air aujourd\u2019hui lorsqu\u2019il reproche aux familles de s\u2019\u00eatre mises \u00e0 l\u2019abri dans les locaux municipaux de l\u2019ex-foyer de l\u2019Etape. <strong>Elles y sont rentr\u00e9es et certaines y rentrent encore pour se prot\u00e9ger des dangers de la rue auxquels, la Croix Rouge, la pr\u00e9fecture et l\u2019Aide Sociale \u00e0 l\u2019Enfance les exposent.<\/strong><\/p>\n<p style=\"text-align: justify\">Nous envisageons m\u00eame de tra\u00eener le maire de Poitiers, ainsi que le pr\u00e9fet de la Vienne, le pr\u00e9sident du conseil g\u00e9n\u00e9ral, les pr\u00e9sidents des associations d\u2019h\u00e9bergement, en particulier celui de la Croix Rouge qui est sens\u00e9 g\u00e9rer le 115 et le SIAO, devant le tribunal, de grande instance cette fois-ci, pour mise en danger de la vie d\u2019autrui et non assistance \u00e0 personne en danger.<\/p>\n<h2 style=\"text-align: justify\" align=\"CENTER\">Nous ne l\u00e2cherons rien \u2013 Un toit est un droit<\/h2>\n<p style=\"text-align: justify\">\n<p style=\"text-align: justify\"><strong>Revue de presse :<\/strong><\/p>\n<p style=\"text-align: justify\">&#8211; <a href=\"http:\/\/poitou-charentes.france3.fr\/2013\/04\/07\/poitiers-un-batiment-du-centre-ville-occupe-par-une-famille-roumaine-soutenue-par-le-dal-230275.html\" target=\"_blank\">Poitiers: un b\u00e2timent du centre-ville occup\u00e9 par une famille roumaine soutenue par le DAL France3 07-04-13 <\/a>&#8211; <a href=\"http:\/\/dal86.fr\/2013\/04\/07\/la-vente-des-locaux-de-lex-foyer-de-letape-une-vraie-provocation-a-legard-des-sans-logis-et-mal-loges\/\" target=\"_blank\">La vente des locaux de l\u2019ex-foyer de l\u2019Etape : une vraie provocation \u00e0 l\u2019\u00e9gard des sans logis et mal log\u00e9s<\/a> Dal86 07-04-13 &#8211; <a href=\"http:\/\/dal86.fr\/2013\/04\/16\/squat-letape-halte-aux-intimidations\/\" target=\"_blank\">Squat l\u2019Etape : halte aux intimidations ! Dal86 16-04-13<\/a> &#8211; \u00a0<a href=\"http:\/\/www.lanouvellerepublique.fr\/Vienne\/communes\/Poitiers\/n\/Contenus\/Articles\/2013\/04\/17\/Squat-du-foyer-L-Etape-le-bras-de-fer-engage-1415031\" target=\"_blank\">Squat du foyer L\u2019\u00c9tape : le bras de fer engag\u00e9 NR 17\/04\/2013<\/a> &#8211; <a href=\"http:\/\/www.npa86.org\/spip.php?article2737\" target=\"_blank\">ROMS : \u00e0 Poitiers comme ailleurs une situation indigne et inacceptable ! DNSI 18-04-13<\/a> &#8211; <a href=\"http:\/\/www.lanouvellerepublique.fr\/Vienne\/communes\/Poitiers\/n\/Contenus\/Articles\/2013\/04\/18\/POITIERS-Squat-rom-a-L-Etape-les-ecologistes-interpellent-le-maire-et-le-prefet-1416033\" target=\"_blank\">POITIERS Squat rom \u00e0 L\u2019\u00c9tape : les \u00e9cologistes interpellent le maire et le pr\u00e9fet NR 18-04-13<\/a> &#8211; <a href=\"http:\/\/www.lanouvellerepublique.fr\/Vienne\/Actualite\/Faits-divers-justice\/n\/Contenus\/Articles\/2013\/04\/19\/Squat-rom-un-foyer-a-reactions-1417319\" target=\"_blank\">Squat rom : un foyer \u00e0 r\u00e9actions NR 19\/04\/2013<\/a> &#8211; <a href=\"http:\/\/www.npa86.org\/spip.php?article2738\" target=\"_blank\">N<\/a><a href=\"http:\/\/www.npa86.org\/spip.php?article2738\" target=\"_blank\">on \u00e0 l\u2019expulsion des familles de Roms\u00a0! NPA 19-04-13<\/a>&#8211; &#8211; <a title=\"Lien permanent pour D\u00e9claration de la Ville de Poitiers concernant l\u2019occupation du 6 rue d\u2019Ol\u00e9ron 19-04-13\" href=\"http:\/\/dal86.fr\/2013\/04\/19\/declaration-de-la-ville-de-poitiers-concernant-loccupation-du-6-rue-doleron-19-04-13\/\" rel=\"bookmark\">D\u00e9claration de la Ville de Poitiers concernant l\u2019occupation du 6 rue d\u2019Ol\u00e9ron 19-04-13 <\/a> &#8211; <a title=\"Lien permanent pour Squat de l\u2019Etape : communiqu\u00e9 du 21-04-13\" href=\"http:\/\/dal86.fr\/2013\/04\/21\/1238\/\" rel=\"bookmark\">Squat de l\u2019Etape : communiqu\u00e9 du 21-04-13 <\/a>Dal86 &#8211; <a title=\"Lien permanent pour Squat l\u2019Etape : tous au tribunal d\u2019instance vendredi 3 mai 2013 \u00e0 9h\" href=\"http:\/\/dal86.fr\/2013\/04\/24\/squat-letape-les-assignations-au-tribunal-dinstance-sont-arrivees-ce-matin\/\" rel=\"bookmark\">Squat l\u2019Etape : tous au tribunal d\u2019instance vendredi 3 mai 2013 \u00e0 9h <\/a>Dal86 24-04-13 &#8211; <a title=\"Lien permanent pour Lettre du Collectif des familles et des personnes seules du squat l\u2019Etape au maire de Poitiers 20-04-13\" href=\"http:\/\/dal86.fr\/2013\/04\/30\/lettre-du-collectif-des-familles-et-des-personnes-seules-du-squat-letape-au-maire-de-poitiers-20-04-13\/\" rel=\"bookmark\">Lettre du Collectif des familles et des personnes seules du squat l\u2019Etape au maire de Poitiers 30-04-13 <\/a> &#8211; <a title=\"Lien permanent pour Appel au soutien du Collectif des familles du squat l\u2019Etape\" href=\"http:\/\/dal86.fr\/2013\/05\/01\/appel-au-soutien-du-collectif-des-familles-du-squat-letape\/\" rel=\"bookmark\">Appel au soutien du Collectif des familles du squat l\u2019Etape <\/a>Dal86 01-05-13 &#8211; <a title=\"Lien permanent pour R\u00e9ponse du maire de Poitiers au Collectif des familles de l\u2019Etape 03-05-13\" href=\"http:\/\/dal86.fr\/2013\/05\/03\/reponse-du-maire-de-poitiers-au-collectif-des-familles-de-letape-03-05-13\/\" rel=\"bookmark\">R\u00e9ponse du maire de Poitiers au Collectif des familles de l\u2019Etape 03-05-13 <\/a> &#8211; <a href=\"http:\/\/www.lanouvellerepublique.fr\/Vienne\/Actualite\/Faits-divers-justice\/n\/Contenus\/Articles\/2013\/05\/03\/POITIERS-Squat-du-foyer-L-Etape-la-mairie-reclame-10.000-aux-occupants-1435112\" target=\"_blank\">POITIERS Squat du foyer L\u2019\u00c9tape : la mairie r\u00e9clame 10.000 \u20ac aux occupants NR 03\/05\/2013<\/a> &#8211; <a href=\"http:\/\/www.lanouvellerepublique.fr\/Vienne\/Actualite\/Faits-divers-justice\/n\/Contenus\/Articles\/2013\/05\/04\/POITIERS-Squat-de-L-Etape-renvoi-au-17-mai-1436082\" target=\"_blank\">POITIERS Squat de L\u2019\u00c9tape : renvoi au 17 mai 04\/05\/2013<\/a> &#8211; <a title=\"Lien permanent pour Deuxi\u00e8me lettre du Collectif des familles et des personnes seules du squat l\u2019Etape au maire de Poitiers 06-05-13\" href=\"http:\/\/dal86.fr\/2013\/05\/06\/lettre2_etape_maire_poitiers_-06-05-13\/\" rel=\"bookmark\">Deuxi\u00e8me lettre du Collectif des familles et des personnes seules du squat l\u2019Etape au maire de Poitiers 06-05-13 <\/a> &#8211; <a title=\"Lien permanent pour Le maire de Poitiers \u00e9lude la demande d\u2019audience du Collectif des familles du squat l\u2019Etape\" href=\"http:\/\/dal86.fr\/2013\/05\/09\/le-maire-de-poitiers-elude-la-demande-daudience-du-collectif-des-familles-du-squat-letape\/\" rel=\"bookmark\">Le maire de Poitiers \u00e9lude la demande d\u2019audience du Collectif des familles du squat l\u2019Etape <\/a>Dal86 09-05-13 &#8211; <a title=\"Lien permanent pour Squat l\u2019\u00c9tape\u00a0: Tous au tribunal d\u2019instance le 17 mai \u00e0 9h pour soutenir les assign\u00e9s\" href=\"http:\/\/dal86.fr\/2013\/05\/12\/squat-letape-tous-au-tribunal-dinstance-le-17-mai-a-9h-pour-soutenir-les-assignes\/\" rel=\"bookmark\">Squat l\u2019\u00c9tape\u00a0: Tous au tribunal d\u2019instance le 17 mai \u00e0 9h pour soutenir les assign\u00e9s <\/a>Dal86 12-05-13 &#8211; <a href=\"http:\/\/www.lanouvellerepublique.fr\/Vienne\/Actualite\/Faits-divers-justice\/n\/Contenus\/Articles\/2013\/05\/13\/Un-nouveau-squat-pour-un-enieme-debat-1463103\" target=\"_blank\">Un nouveau squat pour un \u00e9ni\u00e8me d\u00e9bat 13\/05\/2013<\/a> &#8211; <a title=\"Lien permanent pour Propos  du secr\u00e9taire g\u00e9n\u00e9ral de la pr\u00e9fecture France3 13-05-13\" href=\"http:\/\/dal86.fr\/2013\/05\/13\/propos-du-secretaire-general-de-la-prefecture-france3-13-05-13\/\" rel=\"bookmark\">Propos du secr\u00e9taire g\u00e9n\u00e9ral de la pr\u00e9fecture France3 13-05-13 <\/a> &#8211; <a href=\"http:\/\/www.lanouvellerepublique.fr\/Vienne\/Actualite\/Faits-divers-justice\/n\/Contenus\/Articles\/2013\/05\/14\/POITIERS-Squat-du-Plateau-des-Glieres-la-ville-de-Poitiers-etait-deja-intervenue-1464528\" target=\"_blank\">POITIERS Squat du Plateau des Gli\u00e8res : la ville de Poitiers \u00e9tait d\u00e9j\u00e0 intervenue NR 14\/05\/2013<\/a> &#8211; <a href=\"http:\/\/www.lanouvellerepublique.fr\/Vienne\/communes\/Poitiers\/n\/Contenus\/Articles\/2013\/05\/20\/Pour-defendre-la-cause-des-Roms-1471988\" target=\"_blank\">Pour d\u00e9fendre la cause des Roms NR 20\/05\/2013<\/a> &#8211; <a title=\"Lien permanent pour Solidarit\u00e9 avec les familles du squat Des Gli\u00e8res\" href=\"http:\/\/dal86.fr\/2013\/05\/20\/solidarite-avec-les-familles-du-squat-des-glieres\/\" rel=\"bookmark\">Solidarit\u00e9 avec les familles du squat Des Gli\u00e8res <\/a>Dal86 20-05-13 &#8211; <a title=\"Lien permanent pour Cause commune Jeudi 23 Mai \u00e0 20h30 au Dietrich\" href=\"http:\/\/dal86.fr\/2013\/05\/19\/cause-commune-jeudi-23-mai-a-20h30-au-dietrich\/\" rel=\"bookmark\">Cause commune Jeudi 23 Mai \u00e0 20h30 au Dietrich <\/a> Dal86 23-05-13 &#8211; <a href=\"http:\/\/www.lanouvellerepublique.fr\/Vienne\/Actualite\/24-Heures\/n\/Contenus\/Articles\/2013\/05\/29\/POITIERS-La-cause-des-Roms-fait-salle-comble-au-Dietrich-1483682\" target=\"_blank\">POITIERS La cause des Roms fait salle comble au Dietrich NR 29\/05\/2013<\/a><\/p>\n<p style=\"text-align: justify\">&#8211; <a href=\"http:\/\/www.liberation.fr\/societe\/2013\/05\/21\/il-est-urgent-de-remettre-en-cause-le-droit-absolu-a-la-propriete_904477\" target=\"_blank\">\u00abIl est urgent de remettre en cause le droit absolu \u00e0 la propri\u00e9t\u00e9\u00bb Lib\u00e9ration 21-05-13<\/a><\/p>\n<p style=\"text-align: justify\"><b>Les habitants du squat l\u2019Etape ont besoin\u00a0:<\/b><\/p>\n<p style=\"text-align: justify\">&#8211; de nourriture\u00a0; &#8211; de matelas et de sommiers, de couvertures, de meubles, de tables de chaises\u00a0; &#8211; de v\u00eatements et de chaussures (adultes et enfants de 1 ans \u00e0 15 ans) &#8211; d\u2019ustensiles de cuisine, d\u2019assiettes de verres de couverts\u00a0; &#8211; de gazini\u00e8res, plaques de cuisson et r\u00e9chauds, de machines \u00e0 laver le linge, de r\u00e9frig\u00e9rateurs\u00a0; &#8211; de produits et ustensiles de toilette, d\u2019entretien\u00a0; &#8211; d\u2019outils, de mat\u00e9riel, de produits de fabrication et r\u00e9paration, &#8211; de t\u00e9l\u00e9phones portables d\u00e9simlock\u00e9s ou \u00ab\u00a0tout op\u00e9rateurs\u00a0\u00bb &#8211; de fournitures scolaires et mat\u00e9riel informatique ; &#8211; de jouets et de jeux pour les enfants et les adultes : &#8211; \u2026<\/p>\n<p style=\"text-align: justify\">\u2192 les ustensiles, machines et outils peuvent bien s\u00fbr \u00eatre seulement pr\u00eat\u00e9s.<\/p>\n<p style=\"text-align: justify\"><a title=\"Un toit pour tous avec ou sans papier\" href=\"http:\/\/dal86.fr\/2012\/12\/19\/cest-pas-noel-pour-tout-le-monde\/sans-titre\/\" rel=\"attachment wp-att-913\"><img loading=\"lazy\" decoding=\"async\" title=\"Un toit pour tous avec ou sans papier\" alt=\"Un toit pour tous avec ou sans papier\" src=\"http:\/\/dal86.fr\/wp-content\/uploads\/2012\/12\/Sans-titre-150x150.jpg\" width=\"150\" height=\"150\" \/><\/a><\/p>\n<p style=\"text-align: justify\"><b>Vous pouvez aussi aussi faire un don<\/b>. Ch\u00e8ques \u00e0 l\u2019ordre du DAL86 a envoyer \u00e0 DAL86, Maison de la Solidarit\u00e9, 22 rue du pigeon blanc 86000 POITIERS en pr\u00e9cisant au dos \u00ab\u00a0Squat l\u2019\u00c9tape\u00a0\u00bb.<\/p>\n<p style=\"text-align: justify\"><b>Pour tous renseignements\u00a0: <\/b><a href=\"mailto:dal86@free.fr\">dal86@free.fr<\/a> ou au 05 49 88 94 56 (laisser un message nous vous rappellerons)<\/p>\n<p style=\"text-align: justify\" align=\"RIGHT\"><em><a href=\"http:\/\/dal86.fr\/\" target=\"_blank\">DAL86<\/a><\/em><em> \u2013 <\/em><em><a href=\"mailto:dal86@free.fr\" target=\"_blank\">dal86@free.fr<\/a><\/em><em> \u2013 06 52 93 54 44 \/ 05 49 88 94 56<\/em><\/p>\n<p style=\"text-align: justify\" align=\"RIGHT\"><em>Permanences : tous les samedis matin de 11h \u00e0 12h et tous les mardis soirs de 17h \u00e0 18h Maison de la Solidarit\u00e9 22 rue du Pigeon Blanc Poitiers<\/em><\/p>\n<p style=\"text-align: justify\" align=\"RIGHT\"><em>Vu sur DAL 86, 30 mai 2013<\/em><\/p>\n","protected":false},"excerpt":{"rendered":"<p>Squat l\u2019\u00c9tape : Tous au tribunal d\u2019instance le 31 mai \u00e0 10h45 pour soutenir les assign\u00e9s Jeudi 30 mai soit la veille du proc\u00e8s que fait la mairie de Poitiers pour expulser une quarantaine de personnes, roms, sans papiers az\u00e9ris, arm\u00e9niens, g\u00e9orgiens\u2026 du squat de l\u2019Etape et \u00e0 une semaine du rendu du proc\u00e8s que &hellip; <a href=\"https:\/\/fa86.noblogs.org\/?p=9096\" class=\"more-link\">Continuer la lecture de <span class=\"screen-reader-text\">[DAL 86] Squat l\u2019\u00c9tape : Tous au tribunal d\u2019instance le 31 mai \u00e0 10h45 pour soutenir les assign\u00e9s<\/span> <span class=\"meta-nav\">&rarr;<\/span><\/a><\/p>\n","protected":false},"author":2691,"featured_media":0,"comment_status":"open","ping_status":"open","sticky":false,"template":"","format":"standard","meta":{"footnotes":""},"categories":[21,11,12,16,4,29],"tags":[],"class_list":["post-9096","post","type-post","status-publish","format-standard","hentry","category-desinformation-bourgeoise","category-ni-patrie-ni-frontiere","category-okupa-y-resiste","category-repression","category-se-trouver","category-un-toit-pour-tou-te-s"],"_links":{"self":[{"href":"https:\/\/fa86.noblogs.org\/index.php?rest_route=\/wp\/v2\/posts\/9096","targetHints":{"allow":["GET"]}}],"collection":[{"href":"https:\/\/fa86.noblogs.org\/index.php?rest_route=\/wp\/v2\/posts"}],"about":[{"href":"https:\/\/fa86.noblogs.org\/index.php?rest_route=\/wp\/v2\/types\/post"}],"author":[{"embeddable":true,"href":"https:\/\/fa86.noblogs.org\/index.php?rest_route=\/wp\/v2\/users\/2691"}],"replies":[{"embeddable":true,"href":"https:\/\/fa86.noblogs.org\/index.php?rest_route=%2Fwp%2Fv2%2Fcomments&post=9096"}],"version-history":[{"count":1,"href":"https:\/\/fa86.noblogs.org\/index.php?rest_route=\/wp\/v2\/posts\/9096\/revisions"}],"predecessor-version":[{"id":9097,"href":"https:\/\/fa86.noblogs.org\/index.php?rest_route=\/wp\/v2\/posts\/9096\/revisions\/9097"}],"wp:attachment":[{"href":"https:\/\/fa86.noblogs.org\/index.php?rest_route=%2Fwp%2Fv2%2Fmedia&parent=9096"}],"wp:term":[{"taxonomy":"category","embeddable":true,"href":"https:\/\/fa86.noblogs.org\/index.php?rest_route=%2Fwp%2Fv2%2Fcategories&post=9096"},{"taxonomy":"post_tag","embeddable":true,"href":"https:\/\/fa86.noblogs.org\/index.php?rest_route=%2Fwp%2Fv2%2Ftags&post=9096"}],"curies":[{"name":"wp","href":"https:\/\/api.w.org\/{rel}","templated":true}]}}