{"id":91,"date":"2011-05-24T04:30:28","date_gmt":"2011-05-24T02:30:28","guid":{"rendered":"http:\/\/fa86.noblogs.org\/?p=91"},"modified":"2011-05-24T07:35:57","modified_gmt":"2011-05-24T05:35:57","slug":"espagne-manifeste-de-lassemblee-feministe-de-la-puerta-del-sol-madrid","status":"publish","type":"post","link":"https:\/\/fa86.noblogs.org\/?p=91","title":{"rendered":"[Espagne] Manifeste de l&rsquo;assembl\u00e9e f\u00e9ministe de la Puerta del Sol (Madrid)"},"content":{"rendered":"<p style=\"text-align: justify\"><a href=\"https:\/\/juralib.noblogs.org\/category\/nos-corps-nous-appartiennent\/\" target=\"_blank\"><strong> <\/strong><\/a><span style=\"color: #ff0000\"><strong>La R\u00e9volution sera f\u00e9ministe ou ne sera pas<\/strong><\/span><\/p>\n<p style=\"text-align: center\"><a href=\"https:\/\/juralib.noblogs.org\/category\/nos-corps-nous-appartiennent\/\" target=\"_blank\"><img loading=\"lazy\" decoding=\"async\" src=\"http:\/\/pix.toile-libre.org\/upload\/original\/1306144974.jpg\" alt=\"http:\/\/pix.toile-libre.org\/upload\/original\/1306144974.jpg\" width=\"575\" height=\"381\" \/><\/a><span style=\"color: #ff0000\"><strong> <\/strong><\/span><\/p>\n<p style=\"text-align: justify\"><a href=\"https:\/\/juralib.noblogs.org\/category\/nos-corps-nous-appartiennent\/\" target=\"_blank\"><strong> <\/strong><\/a>Nous sommes sur la place car :<\/p>\n<p style=\"text-align: justify;padding-left: 30px\">\u2014 Nous voulons une soci\u00e9t\u00e9 dont le centre soit les personnes et non les march\u00e9s financiers. Nous revendiquons donc la gratuit\u00e9 des services publics et vitaux que sont l\u2019\u00e9ducation et la sant\u00e9 face aux r\u00e9ductions sociale et \u00e0 la r\u00e9forme du travail.<\/p>\n<p style=\"text-align: justify;padding-left: 30px\">\u2014 Nous exigeons l\u2019usage d\u2019un langage non sexiste qui nomme toutes les personnes sans trace d\u2019homophobie, de machisme et de racisme.<\/p>\n<p style=\"text-align: justify;padding-left: 30px\">\u2014 Nous voulons un compromis d\u2019hommes et de femmes afin de construire une soci\u00e9t\u00e9 qui n\u2019admette pas la violence machiste.<\/p>\n<p style=\"text-align: justify;padding-left: 30px\"><a href=\"https:\/\/juralib.noblogs.org\/category\/nos-corps-nous-appartiennent\/\" target=\"_blank\"><strong><\/strong><\/a>\u2014 Notre corps nous appartient, c\u2019est pourquoi nous acceptons les multiples formes de vivre le sexe et la sexualit\u00e9 (lesbiennes, gays, intersexuelles, bisexuelles, transexuelles, tansgenres, queers\u2026).<\/p>\n<p style=\"text-align: justify;padding-left: 30px\"><a href=\"https:\/\/juralib.noblogs.org\/category\/nos-corps-nous-appartiennent\/\" target=\"_blank\"><strong><\/strong><\/a>\u2014 Nous revendiquons l\u2019avortement libre et gratuit.<\/p>\n<p style=\"text-align: justify;padding-left: 30px\">\u2014 Il est indispensable d\u2019incorporer l\u2019approche f\u00e9ministe au sein des politiques \u00e9conomiques, au sein du service public, dans la cr\u00e9ation d\u2019un autre mod\u00e8le de ville et au sein des politiques de l\u2019environnement afin de sortir de la crise.<\/p>\n<p style=\"text-align: justify;padding-left: 30px\">\u2014 Nous exigeons que les Emloy\u00e9es domestiques ou Employ\u00e9es du foyer soient inclues au sein du r\u00e9gime g\u00e9n\u00e9ral de la s\u00e9curit\u00e9 sociale.<\/p>\n<p style=\"text-align: justify;padding-left: 30px\">\u2014 Nous exigeons que la transexualit\u00e9 ne soit plus trait\u00e9e comme une maladie.<\/p>\n<p style=\"text-align: justify;padding-left: 30px\">\u2014 Nous exigeons des papiers pour toutes et que les femmes migrantes jouissent de tous les droits.<\/p>\n<p style=\"padding-left: 30px;text-align: right\"><a href=\"https:\/\/paris.indymedia.org\/spip.php?article6972\" target=\"_blank\">Indymedia Paris<\/a>, 22 mai 2011.<\/p>\n","protected":false},"excerpt":{"rendered":"<p>La R\u00e9volution sera f\u00e9ministe ou ne sera pas Nous sommes sur la place car : \u2014 Nous voulons une soci\u00e9t\u00e9 dont le centre soit les personnes et non les march\u00e9s financiers. Nous revendiquons donc la gratuit\u00e9 des services publics et vitaux que sont l\u2019\u00e9ducation et la sant\u00e9 face aux r\u00e9ductions sociale et \u00e0 la r\u00e9forme &hellip; <a href=\"https:\/\/fa86.noblogs.org\/?p=91\" class=\"more-link\">Continuer la lecture de <span class=\"screen-reader-text\">[Espagne] Manifeste de l&rsquo;assembl\u00e9e f\u00e9ministe de la Puerta del Sol (Madrid)<\/span> <span class=\"meta-nav\">&rarr;<\/span><\/a><\/p>\n","protected":false},"author":2691,"featured_media":0,"comment_status":"open","ping_status":"open","sticky":false,"template":"","format":"standard","meta":{"footnotes":""},"categories":[14],"tags":[],"class_list":["post-91","post","type-post","status-publish","format-standard","hentry","category-questions-de-genres"],"_links":{"self":[{"href":"https:\/\/fa86.noblogs.org\/index.php?rest_route=\/wp\/v2\/posts\/91","targetHints":{"allow":["GET"]}}],"collection":[{"href":"https:\/\/fa86.noblogs.org\/index.php?rest_route=\/wp\/v2\/posts"}],"about":[{"href":"https:\/\/fa86.noblogs.org\/index.php?rest_route=\/wp\/v2\/types\/post"}],"author":[{"embeddable":true,"href":"https:\/\/fa86.noblogs.org\/index.php?rest_route=\/wp\/v2\/users\/2691"}],"replies":[{"embeddable":true,"href":"https:\/\/fa86.noblogs.org\/index.php?rest_route=%2Fwp%2Fv2%2Fcomments&post=91"}],"version-history":[{"count":2,"href":"https:\/\/fa86.noblogs.org\/index.php?rest_route=\/wp\/v2\/posts\/91\/revisions"}],"predecessor-version":[{"id":105,"href":"https:\/\/fa86.noblogs.org\/index.php?rest_route=\/wp\/v2\/posts\/91\/revisions\/105"}],"wp:attachment":[{"href":"https:\/\/fa86.noblogs.org\/index.php?rest_route=%2Fwp%2Fv2%2Fmedia&parent=91"}],"wp:term":[{"taxonomy":"category","embeddable":true,"href":"https:\/\/fa86.noblogs.org\/index.php?rest_route=%2Fwp%2Fv2%2Fcategories&post=91"},{"taxonomy":"post_tag","embeddable":true,"href":"https:\/\/fa86.noblogs.org\/index.php?rest_route=%2Fwp%2Fv2%2Ftags&post=91"}],"curies":[{"name":"wp","href":"https:\/\/api.w.org\/{rel}","templated":true}]}}