{"id":9110,"date":"2013-06-03T09:14:42","date_gmt":"2013-06-03T07:14:42","guid":{"rendered":"http:\/\/fa86.noblogs.org\/?p=9110"},"modified":"2013-06-03T15:12:34","modified_gmt":"2013-06-03T13:12:34","slug":"une-deputee-eelv-la-chasse-a-courre-est-une-tradition-cest-plutot-une-bonne-tradition","status":"publish","type":"post","link":"https:\/\/fa86.noblogs.org\/?p=9110","title":{"rendered":"[Une d\u00e9put\u00e9e EELV] \u00ab\u00a0La chasse \u00e0 courre est une tradition. C&rsquo;est plut\u00f4t une bonne tradition.\u00a0\u00bb"},"content":{"rendered":"<p style=\"text-align: justify\"><em><strong>NdPN<\/strong> : la chasse \u00e0 courre : chiens enferm\u00e9s dans des chenils entre deux entra\u00eenements \u00e0 tuer, terreur et\u00a0\u00e9puisement pour le gibier traqu\u00e9, hallali, massacre \u00e0 la dague ou \u00e0 l&rsquo;\u00e9pieu,\u00a0cur\u00e9e&#8230; une ignoble boucherie ;\u00a0mais en tenue c\u00e9r\u00e9monielle, s&rsquo;il-vous-pla\u00eet Charles-Xavier !\u00a0Avec son lot de souffrances gratuites, qu&rsquo;expriment bien les tergiversations juridiques sur le \u00ab\u00a0droit de suite\u00a0\u00bb, la chasse \u00e0 courre n&rsquo;est d\u00e9cid\u00e9ment pas une chasse comme les autres. Les saccages des champs et pr\u00e9s induits par cette chasse s\u00e9dentarisant le gibier conduisent d&rsquo;ailleurs de nombreux agriculteurs (par ailleurs parfois pratiquants de formes de chasse\u00a0\u00ab\u00a0\u00e0 pied\u00a0\u00bb plus populaires) \u00e0 s&rsquo;y opposer. N\u00e9e dans l&rsquo;aristocratie, historiquement indissociable de l&rsquo;entra\u00eenement \u00e0 la guerre et du m\u00e9pris du monde paysan, la \u00ab\u00a0tradition\u00a0\u00bb hi\u00e9rarchiste, fastueuse et snobinarde de la chasse \u00e0 courre a ses lobbyistes acharn\u00e9s, dont certains\u00a0ne se cachent manifestement pas d&rsquo;une certaine nostalgie\u00a0du bon vieux temps de la monarchie. Une d\u00e9put\u00e9e \u00e9colo de la Vienne vient de d\u00e9clarer son opposition \u00e0 un texte pr\u00e9sent\u00e9 par son parti (EELV), contre la chasse \u00e0 courre&#8230; mais que ne ferait-on pas pour rester dans les petits papiers des membres d&rsquo;une classe dominante d\u00e9fendant ses pr\u00e9rogatives immondes ?<\/em><\/p>\n<figure style=\"width: 400px\" class=\"wp-caption alignnone\"><img loading=\"lazy\" decoding=\"async\" alt=\"\" src=\"http:\/\/www.abolitionchasseacourre.org\/images\/cerf_mort.jpg\" width=\"400\" height=\"265\" \/><figcaption class=\"wp-caption-text\">Mm&rsquo;une bien belle chaaasse, Charles-Xavier !<\/figcaption><\/figure>\n<p style=\"text-align: justify\"><strong>Chasse \u00e0 courre : la d\u00e9put\u00e9e se d\u00e9marque<\/strong><\/p>\n<p id=\"articleChapo\" style=\"text-align: justify\">V\u00e9ronique Massonneau prend ses distances avec la proposition de loi d\u00e9pos\u00e9e par le groupe Europe \u00c9cologie &#8211; Les Verts qui vise \u00e0 interdire la chasse \u00e0 courre.<a href=\"http:\/\/memorix.sdv.fr\/5c\/www.lanouvellerepublique.fr\/actualite\/24-heures_articles\/86\/horszone\/99026649\/Position1\/default\/empty.gif\/5575556e555647734e3755414278352f\" target=\"_blank\"><img loading=\"lazy\" decoding=\"async\" alt=\"\" src=\"http:\/\/memorix.sdv.fr\/0\/default\/empty.gif\" width=\"1\" height=\"1\" border=\"0\" \/><\/a><\/p>\n<div id=\"text\" style=\"text-align: justify\">\n<p>Les nuages qui p\u00e8sent depuis plusieurs jours sur les relations entre les chasseurs de la Vienne et V\u00e9ronique Massonneau ne devraient gu\u00e8re tarder \u00e0 se dissiper. La d\u00e9put\u00e9e \u00e9cologiste a en tous cas l&rsquo;intention de lever tous les doutes qui risquaient de les plomber durablement. Elle a fait savoir en fin de semaine qu&rsquo;elle se rendra \u00e0 l&rsquo;inauguration de la F\u00eate de la chasse, de la nature et du terroir, le samedi 8\u00a0juin, \u00e0 La Roche-Posay. Avec la ferme intention de clarifier sa position sur la chasse \u00e0 courre.<\/p>\n<p><b>\u00ab\u00a0\u2009Je suis tr\u00e8s emb\u00eat\u00e9e\u2009\u00a0\u00bb<\/b><\/p>\n<p>Le sang des chasseurs de la Vienne n&rsquo;a fait qu&rsquo;un tour, mercredi, lorsqu&rsquo;ils ont d\u00e9couvert que le nom de V\u00e9ronique Massonneau apparaissait parmi les signataires d&rsquo;une proposition de loi d\u00e9pos\u00e9e par le groupe Europe \u00c9cologie\u00a0&#8211; Les Verts, \u00e0 l&rsquo;Assembl\u00e9e nationale, <i>\u00ab\u00a0visant \u00e0 interdire la chasse \u00e0 courre, \u00e0 cor et \u00e0 cri\u00a0\u00bb<\/i>. Les r\u00e9dacteurs du texte ne font pas dans la nuance. Ils stigmatisent aussi bien <i>\u00ab\u00a0la souffrance et le stress\u00a0\u00bb<\/i> des animaux, que <i>\u00ab\u00a0les nuisances sonores (sonneries de trompes, all\u00e9es et venues des \u00e9quipages, des chiens, des v\u00e9hicules)\u00a0\u00bb<\/i> engendr\u00e9es. Ils affirment non seulement que ce type de chasse<i> \u00ab\u00a0nuit \u00e0 l&rsquo;ensemble de l&rsquo;\u00e9cosyst\u00e8me forestier\u00a0\u00bb<\/i> mais aussi que <i>\u00ab\u00a0les riverains en subissent eux aussi les cons\u00e9quences\u00a0\u00bb<\/i>, notamment parce que <i>\u00ab\u00a0des animaux sont parfois pourchass\u00e9s dans des propri\u00e9t\u00e9s priv\u00e9es et ce jusque dans les habitations\u00a0\u00bb<\/i>. Au berceau du chien courant et de la v\u00e9nerie, une charge d&rsquo;une telle violence ne pouvait avoir qu&rsquo;un impact d\u00e9vastateur. Les chasseurs de la Vienne ont r\u00e9agi d&rsquo;autant plus vivement qu&rsquo;ils se sont sentis trahis par une d\u00e9put\u00e9e \u00e9cologiste ayant depuis le d\u00e9but de son mandat affich\u00e9 sa volont\u00e9 de dialoguer avec eux. D\u00e9claration de guerre\u2009? Propuls\u00e9e en premi\u00e8re ligne d&rsquo;un front qu&rsquo;elle n&rsquo;a pas vraiment choisi, V\u00e9ronique Massonneau vient de crier halte au tir. Elle a demand\u00e9 le retrait de sa signature au bas de la proposition de loi\u2009: <i>\u00ab\u00a0Je suis tr\u00e8s emb\u00eat\u00e9e. Les propositions de loi du groupe sont sign\u00e9es syst\u00e9matiquement par tous les membres du groupe sauf par celles et ceux qui signalent express\u00e9ment leur refus. Cette proposition sur la chasse \u00e0 courre n&rsquo;a pas \u00e9t\u00e9 discut\u00e9e. Je l&rsquo;ai d\u00e9couverte trop tard\u2009!\u00a0\u00bb<\/i> Confessant une <i>\u00ab\u00a0erreur de d\u00e9butante\u00a0\u00bb<\/i>, la d\u00e9put\u00e9e de la Vienne entend donc prendre ses distances avec un texte qu&rsquo;elle juge aussi <i>\u00ab\u00a0caricatural\u00a0\u00bb<\/i> qu&rsquo;inopportun\u2009: <i>\u00ab\u00a0La chasse \u00e0 courre est une tradition. C&rsquo;est plut\u00f4t une bonne tradition. Actuellement, il y a des sujets plus graves, avec les difficult\u00e9s \u00e9conomiques et sociales.\u00a0\u00bb<\/i><\/p>\n<p><em>Alain Defaye, Nouvelle R\u00e9publique, 3 juin 2013<\/em><\/p>\n<\/div>\n","protected":false},"excerpt":{"rendered":"<p>NdPN : la chasse \u00e0 courre : chiens enferm\u00e9s dans des chenils entre deux entra\u00eenements \u00e0 tuer, terreur et\u00a0\u00e9puisement pour le gibier traqu\u00e9, hallali, massacre \u00e0 la dague ou \u00e0 l&rsquo;\u00e9pieu,\u00a0cur\u00e9e&#8230; une ignoble boucherie ;\u00a0mais en tenue c\u00e9r\u00e9monielle, s&rsquo;il-vous-pla\u00eet Charles-Xavier !\u00a0Avec son lot de souffrances gratuites, qu&rsquo;expriment bien les tergiversations juridiques sur le \u00ab\u00a0droit de &hellip; <a href=\"https:\/\/fa86.noblogs.org\/?p=9110\" class=\"more-link\">Continuer la lecture de <span class=\"screen-reader-text\">[Une d\u00e9put\u00e9e EELV] \u00ab\u00a0La chasse \u00e0 courre est une tradition. C&rsquo;est plut\u00f4t une bonne tradition.\u00a0\u00bb<\/span> <span class=\"meta-nav\">&rarr;<\/span><\/a><\/p>\n","protected":false},"author":2691,"featured_media":0,"comment_status":"open","ping_status":"open","sticky":false,"template":"","format":"standard","meta":{"footnotes":""},"categories":[8],"tags":[],"class_list":["post-9110","post","type-post","status-publish","format-standard","hentry","category-ecrits"],"_links":{"self":[{"href":"https:\/\/fa86.noblogs.org\/index.php?rest_route=\/wp\/v2\/posts\/9110","targetHints":{"allow":["GET"]}}],"collection":[{"href":"https:\/\/fa86.noblogs.org\/index.php?rest_route=\/wp\/v2\/posts"}],"about":[{"href":"https:\/\/fa86.noblogs.org\/index.php?rest_route=\/wp\/v2\/types\/post"}],"author":[{"embeddable":true,"href":"https:\/\/fa86.noblogs.org\/index.php?rest_route=\/wp\/v2\/users\/2691"}],"replies":[{"embeddable":true,"href":"https:\/\/fa86.noblogs.org\/index.php?rest_route=%2Fwp%2Fv2%2Fcomments&post=9110"}],"version-history":[{"count":3,"href":"https:\/\/fa86.noblogs.org\/index.php?rest_route=\/wp\/v2\/posts\/9110\/revisions"}],"predecessor-version":[{"id":9112,"href":"https:\/\/fa86.noblogs.org\/index.php?rest_route=\/wp\/v2\/posts\/9110\/revisions\/9112"}],"wp:attachment":[{"href":"https:\/\/fa86.noblogs.org\/index.php?rest_route=%2Fwp%2Fv2%2Fmedia&parent=9110"}],"wp:term":[{"taxonomy":"category","embeddable":true,"href":"https:\/\/fa86.noblogs.org\/index.php?rest_route=%2Fwp%2Fv2%2Fcategories&post=9110"},{"taxonomy":"post_tag","embeddable":true,"href":"https:\/\/fa86.noblogs.org\/index.php?rest_route=%2Fwp%2Fv2%2Ftags&post=9110"}],"curies":[{"name":"wp","href":"https:\/\/api.w.org\/{rel}","templated":true}]}}