{"id":9128,"date":"2013-06-05T11:14:34","date_gmt":"2013-06-05T09:14:34","guid":{"rendered":"http:\/\/fa86.noblogs.org\/?p=9128"},"modified":"2013-06-05T11:14:34","modified_gmt":"2013-06-05T09:14:34","slug":"poitiers-des-proches-dali-bongo-a-la-maison-des-etudiants-ce-jeudi","status":"publish","type":"post","link":"https:\/\/fa86.noblogs.org\/?p=9128","title":{"rendered":"[Poitiers] Des proches d&rsquo;Ali Bongo \u00e0 la Maison des \u00e9tudiants ce jeudi"},"content":{"rendered":"<p style=\"text-align: justify\">Avis aux \u00e9tudiant-e-s de Poitiers : des \u00e9minences d&rsquo;Ali Bongo vont d\u00e9barquer \u00e0 Poitiers. Dont \u00ab\u00a0Son Excellence\u00a0\u00bb l&rsquo;ambassadeur du Gabon en France, Germain Ngoyo Moussavou, ancien directeur de cabinet adjoint d&rsquo;Omar Bongo et proche intime d&rsquo;Ali Bongo. Dont aussi un \u00ab\u00a0conseiller sp\u00e9cial du pr\u00e9sident\u00a0\u00bb. Du beau monde, assur\u00e9ment.<\/p>\n<p style=\"text-align: justify\">Ces messieurs seront pr\u00e9sents \u00e0 la maison des Etudiants, ce jeudi \u00e0 16 heures, \u00e0 l&rsquo;occasion de la diffusion d&rsquo;un film scientifique &#8211; sans doute tr\u00e8s int\u00e9ressant par ailleurs, l\u00e0 n&rsquo;est pas la question.<\/p>\n<p style=\"text-align: justify\">Pour rappel, l&rsquo;Etat gabonais est un pilier historique de la Fran\u00e7afrique&#8230; qui est \u00ab\u00a0une question qui n&rsquo;existe pas\u00a0\u00bb, selon Ali Bongo.<\/p>\n<p style=\"text-align: justify\">Ali Bongo donc, fils d&rsquo;Omar Bongo, et \u00e9lu dans des conditions pour le moins tr\u00e8s critiqu\u00e9es dans le monde entier, a renforc\u00e9 l&rsquo;autocratie d&rsquo;un r\u00e9gime d\u00e9j\u00e0 hyper-pr\u00e9sidentiel. Richissime, Bongo fils a \u00e9t\u00e9\u00a0l&rsquo;objet de plusieurs plaintes dans les affaires dites des \u00ab\u00a0biens mal acquis\u00a0\u00bb, sans parler de nombreuses autres accusations de corruption \u00e9mises par des ONG et des associations. Il r\u00e9prime r\u00e9guli\u00e8rement\u00a0les opposants \u00e0 son r\u00e9gime ; lors de son \u00ab\u00a0\u00e9lection\u00a0\u00bb, des dizaines de personnes sont mortes par balles selon des opposants, lors des manifestations de Port-Gentil.<\/p>\n<figure id=\"attachment_9129\" aria-describedby=\"caption-attachment-9129\" style=\"width: 300px\" class=\"wp-caption alignnone\"><a href=\"https:\/\/fa86.noblogs.org\/files\/2013\/06\/thierry-mombo.jpg\"><img loading=\"lazy\" decoding=\"async\" class=\"size-full wp-image-9129\" alt=\"Thierry Mombo, 19 ans, mort par balle en septembre 2009 \u00e0 Port-Gentil\" src=\"https:\/\/fa86.noblogs.org\/files\/2013\/06\/thierry-mombo.jpg\" width=\"300\" height=\"199\" \/><\/a><figcaption id=\"caption-attachment-9129\" class=\"wp-caption-text\">Thierry Mombo, 19 ans, mort par balle en septembre 2009 \u00e0 Port-Gentil<\/figcaption><\/figure>\n<p style=\"text-align: justify\">Rappelons aussi la r\u00e9pression du\u00a0mouvement \u00ab\u00a0\u00e7a suffit comme \u00e7a\u00a0\u00bb l&rsquo;an dernier, avec\u00a0tabassages de manifestant-e-s ; les proc\u00e8s politiques et condamnations contre des opposant-e-s ayant d\u00e9nonc\u00e9 le r\u00e9gime ;\u00a0les poursuites contre des journalistes pour \u00ab\u00a0d\u00e9lits de presse\u00a0\u00bb ; les gazages au lacrymo et les emprisonnements contre des \u00e9tudiants en lutte&#8230;<\/p>\n<p style=\"text-align: justify\">Malgr\u00e9 les belles d\u00e9clarations de l&rsquo;Etat fran\u00e7ais\u00a0PS contre la Fran\u00e7afrique, Ali Bongo avait \u00e9t\u00e9 re\u00e7u \u00e0 l&rsquo;Elys\u00e9e en juillet 2012. Dans un communiqu\u00e9, l&rsquo;Elys\u00e9e avait annonc\u00e9 que l&rsquo;entretien avait \u00ab\u00a0permis de passer en revue <strong>les priorit\u00e9s du partenariat franco-gabonais et d&rsquo;examiner les domaines o\u00f9 il pourrait \u00eatre renforc\u00e9, en particulier en mati\u00e8re de d\u00e9veloppement \u00e9conomique<\/strong> et de protection de l&rsquo;environnement\u00a0\u00bb. Les vieilles ententes sont tenaces, entre Etats complices de longue date.<\/p>\n<figure id=\"attachment_9130\" aria-describedby=\"caption-attachment-9130\" style=\"width: 475px\" class=\"wp-caption alignnone\"><a href=\"https:\/\/fa86.noblogs.org\/files\/2013\/06\/Bienvenue-au-Bongholland.jpg\"><img loading=\"lazy\" decoding=\"async\" class=\"size-full wp-image-9130\" alt=\"Bienvenue au Bongholland...\" src=\"https:\/\/fa86.noblogs.org\/files\/2013\/06\/Bienvenue-au-Bongholland.jpg\" width=\"475\" height=\"326\" srcset=\"https:\/\/fa86.noblogs.org\/files\/2013\/06\/Bienvenue-au-Bongholland.jpg 475w, https:\/\/fa86.noblogs.org\/files\/2013\/06\/Bienvenue-au-Bongholland-300x205.jpg 300w\" sizes=\"auto, (max-width: 475px) 100vw, 475px\" \/><\/a><figcaption id=\"caption-attachment-9130\" class=\"wp-caption-text\">Bienvenue au Bongholland&#8230;<\/figcaption><\/figure>\n<p style=\"text-align: justify\"><strong>L&rsquo;Universit\u00e9 de Poitiers\u00a0prend une lourde responsabilit\u00e9 en invitant des personnages aussi\u00a0influents du pouvoir gabonais.<\/strong> Les journalistes de la\u00a0Nouvelle R\u00e9publique auraient quant \u00e0 eux pu se montrer plus solidaires de\u00a0ce qui arrive \u00e0 leurs confr\u00e8res gabonais-es ayant le malheur de d\u00e9noncer le pouvoir en place : pas un mot de la NR sur le r\u00e9gime que repr\u00e9sente l&rsquo;ambassadeur du Gabon.<\/p>\n<p style=\"text-align: justify\">Pour notre part, notre solidarit\u00e9 ind\u00e9fectible va aux gabonais-es\u00a0qui luttent contre\u00a0la r\u00e9pression, hier comme aujourd&rsquo;hui.<\/p>\n<p style=\"text-align: justify\">Pavillon Noir, 5 juin 2013<\/p>\n<p style=\"text-align: justify\">***<\/p>\n<p style=\"text-align: justify\"><a href=\"http:\/\/www.lanouvellerepublique.fr\/Vienne\/Actualite\/24-Heures\/n\/Contenus\/Articles\/2013\/06\/05\/A-la-recherche-des-origines-en-projection-a-Poitiers-1493435\" target=\"_blank\"><strong>Extraits de la Nouvelle R\u00e9publique du 5 juin 2013 :<\/strong><\/a><\/p>\n<p style=\"text-align: justify\">De cette aventure humaine et scientifique sort, cinq ann\u00e9es plus tard, un film intitul\u00e9 \u00ab\u00a0A la recherche des origines\u2009: 2\u00a0milliards d&rsquo;ann\u00e9es au Gabon\u00a0\u00bb. Ce document sera diffus\u00e9, jeudi 6\u00a0juin \u00e0 16\u00a0heures, \u00e0 la Maison des \u00e9tudiants, sur le campus \u00e0 Poitiers. [&#8230;]<\/p>\n<p style=\"text-align: justify\">Jeudi, \u00e0 la MDE, seront pr\u00e9sents l&rsquo;ambassadeur du Gabon en France, un conseiller sp\u00e9cial du pr\u00e9sident de la R\u00e9publique du Gabon, le directeur g\u00e9n\u00e9ral de l&rsquo;institut gabonais \u00ab\u00a0Son et Image\u00a0\u00bb notamment.<\/p>\n","protected":false},"excerpt":{"rendered":"<p>Avis aux \u00e9tudiant-e-s de Poitiers : des \u00e9minences d&rsquo;Ali Bongo vont d\u00e9barquer \u00e0 Poitiers. Dont \u00ab\u00a0Son Excellence\u00a0\u00bb l&rsquo;ambassadeur du Gabon en France, Germain Ngoyo Moussavou, ancien directeur de cabinet adjoint d&rsquo;Omar Bongo et proche intime d&rsquo;Ali Bongo. Dont aussi un \u00ab\u00a0conseiller sp\u00e9cial du pr\u00e9sident\u00a0\u00bb. Du beau monde, assur\u00e9ment. Ces messieurs seront pr\u00e9sents \u00e0 la maison &hellip; <a href=\"https:\/\/fa86.noblogs.org\/?p=9128\" class=\"more-link\">Continuer la lecture de <span class=\"screen-reader-text\">[Poitiers] Des proches d&rsquo;Ali Bongo \u00e0 la Maison des \u00e9tudiants ce jeudi<\/span> <span class=\"meta-nav\">&rarr;<\/span><\/a><\/p>\n","protected":false},"author":2691,"featured_media":0,"comment_status":"open","ping_status":"open","sticky":false,"template":"","format":"standard","meta":{"footnotes":""},"categories":[8,17,11,16],"tags":[],"class_list":["post-9128","post","type-post","status-publish","format-standard","hentry","category-ecrits","category-education-populaire","category-ni-patrie-ni-frontiere","category-repression"],"_links":{"self":[{"href":"https:\/\/fa86.noblogs.org\/index.php?rest_route=\/wp\/v2\/posts\/9128","targetHints":{"allow":["GET"]}}],"collection":[{"href":"https:\/\/fa86.noblogs.org\/index.php?rest_route=\/wp\/v2\/posts"}],"about":[{"href":"https:\/\/fa86.noblogs.org\/index.php?rest_route=\/wp\/v2\/types\/post"}],"author":[{"embeddable":true,"href":"https:\/\/fa86.noblogs.org\/index.php?rest_route=\/wp\/v2\/users\/2691"}],"replies":[{"embeddable":true,"href":"https:\/\/fa86.noblogs.org\/index.php?rest_route=%2Fwp%2Fv2%2Fcomments&post=9128"}],"version-history":[{"count":2,"href":"https:\/\/fa86.noblogs.org\/index.php?rest_route=\/wp\/v2\/posts\/9128\/revisions"}],"predecessor-version":[{"id":9132,"href":"https:\/\/fa86.noblogs.org\/index.php?rest_route=\/wp\/v2\/posts\/9128\/revisions\/9132"}],"wp:attachment":[{"href":"https:\/\/fa86.noblogs.org\/index.php?rest_route=%2Fwp%2Fv2%2Fmedia&parent=9128"}],"wp:term":[{"taxonomy":"category","embeddable":true,"href":"https:\/\/fa86.noblogs.org\/index.php?rest_route=%2Fwp%2Fv2%2Fcategories&post=9128"},{"taxonomy":"post_tag","embeddable":true,"href":"https:\/\/fa86.noblogs.org\/index.php?rest_route=%2Fwp%2Fv2%2Ftags&post=9128"}],"curies":[{"name":"wp","href":"https:\/\/api.w.org\/{rel}","templated":true}]}}