{"id":9143,"date":"2013-06-06T10:53:59","date_gmt":"2013-06-06T08:53:59","guid":{"rendered":"http:\/\/fa86.noblogs.org\/?p=9143"},"modified":"2013-06-06T13:21:25","modified_gmt":"2013-06-06T11:21:25","slug":"paris-meurtre-de-clement-par-des-fascistes","status":"publish","type":"post","link":"https:\/\/fa86.noblogs.org\/?p=9143","title":{"rendered":"[Paris] Meurtre de Cl\u00e9ment par des fascistes"},"content":{"rendered":"<p style=\"text-align: justify\"><img loading=\"lazy\" decoding=\"async\" class=\"alignnone\" alt=\"\" src=\"https:\/\/juralib.noblogs.org\/files\/2013\/06\/014.jpg\" width=\"300\" height=\"293\" \/><\/p>\n<p style=\"text-align: justify\"><a href=\"http:\/\/lahorde.samizdat.net\/2013\/06\/06\/paris-un-antifasciste-assassine-par-lextreme-droite\/\" target=\"_blank\"><strong>Paris : un antifasciste tu\u00e9 par l&rsquo;extr\u00eame-droite<\/strong><\/a><\/p>\n<p style=\"text-align: justify\"><strong>Un jeune antifasciste a \u00e9t\u00e9 battu \u00e0 mort par des militants d\u2019extr\u00eame droite ce mercredi 5 juin en fin de journ\u00e9e. La Horde fait part de son soutien et de son amiti\u00e9 \u00e0 ses parents et amis.\u00a0A la m\u00e9moire de notre camarade, rendez vous \u00e0 17h aujourd\u2019hui jeudi 6 juin au passage du havre, M\u00e9tro Havre Caumartin, Paris IXe.<\/strong><\/p>\n<p style=\"text-align: justify\"><strong>On est ensemble, on n\u2019oubliera pas\u2026<\/strong><\/p>\n<p style=\"text-align: justify\"><strong>Voici le communiqu\u00e9 de ses amis :<\/strong><\/p>\n<p style=\"text-align: justify\">Le mercredi 5 juin 2013, en sortant d\u2019un magasin de v\u00eatements, pr\u00e8s de la gare Saint-Lazare, Cl\u00e9ment M\u00e9ric, jeune syndicaliste \u00e2g\u00e9 de 18 ans et militant antifasciste a \u00e9t\u00e9 battu \u00e0 mort par des membres de l\u2019extr\u00eame droite radicale. Venu de Brest pour ses \u00e9tudes \u00e0 Sciences Po, il a \u00e9t\u00e9 victime du contexte de violences d\u2019extr\u00eame droite qui s\u2019est d\u00e9velopp\u00e9 ces derniers mois. Il est d\u00e9c\u00e9d\u00e9 des suites de ses blessures, dans la nuit, \u00e0 l\u2019h\u00f4pital de la Piti\u00e9-Salp\u00eatri\u00e8re. Toutes nos pens\u00e9es vont \u00e0 sa famille et \u00e0 ses proches auxquels nous exprimons toute notre solidarit\u00e9.<\/p>\n<p style=\"text-align: justify\">Ses ami-e-s et camarades.<\/p>\n<p style=\"text-align: justify\"><em>La Horde, 6 juin 2013<\/em><\/p>\n<p style=\"text-align: justify\"><a href=\"http:\/\/paris.indymedia.org\/spip.php?article13705\" target=\"_blank\"><strong>(Tours) Les flics et les lois ne nous prot\u00e9geront pas<\/strong><\/a><\/p>\n<p style=\"text-align: justify\">Hier soir \u00e0 18 heures, un camarade parisien est mort sous les coups de plusieurs fascistes. Nous refusons d\u2019avoir peur et il nous semble n\u00e9cessaire de r\u00e9agir collectivement. De trop nombreux groupes d\u2019extr\u00eame droite s\u2019affichent ces derniers temps, multipliant les agressions et\/ou menaces. A Tours, depuis ces trois derniers mois, sept agressions et\/ou menaces ont \u00e9t\u00e9 recens\u00e9es officiellement et plus d\u2019une vingtaine depuis 2007. Ce ne sont pas que des militan\/ts\/tes qui sont agress\/\u00e9s\/\u00e9es. C\u2019est aussi les SDF, homosexue\/ls\/lles, les \u00e9trang\/ers\/\u00e8res, les femmes. Nous n\u2019attendons rien d\u2019une r\u00e9ponse institutionnelle. Nous appelons \u00e0 intensifier toutes formes de ripostes et de r\u00e9voltes face \u00e0 la mont\u00e9e en puissance et \u00e0 la fascination que l\u2019extr\u00eame droite exerce sur l\u2019ensemble de la soci\u00e9t\u00e9.<\/p>\n<p style=\"text-align: justify\">Les flics et les lois ne nous prot\u00e9gerons pas. Rassemblement le jeudi 6 juin devant la mairie de Tours \u00e0 18 heures.<\/p>\n<p style=\"text-align: justify\">Des individu-e-s en lutte<\/p>\n<p style=\"text-align: justify\"><em>Indymedia Paris, 6 juin 2013<\/em><\/p>\n<p style=\"text-align: justify\"><em><strong>NdPN<\/strong> : apr\u00e8s la mort de notre camarade antifasciste, les r\u00e9cup\u00e9rations odieuses se multiplient, et cela nous met en col\u00e8re. A droite bien s\u00fbr, o\u00f9 l&rsquo;on en appelle \u00e0 la r\u00e9pression, alors que les nervis fachos sont abrutis par les id\u00e9es de droite. Mais aussi au PS au pouvoir, qui en appelle \u00e0 manifester alors qu&rsquo;il contribue lui aussi \u00e0 la mont\u00e9e du rejet de l&rsquo;autre avec sa politique anti-immigr\u00e9-e-s, ses expulsions de Roms, ses pr\u00e9fets,\u00a0ses flics, ses juges\u00a0et ses taules, son aide aux riches et son matraquage des pauvres, son \u00ab\u00a0d\u00e9bat citoyen\u00a0\u00bb insupportable avec les homophobes et sexistes tout en n&rsquo;ayant cess\u00e9 d&rsquo;intimider les antifascistes avec ses flics ! En c\u0153ur avec d&rsquo;autres partis de gauche, ces obs\u00e9d\u00e9s du pouvoir, avec leur sale lot de fronti\u00e8res nationales, fronti\u00e8res de classe et fronti\u00e8res de genre, en appellent \u00e0 de nouvelles lois r\u00e9pressives pour contrer les groupuscules d&rsquo;extr\u00eame-droite, qui ne sont que le triste r\u00e9sultat d&rsquo;une <strong>politique globale de haine<\/strong>. Pour notre part nous ne comptons gu\u00e8re sur les lois d&rsquo;Etat pour contrer cette haine et ces divisions qu&rsquo;elles inscrivent dans le marbre ;\u00a0notre antifascisme repose sur la solidarit\u00e9 en actes, l&rsquo;action directe et\u00a0l&rsquo;auto-organisation, entre tou-te-s les exploit\u00e9-e-s, tou-te-s les domin\u00e9-e-s. Pens\u00e9es fraternelles\u00a0pour les\u00a0proches de Cl\u00e9ment, et ses\u00a0compagnes et compagnons\u00a0de lutte.<\/em><\/p>\n<p style=\"text-align: justify\"><strong>A l&rsquo;appel du \u00ab\u00a0Groupe d&rsquo;action unitaire de la Vienne contre l&rsquo;extr\u00eame-droite\u00a0\u00bb, rassemblement ce soir \u00e0 18H30 devant le palais de justice<\/strong> (source :<a href=\"http:\/\/www.npa86.org\/spip.php?article2793\" target=\"_blank\"> npa 86<\/a>)<\/p>\n","protected":false},"excerpt":{"rendered":"<p>Paris : un antifasciste tu\u00e9 par l&rsquo;extr\u00eame-droite Un jeune antifasciste a \u00e9t\u00e9 battu \u00e0 mort par des militants d\u2019extr\u00eame droite ce mercredi 5 juin en fin de journ\u00e9e. La Horde fait part de son soutien et de son amiti\u00e9 \u00e0 ses parents et amis.\u00a0A la m\u00e9moire de notre camarade, rendez vous \u00e0 17h aujourd\u2019hui jeudi &hellip; <a href=\"https:\/\/fa86.noblogs.org\/?p=9143\" class=\"more-link\">Continuer la lecture de <span class=\"screen-reader-text\">[Paris] Meurtre de Cl\u00e9ment par des fascistes<\/span> <span class=\"meta-nav\">&rarr;<\/span><\/a><\/p>\n","protected":false},"author":2691,"featured_media":0,"comment_status":"open","ping_status":"open","sticky":false,"template":"","format":"standard","meta":{"footnotes":""},"categories":[8,6],"tags":[],"class_list":["post-9143","post","type-post","status-publish","format-standard","hentry","category-ecrits","category-paf-le-faf"],"_links":{"self":[{"href":"https:\/\/fa86.noblogs.org\/index.php?rest_route=\/wp\/v2\/posts\/9143","targetHints":{"allow":["GET"]}}],"collection":[{"href":"https:\/\/fa86.noblogs.org\/index.php?rest_route=\/wp\/v2\/posts"}],"about":[{"href":"https:\/\/fa86.noblogs.org\/index.php?rest_route=\/wp\/v2\/types\/post"}],"author":[{"embeddable":true,"href":"https:\/\/fa86.noblogs.org\/index.php?rest_route=\/wp\/v2\/users\/2691"}],"replies":[{"embeddable":true,"href":"https:\/\/fa86.noblogs.org\/index.php?rest_route=%2Fwp%2Fv2%2Fcomments&post=9143"}],"version-history":[{"count":9,"href":"https:\/\/fa86.noblogs.org\/index.php?rest_route=\/wp\/v2\/posts\/9143\/revisions"}],"predecessor-version":[{"id":9145,"href":"https:\/\/fa86.noblogs.org\/index.php?rest_route=\/wp\/v2\/posts\/9143\/revisions\/9145"}],"wp:attachment":[{"href":"https:\/\/fa86.noblogs.org\/index.php?rest_route=%2Fwp%2Fv2%2Fmedia&parent=9143"}],"wp:term":[{"taxonomy":"category","embeddable":true,"href":"https:\/\/fa86.noblogs.org\/index.php?rest_route=%2Fwp%2Fv2%2Fcategories&post=9143"},{"taxonomy":"post_tag","embeddable":true,"href":"https:\/\/fa86.noblogs.org\/index.php?rest_route=%2Fwp%2Fv2%2Ftags&post=9143"}],"curies":[{"name":"wp","href":"https:\/\/api.w.org\/{rel}","templated":true}]}}