{"id":9150,"date":"2013-06-06T11:33:24","date_gmt":"2013-06-06T09:33:24","guid":{"rendered":"http:\/\/fa86.noblogs.org\/?p=9150"},"modified":"2013-06-06T11:33:24","modified_gmt":"2013-06-06T09:33:24","slug":"poitiers-manif-en-soutien-aux-migrant-e-s-et-aux-habitant-e-s-des-squats-en-lutte","status":"publish","type":"post","link":"https:\/\/fa86.noblogs.org\/?p=9150","title":{"rendered":"[Poitiers] Manif en soutien aux migrant-e-s et aux habitant-e-s des squats en lutte"},"content":{"rendered":"<p style=\"text-align: justify\"><a href=\"http:\/\/www.lanouvellerepublique.fr\/Vienne\/Actualite\/Economie-social\/n\/Contenus\/Articles\/2013\/06\/06\/Pour-la-regularisation-des-sans-papiers-1494284\" target=\"_blank\"><strong>Pour la r\u00e9gularisation des sans-papiers<\/strong><\/a><\/p>\n<figure style=\"width: 600px\" class=\"wp-caption alignnone\"><img loading=\"lazy\" decoding=\"async\" alt=\"\" src=\"http:\/\/www.lanouvellerepublique.fr\/var\/nrv2\/storage\/images\/contenus\/articles\/2013\/06\/06\/pour-la-regularisation-des-sans-papiers-1494284\/27975512-1-fre-FR\/Pour-la-regularisation-des-sans-papiers_reference.jpg\" width=\"600\" height=\"360\" \/><figcaption class=\"wp-caption-text\">Hier soir, au d\u00e9part de la manifestation devant le palais de justice.<\/figcaption><\/figure>\n<p style=\"text-align: justify\">Plus d&rsquo;une centaine de personnes ont manifest\u00e9 hier dans le centre-ville pour demander l&rsquo;arr\u00eat des expulsions des Roms et des sans-papiers. A l&rsquo;appel du collectif poitevin \u00ab\u00a0D&rsquo;ailleurs, nous sommes d&rsquo;ici\u00a0\u00bb qui f\u00e9d\u00e8re de nombreuses associations, mouvements et partis politiques, celles-ci ont d\u00e9fil\u00e9 du palais de justice \u00e0 la mairie en passant par la pr\u00e9fecture. Depuis plusieurs semaines, d\u00e9nonce le collectif, <i>\u00ab\u00a0quelque 70\u00a0personnes (Roms, G\u00e9orgiens, Arm\u00e9niens et Az\u00e9ris) se sont r\u00e9fugi\u00e9es dans un ancien foyer d&rsquo;accueil de la ville et dans deux pavillons d\u00e9saffect\u00e9s de Logiparc. La seule r\u00e9ponse qu&rsquo;on leur apporte, c&rsquo;est de demander \u00e0 la justice leur expulsion.\u00a0\u00bb <\/i>Le collectif soutient ces occupations et demande \u00e0 la mairie et \u00e0 Logiparc l&rsquo;annulation des proc\u00e9dures judiciaires et la mise en place, sous l&rsquo;autorit\u00e9 de la pr\u00e9fecture, d&rsquo;une <i>\u00ab\u00a0v\u00e9ritable concertation\u00a0\u00bb. <\/i>Au-del\u00e0, estiment les manifestants, cette situation des Roms renvoie \u00e0 d&rsquo;autres situations de pr\u00e9carit\u00e9 v\u00e9cues par de nombreux sans papiers. Ainsi les taxes de r\u00e9gularisation (jusqu&rsquo;\u00e0 600\u2009\u20ac par personne) institu\u00e9es par le gouvernement pr\u00e9c\u00e9dent n&rsquo;ont pas \u00e9t\u00e9 abrog\u00e9es.<i> \u00ab\u00a0Comment trouver une telle somme quand on est sans papiers et donc sans autorisation de travailler\u00a0\u00bb <\/i>s&rsquo;insurge enfin le collectif.<\/p>\n<p style=\"text-align: justify\"><em>J.-M.G., Nouvelle R\u00e9publique, 6 juin 2013<\/em><\/p>\n","protected":false},"excerpt":{"rendered":"<p>Pour la r\u00e9gularisation des sans-papiers Plus d&rsquo;une centaine de personnes ont manifest\u00e9 hier dans le centre-ville pour demander l&rsquo;arr\u00eat des expulsions des Roms et des sans-papiers. A l&rsquo;appel du collectif poitevin \u00ab\u00a0D&rsquo;ailleurs, nous sommes d&rsquo;ici\u00a0\u00bb qui f\u00e9d\u00e8re de nombreuses associations, mouvements et partis politiques, celles-ci ont d\u00e9fil\u00e9 du palais de justice \u00e0 la mairie en &hellip; <a href=\"https:\/\/fa86.noblogs.org\/?p=9150\" class=\"more-link\">Continuer la lecture de <span class=\"screen-reader-text\">[Poitiers] Manif en soutien aux migrant-e-s et aux habitant-e-s des squats en lutte<\/span> <span class=\"meta-nav\">&rarr;<\/span><\/a><\/p>\n","protected":false},"author":2691,"featured_media":0,"comment_status":"open","ping_status":"open","sticky":false,"template":"","format":"standard","meta":{"footnotes":""},"categories":[11,12],"tags":[],"class_list":["post-9150","post","type-post","status-publish","format-standard","hentry","category-ni-patrie-ni-frontiere","category-okupa-y-resiste"],"_links":{"self":[{"href":"https:\/\/fa86.noblogs.org\/index.php?rest_route=\/wp\/v2\/posts\/9150","targetHints":{"allow":["GET"]}}],"collection":[{"href":"https:\/\/fa86.noblogs.org\/index.php?rest_route=\/wp\/v2\/posts"}],"about":[{"href":"https:\/\/fa86.noblogs.org\/index.php?rest_route=\/wp\/v2\/types\/post"}],"author":[{"embeddable":true,"href":"https:\/\/fa86.noblogs.org\/index.php?rest_route=\/wp\/v2\/users\/2691"}],"replies":[{"embeddable":true,"href":"https:\/\/fa86.noblogs.org\/index.php?rest_route=%2Fwp%2Fv2%2Fcomments&post=9150"}],"version-history":[{"count":1,"href":"https:\/\/fa86.noblogs.org\/index.php?rest_route=\/wp\/v2\/posts\/9150\/revisions"}],"predecessor-version":[{"id":9151,"href":"https:\/\/fa86.noblogs.org\/index.php?rest_route=\/wp\/v2\/posts\/9150\/revisions\/9151"}],"wp:attachment":[{"href":"https:\/\/fa86.noblogs.org\/index.php?rest_route=%2Fwp%2Fv2%2Fmedia&parent=9150"}],"wp:term":[{"taxonomy":"category","embeddable":true,"href":"https:\/\/fa86.noblogs.org\/index.php?rest_route=%2Fwp%2Fv2%2Fcategories&post=9150"},{"taxonomy":"post_tag","embeddable":true,"href":"https:\/\/fa86.noblogs.org\/index.php?rest_route=%2Fwp%2Fv2%2Ftags&post=9150"}],"curies":[{"name":"wp","href":"https:\/\/api.w.org\/{rel}","templated":true}]}}