{"id":9155,"date":"2013-06-06T12:26:26","date_gmt":"2013-06-06T10:26:26","guid":{"rendered":"http:\/\/fa86.noblogs.org\/?p=9155"},"modified":"2013-06-06T12:26:26","modified_gmt":"2013-06-06T10:26:26","slug":"reeducation-nationale-des-emplois-davenir-precaires-et-mal-payes-pour-remplacer-des-titulaires","status":"publish","type":"post","link":"https:\/\/fa86.noblogs.org\/?p=9155","title":{"rendered":"[R\u00e9\u00e9ducation Nationale] Des \u00ab\u00a0emplois d&rsquo;avenir\u00a0\u00bb pr\u00e9caires et mal pay\u00e9s pour remplacer des titulaires"},"content":{"rendered":"<p style=\"text-align: justify\"><a href=\"https:\/\/fa86.noblogs.org\/files\/2013\/06\/precarite.jpg\"><img loading=\"lazy\" decoding=\"async\" class=\"alignnone size-full wp-image-9156\" alt=\"precarite\" src=\"https:\/\/fa86.noblogs.org\/files\/2013\/06\/precarite.jpg\" width=\"500\" height=\"250\" srcset=\"https:\/\/fa86.noblogs.org\/files\/2013\/06\/precarite.jpg 500w, https:\/\/fa86.noblogs.org\/files\/2013\/06\/precarite-300x150.jpg 300w\" sizes=\"auto, (max-width: 500px) 100vw, 500px\" \/><\/a><\/p>\n<p style=\"text-align: justify\"><em><strong>NdPN<\/strong> : tout est dans <\/em><strong>notre<\/strong> <em>titre : il s&rsquo;agit \u00e0 terme de pr\u00e9cariser les personnels d&rsquo;\u00e9ducation et de les payer moins. Et tant pis pour les oppositions, le rectorat recrutera \u00ab\u00a0quoiqu&rsquo;il arrive\u00a0\u00bb, quitte \u00e0 faire de la \u00ab\u00a0p\u00e9dagogie\u00a0\u00bb (LOL).\u00a0Voir aussi nos commentaires ajout\u00e9s en gras dans cet article de la NR.<\/em><\/p>\n<p style=\"text-align: justify\"><a href=\"http:\/\/www.lanouvellerepublique.fr\/Vienne\/Actualite\/Education\/n\/Contenus\/Articles\/2013\/06\/06\/Les-emplois-d-avenir-ne-remplaceront-pas-les-profs-1494400\" target=\"_blank\"><strong>Les emplois d&rsquo;avenir ne remplaceront pas les profs<\/strong><\/a><\/p>\n<p id=\"articleChapo\" style=\"text-align: justify\">Le rectorat recrute \u00e0 marche forc\u00e9e les emplois d\u2019avenir professeurs (EAP). \u00c7a n\u2019est pas fait pour rassurer la communaut\u00e9 \u00e9ducative.<a href=\"http:\/\/memorix.sdv.fr\/5c\/www.lanouvellerepublique.fr\/actualite\/education_articles\/86\/horszone\/1472789902\/Position1\/default\/empty.gif\/5575556e5556477674587741426c4e52\" target=\"_blank\"><img loading=\"lazy\" decoding=\"async\" alt=\"\" src=\"http:\/\/memorix.sdv.fr\/0\/default\/empty.gif\" width=\"1\" height=\"1\" border=\"0\" \/><\/a><\/p>\n<div id=\"text\" style=\"text-align: justify\">\n<p>Les emplois d&rsquo;avenir constituent l&rsquo;outil majeur du gouvernement pour tenir la promesse de Fran\u00e7ois Hollande \u00ab\u00a0<i>d&rsquo;inverser la courbe du ch\u00f4mage d&rsquo;ici la fin de l&rsquo;ann\u00e9e\u00a0<\/i>\u00bb. Et leur d\u00e9clinaison dans l&rsquo;\u00c9ducation nationale, les emplois d&rsquo;avenir professeur (EAP), fait partie de la strat\u00e9gie. En Poitou-Charentes, le recteur pousse les feux pour que l&rsquo;acad\u00e9mie atteigne son objectif\u2009: 80\u00a0recrutements depuis le d\u00e9but de l&rsquo;ann\u00e9e et 62\u00a0d&rsquo;ici la rentr\u00e9e prochaine.<\/p>\n<p><b>L&rsquo;universit\u00e9 h\u00e9site<\/b><\/p>\n<p>Sauf que ces fameux EAP, promis \u00e0 des \u00e9tudiants boursiers et issus des quartiers les moins favoris\u00e9s afin qu&rsquo;ils mettent un premier pied, douze heures pas semaine contre un salaire de 400\u2009\u20ac<strong> [NdPN\u00a0: rien \u00e0 voir avec le salaire auxquels ont droit les personnels \u00e9ducatifs titulaires pour le m\u00eame boulot !]<\/strong>\u00a0dans la profession qui les attire, inqui\u00e8tent une partie de la communaut\u00e9 \u00e9ducative. La semaine derni\u00e8re, le conseil d&rsquo;administration de l&rsquo;universit\u00e9 de Poitiers a demand\u00e9 des garanties avant de d&rsquo;approuver le dispositif et d\u00e9cid\u00e9 de surseoir \u00e0 son vote. Yves Jean, son pr\u00e9sident, explique qu&rsquo;il y serait favorable \u00ab\u00a0<i>si le volume horaire des stagiaires est acceptable\u2009: 12\u2009h pour des \u00e9tudiants de L2 ou L3, c&rsquo;est trop\u00a0<\/i>\u00bb. Il a \u00e9crit aux deux ministres, de l&rsquo;\u00c9ducation nationale et de l&rsquo;Enseignement sup\u00e9rieur, pour expliquer son point de vue.<\/p>\n<p><b>Victor-Hugo s&rsquo;interroge<\/b><\/p>\n<p>Au lyc\u00e9e Victor-Hugo, \u00e0 Poitiers, le conseil d&rsquo;administration a carr\u00e9ment vot\u00e9 contre, \u00e0 une courte majorit\u00e9. Cet \u00e9tablissement est cens\u00e9 \u00eatre le lyc\u00e9e employeur des EAP pour la Vienne. L\u00e0 encore, l&rsquo;inqui\u00e9tude porte sur l&#8217;emploi qui sera fait des \u00e9tudiants. Devront-ils rattraper les heures qu&rsquo;ils ne pourront accomplir en p\u00e9riode d&rsquo;examen\u2009? Quelles seront leur mission\u2009? Comment et par qui seront-ils encadr\u00e9s\u2009? La proviseure de l&rsquo;\u00e9tablissement avait convoqu\u00e9 un conseil d&rsquo;administration extraordinaire, ce soir, avant de l&rsquo;annuler.<\/p>\n<p><b>Le rectorat explique<\/b><\/p>\n<p>Car du c\u00f4t\u00e9 du rectorat, on assure mordicus que les recrutements seront men\u00e9s \u00e0 bien, quoi qu&rsquo;il arrive, m\u00eame si on calme le jeu en faisant un peu de p\u00e9dagogie. \u00ab\u00a0<i>En aucun cas, les EAP ne seront l\u00e0 pour suppl\u00e9er les enseignants, <\/i>assure le service de communication du recteur.<i> L&rsquo;objectif est de mettre leur mettre le pied \u00e0 l&rsquo;\u00e9trier.\u00a0<\/i>\u00bb Les douze heures hebdomadaires \u00ab\u00a0<i>ne sont qu&rsquo;une moyenne\u00a0<\/i>\u00bb, assure la m\u00eame source, et ne repr\u00e9sentent pas le temps r\u00e9el de pr\u00e9sence des apprentis professeurs. Les EAP \u00ab\u00a0<i>pourront concilier au mieux cet emploi et leurs \u00e9tudes\u00a0<\/i>\u00bb, promet le rectorat. Et leurs missions seront tr\u00e8s encadr\u00e9es\u2009: observation active, accompagnement p\u00e9ri-\u00e9ducatif, etc. Et, quand ils seront progressivement amen\u00e9s \u00e0 faire cours \u00e0 des \u00e9l\u00e8ves <strong>[NdPN : ah, quand m\u00eame, c&rsquo;est dit]<\/strong>, \u00ab\u00a0<i>\u00e7a sera uniquement en pr\u00e9sence d&rsquo;un enseignant tuteur\u00a0<\/i><strong>\u00bb.[NdPN : Comme avec tous ces profs d\u00e9butants l\u00e2ch\u00e9s devant des classes depuis plusieurs ann\u00e9es sans\u00a0r\u00e9els suivi ni formation ?]<\/strong><\/p>\n<p><em>Philippe Bonnet, Nouvelle R\u00e9publique, 6 juin 2013<\/em><\/p>\n<\/div>\n","protected":false},"excerpt":{"rendered":"<p>NdPN : tout est dans notre titre : il s&rsquo;agit \u00e0 terme de pr\u00e9cariser les personnels d&rsquo;\u00e9ducation et de les payer moins. Et tant pis pour les oppositions, le rectorat recrutera \u00ab\u00a0quoiqu&rsquo;il arrive\u00a0\u00bb, quitte \u00e0 faire de la \u00ab\u00a0p\u00e9dagogie\u00a0\u00bb (LOL).\u00a0Voir aussi nos commentaires ajout\u00e9s en gras dans cet article de la NR. Les emplois d&rsquo;avenir &hellip; <a href=\"https:\/\/fa86.noblogs.org\/?p=9155\" class=\"more-link\">Continuer la lecture de <span class=\"screen-reader-text\">[R\u00e9\u00e9ducation Nationale] Des \u00ab\u00a0emplois d&rsquo;avenir\u00a0\u00bb pr\u00e9caires et mal pay\u00e9s pour remplacer des titulaires<\/span> <span class=\"meta-nav\">&rarr;<\/span><\/a><\/p>\n","protected":false},"author":2691,"featured_media":0,"comment_status":"open","ping_status":"open","sticky":false,"template":"","format":"standard","meta":{"footnotes":""},"categories":[17,22],"tags":[],"class_list":["post-9155","post","type-post","status-publish","format-standard","hentry","category-education-populaire","category-le-travail-tue"],"_links":{"self":[{"href":"https:\/\/fa86.noblogs.org\/index.php?rest_route=\/wp\/v2\/posts\/9155","targetHints":{"allow":["GET"]}}],"collection":[{"href":"https:\/\/fa86.noblogs.org\/index.php?rest_route=\/wp\/v2\/posts"}],"about":[{"href":"https:\/\/fa86.noblogs.org\/index.php?rest_route=\/wp\/v2\/types\/post"}],"author":[{"embeddable":true,"href":"https:\/\/fa86.noblogs.org\/index.php?rest_route=\/wp\/v2\/users\/2691"}],"replies":[{"embeddable":true,"href":"https:\/\/fa86.noblogs.org\/index.php?rest_route=%2Fwp%2Fv2%2Fcomments&post=9155"}],"version-history":[{"count":2,"href":"https:\/\/fa86.noblogs.org\/index.php?rest_route=\/wp\/v2\/posts\/9155\/revisions"}],"predecessor-version":[{"id":9158,"href":"https:\/\/fa86.noblogs.org\/index.php?rest_route=\/wp\/v2\/posts\/9155\/revisions\/9158"}],"wp:attachment":[{"href":"https:\/\/fa86.noblogs.org\/index.php?rest_route=%2Fwp%2Fv2%2Fmedia&parent=9155"}],"wp:term":[{"taxonomy":"category","embeddable":true,"href":"https:\/\/fa86.noblogs.org\/index.php?rest_route=%2Fwp%2Fv2%2Fcategories&post=9155"},{"taxonomy":"post_tag","embeddable":true,"href":"https:\/\/fa86.noblogs.org\/index.php?rest_route=%2Fwp%2Fv2%2Ftags&post=9155"}],"curies":[{"name":"wp","href":"https:\/\/api.w.org\/{rel}","templated":true}]}}