{"id":9161,"date":"2013-06-06T13:01:59","date_gmt":"2013-06-06T11:01:59","guid":{"rendered":"http:\/\/fa86.noblogs.org\/?p=9161"},"modified":"2013-06-06T13:02:31","modified_gmt":"2013-06-06T11:02:31","slug":"chauvigny-86-projet-de-betonnisation-capitaliste-au-planty","status":"publish","type":"post","link":"https:\/\/fa86.noblogs.org\/?p=9161","title":{"rendered":"[Chauvigny &#8211; 86] Projet de b\u00e9tonnisation capitaliste au Planty"},"content":{"rendered":"<p style=\"text-align: justify\">Quand l&rsquo;\u00e9conomie d\u00e9montre chaque jour sa faillite sociale et \u00e9cologique, elle en rajoute encore une louche dans la fuite en avant vers l&rsquo;effondrement.<\/p>\n<p style=\"text-align: justify\">Encore un nouveau projet pourri de cr\u00e9ation de zone \u00e9conomique dans la Vienne rurale. 25 hectares \u00ab\u00a0am\u00e9nag\u00e9s\u00a0\u00bb \u00e0 c\u00f4t\u00e9 de Chauvigny, au Planty. Avec comme d&rsquo;habitude, dans le r\u00f4le principal,\u00a0les institutions \u00ab\u00a0repr\u00e9sentatives\u00a0\u00bb,\u00a0pr\u00eates \u00e0 expulser les paysans d&rsquo;une main, balourdant l&rsquo;argent public de l&rsquo;autre ; la communaut\u00e9 de communes financera quant \u00e0 elle\u00a0\u00e0 hauteur de 25%, soit la bagatelle 1,2 millions d&rsquo;euros&#8230;<\/p>\n<p style=\"text-align: justify\">Pour plus d&rsquo;efficacit\u00e9 dans le dispositif, la commune de Chauvigny a conc\u00e9d\u00e9 \u00e0 la Communaut\u00e9 de communes son droit de pr\u00e9emption sur le terrain (priorit\u00e9 en cas de cession de terrains). Ce droit va bien entendu avec celui\u00a0de forcer ladite cession, en\u00a0lan\u00e7ant si n\u00e9cessaire une proc\u00e9dure de d\u00e9claration d&rsquo;utilit\u00e9 publique&#8230; pour exproprier comme il se doit les paysans qui refuseraient (et refusent manifestement !)\u00a0de laisser leurs terres pour une somme d\u00e9risoire \u00e0 des b\u00e9tonneurs sans scrupules. Le tout \u00e9videmment badigeonn\u00e9 d&rsquo;une bonne couche de \u00ab\u00a0haute qualit\u00e9 environnementale\u00a0\u00bb.<\/p>\n<p style=\"text-align: justify\">Voir plusieurs articles de la NR, <a href=\"http:\/\/www.lanouvellerepublique.fr\/Vienne\/Actualite\/Politique\/n\/Contenus\/Articles\/2013\/04\/13\/Terrains-du-Planty-Des-negociations-difficiles-1409276\" target=\"_blank\"><strong>ici<\/strong> <\/a>et <a href=\"http:\/\/www.lanouvellerepublique.fr\/Vienne\/Actualite\/Politique\/n\/Contenus\/Articles\/2013\/06\/06\/Au-Planty-la-communaute-n-exclut-pas-l-expropriation-1494397\" target=\"_blank\"><strong>l\u00e0<\/strong><\/a>.<\/p>\n<p style=\"text-align: justify\"><em>NdPN : Une photo de la NR sur la zone \u00e0 <del>d\u00e9truire<\/del> am\u00e9nager.<\/em><\/p>\n<p style=\"text-align: justify\"><img loading=\"lazy\" decoding=\"async\" class=\"alignnone\" alt=\"\" src=\"http:\/\/www.lanouvellerepublique.fr\/var\/nrv2\/storage\/images\/contenus\/articles\/2013\/04\/21\/au-planty-la-delicate-phase-d-acquisition-des-terrains-1420146\/26589481-1-fre-FR\/Au-Planty-la-delicate-phase-d-acquisition-des-terrains_reference.jpg\" width=\"600\" height=\"474\" \/><\/p>\n<p style=\"text-align: justify\"><em>Pavillon Noir, 6 juin 2013<\/em><\/p>\n","protected":false},"excerpt":{"rendered":"<p>Quand l&rsquo;\u00e9conomie d\u00e9montre chaque jour sa faillite sociale et \u00e9cologique, elle en rajoute encore une louche dans la fuite en avant vers l&rsquo;effondrement. Encore un nouveau projet pourri de cr\u00e9ation de zone \u00e9conomique dans la Vienne rurale. 25 hectares \u00ab\u00a0am\u00e9nag\u00e9s\u00a0\u00bb \u00e0 c\u00f4t\u00e9 de Chauvigny, au Planty. Avec comme d&rsquo;habitude, dans le r\u00f4le principal,\u00a0les institutions \u00ab\u00a0repr\u00e9sentatives\u00a0\u00bb,\u00a0pr\u00eates &hellip; <a href=\"https:\/\/fa86.noblogs.org\/?p=9161\" class=\"more-link\">Continuer la lecture de <span class=\"screen-reader-text\">[Chauvigny &#8211; 86] Projet de b\u00e9tonnisation capitaliste au Planty<\/span> <span class=\"meta-nav\">&rarr;<\/span><\/a><\/p>\n","protected":false},"author":2691,"featured_media":0,"comment_status":"open","ping_status":"open","sticky":false,"template":"","format":"standard","meta":{"footnotes":""},"categories":[18,21,8,12],"tags":[],"class_list":["post-9161","post","type-post","status-publish","format-standard","hentry","category-decroissance-libertaire","category-desinformation-bourgeoise","category-ecrits","category-okupa-y-resiste"],"_links":{"self":[{"href":"https:\/\/fa86.noblogs.org\/index.php?rest_route=\/wp\/v2\/posts\/9161","targetHints":{"allow":["GET"]}}],"collection":[{"href":"https:\/\/fa86.noblogs.org\/index.php?rest_route=\/wp\/v2\/posts"}],"about":[{"href":"https:\/\/fa86.noblogs.org\/index.php?rest_route=\/wp\/v2\/types\/post"}],"author":[{"embeddable":true,"href":"https:\/\/fa86.noblogs.org\/index.php?rest_route=\/wp\/v2\/users\/2691"}],"replies":[{"embeddable":true,"href":"https:\/\/fa86.noblogs.org\/index.php?rest_route=%2Fwp%2Fv2%2Fcomments&post=9161"}],"version-history":[{"count":2,"href":"https:\/\/fa86.noblogs.org\/index.php?rest_route=\/wp\/v2\/posts\/9161\/revisions"}],"predecessor-version":[{"id":9163,"href":"https:\/\/fa86.noblogs.org\/index.php?rest_route=\/wp\/v2\/posts\/9161\/revisions\/9163"}],"wp:attachment":[{"href":"https:\/\/fa86.noblogs.org\/index.php?rest_route=%2Fwp%2Fv2%2Fmedia&parent=9161"}],"wp:term":[{"taxonomy":"category","embeddable":true,"href":"https:\/\/fa86.noblogs.org\/index.php?rest_route=%2Fwp%2Fv2%2Fcategories&post=9161"},{"taxonomy":"post_tag","embeddable":true,"href":"https:\/\/fa86.noblogs.org\/index.php?rest_route=%2Fwp%2Fv2%2Ftags&post=9161"}],"curies":[{"name":"wp","href":"https:\/\/api.w.org\/{rel}","templated":true}]}}