{"id":9166,"date":"2013-06-06T14:22:51","date_gmt":"2013-06-06T12:22:51","guid":{"rendered":"http:\/\/fa86.noblogs.org\/?p=9166"},"modified":"2013-06-06T14:23:15","modified_gmt":"2013-06-06T12:23:15","slug":"communique-fa-hommage-a-clement-antifascistes-a-jamais","status":"publish","type":"post","link":"https:\/\/fa86.noblogs.org\/?p=9166","title":{"rendered":"[Communiqu\u00e9 f\u00e9d\u00e9ral FA] Hommage \u00e0 Cl\u00e9ment, antifascistes \u00e0 jamais !"},"content":{"rendered":"<p style=\"text-align: justify\"><a href=\"http:\/\/www.federation-anarchiste.org\/spip.php?article1166\" target=\"_blank\"><strong>Communiqu\u00e9 officiel\u00a0: Hommage \u00e0 Cl\u00e9ment, antifascistes \u00e0 jamais\u00a0!<\/strong><\/a><\/p>\n<p style=\"text-align: justify\">Cl\u00e9ment, 18 ans, est mort, tu\u00e9 par des fascistes le 5 juin, pr\u00e8s de Saint-Lazare. Une phrase suffit pour exprimer toute la gravit\u00e9 de la situation.<\/p>\n<p style=\"text-align: justify\">Le fascisme et les fascistes n\u2019appartiennent pas au pass\u00e9, la menace est toujours l\u00e0, ils nous l\u2019ont prouv\u00e9. Face \u00e0 eux, nous devons nous organiser, lutter, faire bloc. Leur montrer que nous serons toujours l\u00e0 pour leur barrer la route. Que leurs id\u00e9es ne valent pas les n\u00f4tres, qu\u2019il n\u2019y a aucun d\u00e9bat \u00e0 avoir.<\/p>\n<p style=\"text-align: justify\">Il nous faut \u00e9galement d\u00e9noncer vivement les r\u00e9cup\u00e9rations malsaines et politiciennes d\u00e9j\u00e0 mises en place par des organisations sociales-d\u00e9mocrates absentes de la r\u00e9alit\u00e9 de la lutte antifasciste. Nous pensons particuli\u00e8rement \u00e0 l\u2019Unef et au Parti de Gauche qui n\u2019ont pas attendu pour organiser chacun un rassemblement en hommage \u00e0 notre camarade. \u00c0 d\u00e9faut d\u2019agir, ces gens s\u2019approprient les morts, ils sont moins remuants. On entend d\u00e9j\u00e0 les appels \u00e0 la Justice, \u00e0 l\u2019Etat, et au gouvernement pour qu\u2019ils interdisent les organisations fascistes mais depuis combien de temps les organisations et les groupes r\u00e9volutionnaires tirent-ils la sonnette d\u2019alarme\u00a0?<\/p>\n<p style=\"text-align: justify\">Cl\u00e9ment \u00e9tait militant \u00e0 l\u2019Action Antifasciste Paris-Banlieue et \u00e0 Solidaires Etudiant-e-s Sciences Po, il \u00e9tait antifasciste et r\u00e9volutionnaire.<\/p>\n<p style=\"text-align: justify\">La F\u00e9d\u00e9ration Anarchiste adresse modestement ses condol\u00e9ances \u00e0 la famille et aux proches de Cl\u00e9ment, et affirme qu\u2019elle s\u2019alliera \u00e0 toutes les forces r\u00e9volutionnaires, progressistes et honn\u00eates pour rendre hommage \u00e0 Cl\u00e9ment et continuer \u00e0 d\u00e9fendre son engagement qui n\u2019est pas mort avec lui.<\/p>\n<p style=\"text-align: justify\"><strong>F\u00e9d\u00e9ration Anarchiste, 6 juin 2013<\/strong><\/p>\n<p style=\"text-align: justify\"><strong>NdPN<\/strong> : pour rappel, infos et commentaires <a href=\"https:\/\/fa86.noblogs.org\/?p=9143\" target=\"_blank\">sur notre pr\u00e9c\u00e9dent billet de ce matin<\/a>.<\/p>\n<h2 style=\"text-align: justify\"><strong>A l\u2019appel du \u201cGroupe d\u2019action unitaire de la Vienne contre l\u2019extr\u00eame-droite\u201d, rassemblement ce soir \u00e0 18H30 devant le palais de justice<\/strong> (source :<a href=\"http:\/\/www.npa86.org\/spip.php?article2793\" target=\"_blank\"> npa 86<\/a>)<\/h2>\n","protected":false},"excerpt":{"rendered":"<p>Communiqu\u00e9 officiel\u00a0: Hommage \u00e0 Cl\u00e9ment, antifascistes \u00e0 jamais\u00a0! Cl\u00e9ment, 18 ans, est mort, tu\u00e9 par des fascistes le 5 juin, pr\u00e8s de Saint-Lazare. Une phrase suffit pour exprimer toute la gravit\u00e9 de la situation. Le fascisme et les fascistes n\u2019appartiennent pas au pass\u00e9, la menace est toujours l\u00e0, ils nous l\u2019ont prouv\u00e9. Face \u00e0 eux, &hellip; <a href=\"https:\/\/fa86.noblogs.org\/?p=9166\" class=\"more-link\">Continuer la lecture de <span class=\"screen-reader-text\">[Communiqu\u00e9 f\u00e9d\u00e9ral FA] Hommage \u00e0 Cl\u00e9ment, antifascistes \u00e0 jamais !<\/span> <span class=\"meta-nav\">&rarr;<\/span><\/a><\/p>\n","protected":false},"author":2691,"featured_media":0,"comment_status":"open","ping_status":"open","sticky":false,"template":"","format":"standard","meta":{"footnotes":""},"categories":[6,4],"tags":[],"class_list":["post-9166","post","type-post","status-publish","format-standard","hentry","category-paf-le-faf","category-se-trouver"],"_links":{"self":[{"href":"https:\/\/fa86.noblogs.org\/index.php?rest_route=\/wp\/v2\/posts\/9166","targetHints":{"allow":["GET"]}}],"collection":[{"href":"https:\/\/fa86.noblogs.org\/index.php?rest_route=\/wp\/v2\/posts"}],"about":[{"href":"https:\/\/fa86.noblogs.org\/index.php?rest_route=\/wp\/v2\/types\/post"}],"author":[{"embeddable":true,"href":"https:\/\/fa86.noblogs.org\/index.php?rest_route=\/wp\/v2\/users\/2691"}],"replies":[{"embeddable":true,"href":"https:\/\/fa86.noblogs.org\/index.php?rest_route=%2Fwp%2Fv2%2Fcomments&post=9166"}],"version-history":[{"count":3,"href":"https:\/\/fa86.noblogs.org\/index.php?rest_route=\/wp\/v2\/posts\/9166\/revisions"}],"predecessor-version":[{"id":9169,"href":"https:\/\/fa86.noblogs.org\/index.php?rest_route=\/wp\/v2\/posts\/9166\/revisions\/9169"}],"wp:attachment":[{"href":"https:\/\/fa86.noblogs.org\/index.php?rest_route=%2Fwp%2Fv2%2Fmedia&parent=9166"}],"wp:term":[{"taxonomy":"category","embeddable":true,"href":"https:\/\/fa86.noblogs.org\/index.php?rest_route=%2Fwp%2Fv2%2Fcategories&post=9166"},{"taxonomy":"post_tag","embeddable":true,"href":"https:\/\/fa86.noblogs.org\/index.php?rest_route=%2Fwp%2Fv2%2Ftags&post=9166"}],"curies":[{"name":"wp","href":"https:\/\/api.w.org\/{rel}","templated":true}]}}