{"id":9172,"date":"2013-06-07T00:27:43","date_gmt":"2013-06-06T22:27:43","guid":{"rendered":"http:\/\/fa86.noblogs.org\/?p=9172"},"modified":"2013-06-07T09:03:17","modified_gmt":"2013-06-07T07:03:17","slug":"poitiers-une-belle-manif-en-hommage-a-clement-qui-se-termine-par-des-arrestations","status":"publish","type":"post","link":"https:\/\/fa86.noblogs.org\/?p=9172","title":{"rendered":"[Poitiers] Une belle manif en hommage \u00e0 Cl\u00e9ment, qui se termine par des arrestations"},"content":{"rendered":"<p style=\"text-align: justify\"><em><strong>NdPN<\/strong> : Contrairement \u00e0 <a href=\"http:\/\/www.lanouvellerepublique.fr\/Vienne\/Services\/Toutes-les-DMAs\/n\/Contenus\/DMAs\/2013\/06\/06\/Hommage-silencieux-a-Clement-Meric-devant-le-tribunal-de-Poitiers-1495420\" target=\"_blank\">ce que raconte la NR<\/a>, il y a bel et bien eu\u00a0une manif aujourd&rsquo;hui, \u00e0 la fois digne et forte, en hommage \u00e0 Cl\u00e9ment. Pour affirmer clairement que l&rsquo;engagement syndicaliste et r\u00e9volutionnaire qu&rsquo;il avait n&rsquo;est pas mort avec lui. Divers slogans, tracts et banderoles ont t\u00e9moign\u00e9 de l&rsquo;envie commune de partager la tristesse, mais aussi la col\u00e8re et la d\u00e9termination. H\u00e9las les policiers n&rsquo;ont cess\u00e9 de mettre la pression en filmant les manifestant-e-s, de fa\u00e7on ind\u00e9cente vu ce qui nous rassemblait. Apr\u00e8s la manif, deux personnes ont \u00e9t\u00e9 arr\u00eat\u00e9es. Nous transmettons ici les infos qui\u00a0circulent sur plusieurs listes militantes poitevines. Plus d&rsquo;infos quand on aura des nouvelles des deux camarades, qu&rsquo;on esp\u00e8re retrouver tr\u00e8s vite.<\/em><\/p>\n<p style=\"text-align: justify\">Aujourd&rsquo;hui\u00a0\u00e0 Poitiers a eu lieu une manif antifa en r\u00e9action \u00e0 la mort de Cl\u00e9ment (antifasciste paris banlieue). A 18h30 entre 250 et 300 personnes se sont rassembl\u00e9es place du palais de justice et sont parties en manif dans le centre ville de Poitiers. Cette manif s&rsquo;est termin\u00e9e place du march\u00e9, et certain-e-s en ont profit\u00e9 pour prendre un ap\u00e9ro sur les terrasses ensoleill\u00e9es des bars. Pendant plus d&rsquo;1h30 une vingtaine de flics dont des hauts plac\u00e9s n&rsquo;ont cess\u00e9 de filmer, photographier et \u00e9pier les moindres gestes des personnes pr\u00e9sentes sur les terrasses.\u00a0 Cette petite histoire se termine (encore une fois) mal, <strong>en effet 2 personnes ont \u00e9t\u00e9 interpell\u00e9es pour \u00ab\u00a0attroupement ill\u00e9gal\u00a0\u00bb et \u00ab\u00a0insultes envers des forces de l&rsquo;ordre<\/strong>\u00ab\u00a0&#8230;. Ces personnes risquent de passer\u00a0au minimum 4heures au poste et voir plus si <em>affinit\u00e9s&#8230;<\/em><\/p>\n<p>Les flics et les autorit\u00e9s de Poitiers continuent d&rsquo;utiliser leur nouvelle arme: \u00ab\u00a0la manif ill\u00e9gale\u00a0\u00bb.\u00a0 Un cas parmi tant d&rsquo;autres&#8230;. <a href=\"http:\/\/www.antirep86.fr\/2012\/11\/19\/la-liberte-dexpression-ne-se-demande-pas-elle-se-prend\/\" target=\"_blank\" rel=\"nofollow\">http:\/\/www.antirep86.fr\/2012\/11\/19\/la-liberte-dexpression-ne-se-demande-pas-elle-se-prend\/<\/a><\/p>\n","protected":false},"excerpt":{"rendered":"<p>NdPN : Contrairement \u00e0 ce que raconte la NR, il y a bel et bien eu\u00a0une manif aujourd&rsquo;hui, \u00e0 la fois digne et forte, en hommage \u00e0 Cl\u00e9ment. Pour affirmer clairement que l&rsquo;engagement syndicaliste et r\u00e9volutionnaire qu&rsquo;il avait n&rsquo;est pas mort avec lui. Divers slogans, tracts et banderoles ont t\u00e9moign\u00e9 de l&rsquo;envie commune de partager &hellip; <a href=\"https:\/\/fa86.noblogs.org\/?p=9172\" class=\"more-link\">Continuer la lecture de <span class=\"screen-reader-text\">[Poitiers] Une belle manif en hommage \u00e0 Cl\u00e9ment, qui se termine par des arrestations<\/span> <span class=\"meta-nav\">&rarr;<\/span><\/a><\/p>\n","protected":false},"author":2691,"featured_media":0,"comment_status":"open","ping_status":"open","sticky":false,"template":"","format":"standard","meta":{"footnotes":""},"categories":[9,6,16],"tags":[],"class_list":["post-9172","post","type-post","status-publish","format-standard","hentry","category-la-rue-grogne","category-paf-le-faf","category-repression"],"_links":{"self":[{"href":"https:\/\/fa86.noblogs.org\/index.php?rest_route=\/wp\/v2\/posts\/9172","targetHints":{"allow":["GET"]}}],"collection":[{"href":"https:\/\/fa86.noblogs.org\/index.php?rest_route=\/wp\/v2\/posts"}],"about":[{"href":"https:\/\/fa86.noblogs.org\/index.php?rest_route=\/wp\/v2\/types\/post"}],"author":[{"embeddable":true,"href":"https:\/\/fa86.noblogs.org\/index.php?rest_route=\/wp\/v2\/users\/2691"}],"replies":[{"embeddable":true,"href":"https:\/\/fa86.noblogs.org\/index.php?rest_route=%2Fwp%2Fv2%2Fcomments&post=9172"}],"version-history":[{"count":4,"href":"https:\/\/fa86.noblogs.org\/index.php?rest_route=\/wp\/v2\/posts\/9172\/revisions"}],"predecessor-version":[{"id":9175,"href":"https:\/\/fa86.noblogs.org\/index.php?rest_route=\/wp\/v2\/posts\/9172\/revisions\/9175"}],"wp:attachment":[{"href":"https:\/\/fa86.noblogs.org\/index.php?rest_route=%2Fwp%2Fv2%2Fmedia&parent=9172"}],"wp:term":[{"taxonomy":"category","embeddable":true,"href":"https:\/\/fa86.noblogs.org\/index.php?rest_route=%2Fwp%2Fv2%2Fcategories&post=9172"},{"taxonomy":"post_tag","embeddable":true,"href":"https:\/\/fa86.noblogs.org\/index.php?rest_route=%2Fwp%2Fv2%2Ftags&post=9172"}],"curies":[{"name":"wp","href":"https:\/\/api.w.org\/{rel}","templated":true}]}}