{"id":9192,"date":"2013-06-07T16:41:19","date_gmt":"2013-06-07T14:41:19","guid":{"rendered":"http:\/\/fa86.noblogs.org\/?p=9192"},"modified":"2013-06-07T16:48:17","modified_gmt":"2013-06-07T14:48:17","slug":"poitiers-a-propos-de-larrestation-de-deux-camarades-suite-a-la-manifestation-en-hommage-a-clement","status":"publish","type":"post","link":"https:\/\/fa86.noblogs.org\/?p=9192","title":{"rendered":"[Poitiers] A propos de l&rsquo;arrestation de deux camarades, suite \u00e0 la manifestation en hommage \u00e0 Cl\u00e9ment"},"content":{"rendered":"<p style=\"text-align: justify\"><strong>A propos de l&rsquo;arrestation de deux camarades, suite \u00e0 la manifestation en hommage \u00e0 Cl\u00e9ment<\/strong><\/p>\n<p style=\"text-align: justify\">Suite \u00e0 l&rsquo;assassinat de Cl\u00e9ment M\u00e9ric ce 5 juin par des fascistes, des dizaines de manifestations ont eu lieu dans de nombreuses villes de France et d&rsquo;ailleurs, pour rendre hommage \u00e0 ce militant syndicaliste, antifasciste et r\u00e9volutionnaire. Il s&rsquo;agissait aussi de prouver que les id\u00e9es qu&rsquo;il d\u00e9fendait ne sont pas mortes avec lui. Elles ont rassembl\u00e9 un grand nombre de personnes, militantes ou non d&rsquo;associations, de collectifs, de syndicats et d&rsquo;organisations politiques, dans la dignit\u00e9 et l&rsquo;\u00e9motion. Dans plusieurs villes n\u00e9anmoins, des militant-e-s antifascistes ont r\u00e9agi avec agacement \u00e0 des interventions publiques de repr\u00e9sentants de partis politiques (du PS, du Front de gauche&#8230;), accus\u00e9s de r\u00e9cup\u00e9ration. L&rsquo;antifascisme ne consiste en effet pas qu&rsquo;\u00e0 s&rsquo;indigner que des brutalit\u00e9s de groupuscules d&rsquo;extr\u00eame-droite. Il consiste aussi \u00e0 d\u00e9noncer et \u00e0\u00a0lutter contre ce qui a toujours favoris\u00e9 le fascisme, \u00e0 savoir\u00a0 la r\u00e9pression du capitalisme et de l&rsquo;Etat ; contre les pauvres, les immigr\u00e9s, les Roms, les femmes, les homos, bis, trans&#8230; C&rsquo;\u00e9taient les id\u00e9es de Cl\u00e9ment M\u00e9ric, ce sont les n\u00f4tres.<\/p>\n<p style=\"text-align: justify\">A Poitiers aussi, la manifestation fut importante, avec 250 \u00e0 300 personnes, rassembl\u00e9es avec des banderoles, des slogans, des drapeaux et des chansons. Or \u00e0 Poitiers, une fois de plus la police s&rsquo;est comport\u00e9e de fa\u00e7on indigne. Les policiers n&rsquo;ont rien trouv\u00e9 de mieux \u00e0 faire que d&rsquo;interpeller deux camarades peu apr\u00e8s la manifestation, qui ont ensuite pass\u00e9 la nuit en garde \u00e0 vue !\u00a0Ils ont \u00e9t\u00e9 accus\u00e9s d&rsquo; \u00ab\u00a0outrage\u00a0\u00bb au directeur d\u00e9partemental de la s\u00e9curit\u00e9 publique adjoint. Une accusation h\u00e9las r\u00e9currente de la part des services de police, notamment contre un certain type de personnes bien cibl\u00e9es.<\/p>\n<p style=\"text-align: justify\">Rappel du contexte poitevin de cette manifestation\u00a0: hormis les t\u00e2ches peu glorieuses, h\u00e9las communes \u00e0 tous les policiers de par leurs fonctions, d&rsquo;arr\u00eater des \u00e9trangers, d&rsquo;expulser des squats de sans-papiers et de Roms, de d\u00e9fendre la propri\u00e9t\u00e9 priv\u00e9e, ou de conduire des pauvres en prison, les policiers poitevins s&rsquo;illustrent depuis un bon moment dans d&rsquo;autres comportements, d\u00e9passant de fait all\u00e8grement leurs pr\u00e9rogatives et le\u00a0droit, en mati\u00e8re notamment de libert\u00e9 d&rsquo;expression.<\/p>\n<p style=\"text-align: justify\">Ces intimidations portent sur un certain type de militant-e-s, bien souvent \u00e9tiquet\u00e9-e-s libertaires, anarchistes, autonomes, communistes, etc. C&rsquo;est un fait plusieurs fois av\u00e9r\u00e9 par des contr\u00f4les d&rsquo;identit\u00e9 (parfois avec fouille sur la voie publique). Ces contr\u00f4les d&rsquo;identit\u00e9, bien cibl\u00e9s, lors de rassemblements antifascistes, antiracistes, antisexistes, antihomophobes, se font au nom de la pr\u00e9vention du \u00ab\u00a0trouble \u00e0 l&rsquo;ordre public\u00a0\u00bb, notion fourre-tout critiqu\u00e9e par de nombreux \u00e9minents juristes. Ils\u00a0s&rsquo;ajoutent en outre \u00e0 une longue liste locale de tentatives de confiscation d&rsquo;appareils num\u00e9riques et plus g\u00e9n\u00e9ralement d&rsquo;enfreintes diverses \u00e0 la libert\u00e9 d&rsquo;expression : banderoles arrach\u00e9es, confiscations voire arrestations pour diffusion de journaux et de tracts sur la voie publique&#8230; bref des atteintes manifestes et r\u00e9currentes aux droits que les policiers sont sens\u00e9s faire respecter, et respecter eux-m\u00eames.<\/p>\n<p style=\"text-align: justify\">Par ailleurs,\u00a0ces derniers mois \u00e0 Poitiers (comme \u00e0 Paris pour Cl\u00e9ment, et en bien d&rsquo;autres endroits encore), des antifascistes se sont r\u00e9guli\u00e8rement rassembl\u00e9-e-s contre des expressions homophobes sur la voie publique. Ces antifascistes ont \u00e9t\u00e9 parfois menac\u00e9-e-s par la police poitevine d&rsquo;amendes, de peines de prison\u00a0; ont \u00e9t\u00e9 syst\u00e9matiquement film\u00e9-e-s\u00a0; il y a eu des contr\u00f4les d&rsquo;identit\u00e9, et m\u00eame des arrestations. Alors que le droit \u00e0 la contre-manifestation a \u00e9t\u00e9 reconnu par la cour europ\u00e9enne des droits de l&rsquo;homme le 24 juillet 2012 (affaire Faber contre Hongrie). Les policiers n&rsquo;ont par contre pas eu la m\u00eame attitude avec les manifestant-e-s contre le mariage homo, parmi lesquels \u00e9taient pr\u00e9sents des militants d&rsquo;extr\u00eame-droite, s&rsquo;accordant m\u00eame avec des homophobes pour faciliter leurs manifestations. Ces comportements pour le moins partiaux et intimidants, posent question\u00a0; y compris du point de vue d\u00e9ontologique si l&rsquo;on ne s&rsquo;en tenait m\u00eame qu&rsquo;\u00e0 cela. Ils n&rsquo;ont pas contribu\u00e9 \u00e0 la \u00ab\u00a0tranquillit\u00e9 publique\u00a0\u00bb &#8211; qu&rsquo;ils sont pourtant sens\u00e9s d\u00e9fendre si l&rsquo;on en croit leur ministre de tutelle.<\/p>\n<p style=\"text-align: justify\">Cette manifestation du 6 juin \u00e0 Poitiers n&rsquo;a pas \u00e9chapp\u00e9 \u00e0 ce triste acharnement policier. Elle a, d\u00e8s le d\u00e9part, \u00e9t\u00e9 \u00e9troitement encadr\u00e9e par un grand nombre de policiers, dont plusieurs en civil de la BAC qui n&rsquo;ont une fois de plus pas\u00a0estim\u00e9 n\u00e9cessaire\u00a0de respecter le code de d\u00e9ontologie minimal consistant \u00e0 rev\u00eatir leurs brassards \u00ab\u00a0police\u00a0\u00bb en manif. Les policiers n&rsquo;ont cess\u00e9 de prendre des vid\u00e9os des visages des manifestant-e-s,\u00a0d\u00e9j\u00e0 bien \u00e9mu-e-s par la mort de Cl\u00e9ment. S&rsquo;approchant \u00e0 outrance, parfois \u00e0 moins d&rsquo;un m\u00e8tre. Un autre policier est venu avec insistance dans le cort\u00e8ge, pour demander \u00e0 des manifestant-e-s, choqu\u00e9-e-s par cette attitude, de ne pas \u00ab\u00a0dissimuler le visage\u00a0\u00bb. Les manifestant-e-s, qui n&rsquo;\u00e9taient pas l\u00e0 pour finir en garde \u00e0 vue,\u00a0ont obtemp\u00e9r\u00e9. Rappelons que les manifestant-e-s marchaient dans l&rsquo;\u00e9motion et la dignit\u00e9, suite \u00e0 la MORT d&rsquo;un militant\u00a0: un minimum de d\u00e9cence s&rsquo;imposait\u00a0! Un manifestant a justement demand\u00e9 aux policiers, \u00e0 deux reprises et avec \u00e9motion, d&rsquo;avoir un minimum de d\u00e9cence et d&rsquo;arr\u00eater de filmer ainsi des manifestant-e-s \u00e9mu-e-s par l&rsquo;assassinat d&rsquo;un camarade. Rien n&rsquo;y a fait.\u00a0Enfin, apr\u00e8s la manif, pendant plus d&rsquo;une heure des policiers (dont des hauts grad\u00e9s) ont continu\u00e9 de filmer, photographier et prendre des notes sur des manifestant-e-s, qui apr\u00e8s leur dispersion se reposaient \u00e0 des terrasses ensoleill\u00e9es de la place du march\u00e9&#8230; On sait que la police poitevine\u00a0s&rsquo;acharne contre certain-e-s, mais on ne l&rsquo;a pas toujours vu faire de fa\u00e7on aussi caricaturale et ind\u00e9cente sur la place publique.<\/p>\n<p style=\"text-align: justify\">Revenons-en \u00e0 pr\u00e9sent\u00a0\u00e0 la manif, et \u00e0 l&rsquo;accusation polici\u00e8re d&rsquo;outrage. Dans le cort\u00e8ge, des manifestant-e-s ont chant\u00e9 une chanson bien connue d&rsquo;un groupe anarcho-punk, avec des paroles contenant l&rsquo;expression \u00ab\u00a0flics porcs assassins\u00a0\u00bb. Il est \u00e0 noter que, bien que connu, ce groupe n&rsquo;a jamais \u00e9t\u00e9 condamn\u00e9 pour ses textes, la libert\u00e9 d&rsquo;expression ayant \u00e9t\u00e9 reconnue ces derni\u00e8res ann\u00e9es pour de nombreux groupes ayant des paroles mettant en cause la police. Pourquoi cette chanson\u00a0? Ce texte rend explicitement hommage \u00e0 Zyed Benna et Bouna Traor\u00e9, deux mineurs morts dans un transformateur \u00e9lectrique alors qu&rsquo;ils \u00e9taient poursuivis par la police. Or, la veille de l&rsquo;assassinat de Cl\u00e9ment, le 4 juin, l&rsquo;avocate g\u00e9n\u00e9ral de la cour d&rsquo;appel de Rennes venait de r\u00e9clamer un non-lieu pour les deux policiers impliqu\u00e9s, tandis que l&rsquo;avocat repr\u00e9sentant les policiers accus\u00e9s de non-assistance \u00e0 personne en danger avait qualifi\u00e9 de \u00ab\u00a0poutinerie\u00a0\u00bb [sic] la volont\u00e9 de l&rsquo;accusation de les renvoyer en correctionnelle&#8230; ajoutant l&rsquo;injure \u00e0 la souffrance des familles, surtout quand on conna\u00eet la violence de la police de l&rsquo;Etat dirig\u00e9 par Vladimir Poutine. Cette chanson antifasciste \u00e9tait donc d&rsquo;autant plus pertinente, vu le contexte, qu&rsquo;elle rend aussi hommage \u00e0 un autre jeune antifasciste, assassin\u00e9 cette fois-ci par la police grecque, il y a quelques ann\u00e9es, en reprenant le slogan c\u00e9l\u00e8bre des manifestant-e-s de ce pays contre les r\u00e9pressions polici\u00e8res\u00a0: \u00ab\u00a0flics, porcs, assassins\u00a0\u00bb.\u00a0Encore une fois, l&rsquo;antifascisme ne dissocie pas les violences d&rsquo;extr\u00eame-droite de celles que les Etats infligent aux pauvres, aux immigr\u00e9-e-s, aux militant-e-s LGBTI, etc.<\/p>\n<p style=\"text-align: justify\">Il ne s&rsquo;agit pas pour nous de juger ou non de l&rsquo;esth\u00e9tique ou de la pertinence politique des paroles\u00a0 de cette chanson, comprenant ce slogan grec devenu le symbole du ras-le-bol de tout une population. Mais de montrer en quoi la convocation de nos deux camarades poitevins, pour une composition p\u00e9nale avec le procureur de la r\u00e9publique, est \u00e0 notre sens non fond\u00e9e. Non seulement sur un plan \u00e9thique (ce qui ne devrait poser aucune question \u00e0 nos lecteurs-rices, du moins on l&rsquo;esp\u00e8re), mais aussi sur le plan juridique. Leur convocation \u00e9tant identique dans les reproches d&rsquo;outrage au DDSP adjoint Laurent SIAM, quoiqu&rsquo;\u00e0 des dates distantes (nous y reviendrons), nous pouvons \u00e9mettre des critiques communes sur la recevabilit\u00e9 \u00e0 notre sens fort douteuse de cette nouvelle initiative r\u00e9pressive.<\/p>\n<p style=\"text-align: justify\">Premi\u00e8rement, il est reproch\u00e9 que l&rsquo;outrage (en l&rsquo;occurrence, \u00ab\u00a0flics, porcs, assassins\u00a0\u00bb) ait \u00e9t\u00e9 adress\u00e9e \u00e0 une personne, Laurent SIAM, ce qui est tout simplement aberrant. Les paroles cri\u00e9es en manifestation sont politiques, elles ne d\u00e9signent g\u00e9n\u00e9ralement pas des individus particuliers. \u00ab\u00a0Flics porcs assassins\u00a0\u00bb, faisant partie des paroles chant\u00e9es par des manifestant-e-s, d\u00e9nonce non des personnes pr\u00e9cises sous leurs uniformes, mais l&rsquo;institution polici\u00e8re qu&rsquo;elles servent, leur travail consistant \u00e0 ex\u00e9cuter les ordres, y compris lorsque ceux-ci sont parfois manifestement injustes et inhumains. Ca se discute, mais c&rsquo;est une opinion tout \u00e0 fait libre, du moins en France, n&rsquo;en d\u00e9plaise aux policiers. Pourquoi un policier particulier a-t-il pens\u00e9 que cette phrase s&rsquo;adressait \u00e0 lui en particulier, alors m\u00eame que son nom n&rsquo;a jamais \u00e9t\u00e9 prononc\u00e9\u00a0? Voil\u00e0 qui interroge, mais nous n&rsquo;avons pas pour propos de rentrer dans des consid\u00e9rations psychologiques.<\/p>\n<p style=\"text-align: justify\">Cette phrase \u00ab\u00a0flics porcs assassins\u00a0\u00bb d\u00e9nonce les meurtres commis par la police tout au long de son histoire contre des militant-e-s des mouvements sociaux, jusqu&rsquo;\u00e0 nos jours, en France aussi h\u00e9las. Comme nous l&rsquo;avons dit, elle a \u00e9t\u00e9 popularis\u00e9e apr\u00e8s la mort d&rsquo;un jeune grec, tu\u00e9 par la police grecque, qui a \u00e9mu toute la Gr\u00e8ce et bien au-del\u00e0. On conna\u00eet h\u00e9las les accointances de certains policiers grecs avec le mouvement n\u00e9o-nazi Aube dor\u00e9e, responsable de crimes contre des immigr\u00e9-e-s et des militant-e-s. Nous ne ferons pas la sinistre liste des personnes mortes du fait de violences polici\u00e8res, nombre d&rsquo;historien-ne-s, de journalistes et d&rsquo;avocat-e-s ayant d\u00e9j\u00e0 fait ce travail &#8211; et continuant \u00e0 le faire. Cette phrase d\u00e9nonce juste un fait \u00e9tabli, certes peu agr\u00e9able pour les oreilles de certains policiers, nous pouvons le concevoir, mais n&#8217;emp\u00eache\u00a0: sans m\u00eame avoir \u00e0 remonter jusqu&rsquo;\u00e0 la d\u00e9portation des juifs sous Vichy, OUI, la police a\u00a0 assassin\u00e9 et continue d&rsquo;assassiner des militant-e-s des mouvements sociaux. Ce qui \u00e0 moins de n&rsquo;avoir aucune notion d&rsquo;histoire ou de ne lire aucun journal, est une \u00e9vidence. Que l&rsquo;on consid\u00e8re qu&rsquo;il s&rsquo;agisse de \u00ab\u00a0bavures\u00a0\u00bb, ou d&rsquo;un ph\u00e9nom\u00e8ne r\u00e9current parmi toutes les polices de tous lieux et toutes \u00e9poques, est un autre d\u00e9bat.<\/p>\n<p style=\"text-align: justify\">Quant \u00e0 la comparaison avec le cochon, elle remonte \u00e0 tr\u00e8s loin (XIX\u00e8me si\u00e8cle, puis dans les mouvements antiracistes des ann\u00e9es 1960 aux Etats-Unis, o\u00f9 les policiers assassinaient des militant-e-s noir-e-s). Tout comme celle avec le \u00ab\u00a0poulet\u00a0\u00bb du reste&#8230; Comparaison au passage, \u00e0 notre sens, malheureuse (les cochons n&rsquo;ayant jamais assassin\u00e9 quiconque, mais c&rsquo;est un autre d\u00e9bat). Nous noterons aussi qu&rsquo;une autre m\u00e9taphore zoologique, en l&rsquo;occurrence canine, comprise dans les paroles de la chanson (\u00ab\u00a0cl\u00e9bards\u00a0\u00bb), chant\u00e9e par de nombreux-euses manifestant-e-s \u00e0 Poitiers, n&rsquo;ait pas \u00e9t\u00e9 retenue comme un outrage. Il faut croire que \u00ab\u00a0porcs\u00a0\u00bb est jug\u00e9 plus outrageant que \u00ab\u00a0cl\u00e9bards en uniforme\u00a0\u00bb, mais l\u00e0 non plus, nous ne nous aventurerons pas dans des consid\u00e9rations psychologiques &#8211; ni des jugements artistiques.<\/p>\n<p style=\"text-align: justify\">Quand bien m\u00eame le nom de ce policier qui se sent \u00ab\u00a0outrag\u00e9\u00a0\u00bb aurait \u00e9t\u00e9 associ\u00e9 \u00e0 une insulte\u00a0 en manifestation, ce qui n&rsquo;est r\u00e9p\u00e9tons-le pas le cas, la jurisprudence retient qu&rsquo;\u00e0 Poitiers, M. A. Evillard a \u00e9t\u00e9 totalement relax\u00e9 par la justice, au nom de la libert\u00e9 d&rsquo;expression, pour avoir qualifi\u00e9 le procureur de l&rsquo;\u00e9poque de \u00ab\u00a0Papon\u00a0\u00bb et de \u00ab\u00a0salaud\u00a0\u00bb, lors d&rsquo;une manifestation pour protester l&#8217;emprisonnement de trois militants. LIBERTE D&rsquo;EXPRESSION\u00a0: notion constitutionnelle avec laquelle la police poitevine semble avoir quelques difficult\u00e9s, comme nous l&rsquo;\u00e9voquions plus haut. Mais fermons cette parenth\u00e8se juridique car r\u00e9p\u00e9tons-le une derni\u00e8re fois\u00a0: pas une seule fois le nom de M. Laurent SIAM n&rsquo;a \u00e9t\u00e9 ajout\u00e9 dans la chanson, ni cri\u00e9 par des manifestant-e-s.<\/p>\n<p style=\"text-align: justify\">Autre piste juridique\u00a0: le fait que chanter une chanson puisse \u00eatre consid\u00e9r\u00e9 comme un outrage\u00a0? L\u00e0 aussi, la jurisprudence est claire. Et pas seulement celle concernant les groupes musicaux, que nous avons \u00e9voqu\u00e9e plus haut, relax\u00e9s depuis plusieurs ann\u00e9es pour des chansons tr\u00e8s dures contre la police, avec des mots parfois insultants. L\u00e0 aussi, contentons-nous de rester \u00e0 Poitiers, et revenons \u00e0 ce jugement de M. J.-C. Clochard, qui passait il y a quelque temps au tribunal de grande instance, pour outrage \u00e0 un agent de police. L&rsquo;outrage consistait d&rsquo;abord, pour la police, en le fait d&rsquo;avoir chant\u00e9 la chanson \u00ab\u00a0H\u00e9catombe\u00a0\u00bb de Georges Brassens (contenant une flop\u00e9e d&rsquo;injures contre l&rsquo;institution polici\u00e8re). Cet \u00ab\u00a0outrage\u00a0\u00bb a finalement \u00e9t\u00e9 abandonn\u00e9 par le procureur lui-m\u00eame, l\u00e0 aussi au nom de la libert\u00e9 d&rsquo;expression, comme le rappelle le compte-rendu du proc\u00e8s. Les choses sont tr\u00e8s claires, comme dans d&rsquo;autres villes d&rsquo;ailleurs, o\u00f9 le m\u00eame type de proc\u00e8s avait eu lieu : chanter une chanson n&rsquo;est pas condamnable, c&rsquo;est l&rsquo;exercice de la libert\u00e9 d&rsquo;expression. Le seul outrage retenu par la justice avait \u00e9t\u00e9 celui&#8230; d&rsquo;un jet de confettis, ce qui est peut-\u00eatre plus ridicule encore, mais l\u00e0 n&rsquo;est pas le d\u00e9bat\u00a0: chanter une chanson, m\u00eame d\u00e9sagr\u00e9able \u00e0 certaines oreilles, rel\u00e8ve de la libert\u00e9 d&rsquo;expression, et ce n&rsquo;est m\u00eame pas nous qui le disons, mais la constitution et la jurisprudence.<\/p>\n<p style=\"text-align: justify\">Pour conclure, puisque rien ne tient dans cette proc\u00e9dure judiciaire, nous pouvons nous interroger sur le choix du procureur de proposer une composition p\u00e9nale, et non directement un proc\u00e8s. Il s&rsquo;agit d&rsquo;une proc\u00e9dure juridique consistant \u00e0 conclure un arrangement entre les parties, avec une peine \u00e9ventuellement propos\u00e9e par le procureur.\u00a0 Si l&rsquo;on consid\u00e8re de plus que les rendez-vous fix\u00e9s sont tr\u00e8s dispers\u00e9s (juillet pour l&rsquo;un, septembre pour l&rsquo;autre), alors qu&rsquo;il s&rsquo;agit des m\u00eames accusations, nous pouvons supposer plusieurs choses. D&rsquo;une part, que police et justice semblent cette fois-ci mal \u00e0 l&rsquo;aise de faire un proc\u00e8s pour outrage. La raison en est simple\u00a0: juridiquement, comme nous l&rsquo;avons dit, l&rsquo;accusation ne tient pas debout. Politiquement en revanche, il y a un int\u00e9r\u00eat pour la police&#8230; il s&rsquo;agit de continuer \u00e0 mettre la pression judiciaire des personnes isol\u00e9es bien pr\u00e9cises, et d&rsquo;\u00e9viter un proc\u00e8s public, qui porterait \u00e0 la connaissance et \u00e0 la r\u00e9flexion d&rsquo;un grand nombre de gens certains comportements de la police. La police poitevine veut visiblement \u00e9viter de montrer une fois de plus (de trop ?) son acharnement\u00a0contre des militant-e-s bien cibl\u00e9-e-s. Politiquement toujours, il s&rsquo;agit aussi d&rsquo;\u00e9viter l&rsquo;indignation que pourrait susciter l&rsquo;ind\u00e9cence d&rsquo;un proc\u00e8s public pour \u00ab\u00a0outrage\u00a0\u00bb, de la part des autorit\u00e9s, contre des personnes accus\u00e9es d&rsquo;avoir chant\u00e9 une chanson antifasciste&#8230;\u00a0 <strong>Rappelons-le, cette manifestation \u00e9tait en hommage \u00e0 un militant antifasciste, tu\u00e9 pour ses id\u00e9es !<\/strong><\/p>\n<p style=\"text-align: justify\">Nous en avons assez des agressions brutales de l&rsquo;extr\u00eame-droite, et de la banalisation de ses discours, repris partout par les m\u00e9dias et le pouvoir politique. Nous en avons aussi assez, en tant que militant-e-s antifascistes, d&rsquo;\u00eatre harcel\u00e9-e-s par la police et la justice de la ville de Poitiers. Cela devait \u00eatre dit. Il faudrait par ailleurs d\u00e9noncer la qualification devenue quasi-syst\u00e9matique de \u00ab\u00a0manifestation ill\u00e9gale\u00a0\u00bb, cette nouvelle arme de la police de Poitiers pour s&rsquo;attaquer \u00e0 la moindre protestation port\u00e9e sur la place publique d\u00e8s\u00a0qu&rsquo;une poign\u00e9e de\u00a0personnes se retrouvent, mais ce sera un autre d\u00e9bat.<\/p>\n<p style=\"text-align: justify\"><em>Groupe Pavillon Noir (F\u00e9d\u00e9ration Anarchiste 86), 7 juin 2013<\/em><\/p>\n","protected":false},"excerpt":{"rendered":"<p>A propos de l&rsquo;arrestation de deux camarades, suite \u00e0 la manifestation en hommage \u00e0 Cl\u00e9ment Suite \u00e0 l&rsquo;assassinat de Cl\u00e9ment M\u00e9ric ce 5 juin par des fascistes, des dizaines de manifestations ont eu lieu dans de nombreuses villes de France et d&rsquo;ailleurs, pour rendre hommage \u00e0 ce militant syndicaliste, antifasciste et r\u00e9volutionnaire. Il s&rsquo;agissait aussi &hellip; <a href=\"https:\/\/fa86.noblogs.org\/?p=9192\" class=\"more-link\">Continuer la lecture de <span class=\"screen-reader-text\">[Poitiers] A propos de l&rsquo;arrestation de deux camarades, suite \u00e0 la manifestation en hommage \u00e0 Cl\u00e9ment<\/span> <span class=\"meta-nav\">&rarr;<\/span><\/a><\/p>\n","protected":false},"author":2691,"featured_media":0,"comment_status":"open","ping_status":"open","sticky":false,"template":"","format":"standard","meta":{"footnotes":""},"categories":[8,16],"tags":[],"class_list":["post-9192","post","type-post","status-publish","format-standard","hentry","category-ecrits","category-repression"],"_links":{"self":[{"href":"https:\/\/fa86.noblogs.org\/index.php?rest_route=\/wp\/v2\/posts\/9192","targetHints":{"allow":["GET"]}}],"collection":[{"href":"https:\/\/fa86.noblogs.org\/index.php?rest_route=\/wp\/v2\/posts"}],"about":[{"href":"https:\/\/fa86.noblogs.org\/index.php?rest_route=\/wp\/v2\/types\/post"}],"author":[{"embeddable":true,"href":"https:\/\/fa86.noblogs.org\/index.php?rest_route=\/wp\/v2\/users\/2691"}],"replies":[{"embeddable":true,"href":"https:\/\/fa86.noblogs.org\/index.php?rest_route=%2Fwp%2Fv2%2Fcomments&post=9192"}],"version-history":[{"count":7,"href":"https:\/\/fa86.noblogs.org\/index.php?rest_route=\/wp\/v2\/posts\/9192\/revisions"}],"predecessor-version":[{"id":9194,"href":"https:\/\/fa86.noblogs.org\/index.php?rest_route=\/wp\/v2\/posts\/9192\/revisions\/9194"}],"wp:attachment":[{"href":"https:\/\/fa86.noblogs.org\/index.php?rest_route=%2Fwp%2Fv2%2Fmedia&parent=9192"}],"wp:term":[{"taxonomy":"category","embeddable":true,"href":"https:\/\/fa86.noblogs.org\/index.php?rest_route=%2Fwp%2Fv2%2Fcategories&post=9192"},{"taxonomy":"post_tag","embeddable":true,"href":"https:\/\/fa86.noblogs.org\/index.php?rest_route=%2Fwp%2Fv2%2Ftags&post=9192"}],"curies":[{"name":"wp","href":"https:\/\/api.w.org\/{rel}","templated":true}]}}