{"id":9205,"date":"2013-06-08T09:04:55","date_gmt":"2013-06-08T07:04:55","guid":{"rendered":"http:\/\/fa86.noblogs.org\/?p=9205"},"modified":"2013-06-08T09:04:55","modified_gmt":"2013-06-08T07:04:55","slug":"poitiers-jugement-refere-pour-les-habitant-e-s-du-squat-des-glieres","status":"publish","type":"post","link":"https:\/\/fa86.noblogs.org\/?p=9205","title":{"rendered":"[Poitiers] Jugement r\u00e9f\u00e9r\u00e9 pour les habitant-e-s du squat des Gli\u00e8res"},"content":{"rendered":"<p style=\"text-align: justify\">Hier 7 juin le tribunal d&rsquo;instance,\u00a0suite \u00e0 la plainte du bailleur \u00ab\u00a0social\u00a0\u00bb Logiparc qui est devenu propri\u00e9taire apr\u00e8s l&rsquo;entr\u00e9e dans les lieux des familles,\u00a0a d\u00e9cid\u00e9 de l&rsquo;expulsion de ces familles habitant le\u00a0squat des Gli\u00e8res. Et ce,\u00a0au motif de l&rsquo;insalubrit\u00e9 de lieux qui n&rsquo;ont pas \u00e9t\u00e9 r\u00e9habilit\u00e9s &#8211; Logiparc annonce vouloir proc\u00e9der \u00e0 la destruction du logement.\u00a0Le d\u00e9lai pour\u00a0quitter le squat des Gli\u00e8res, pour ces 21 personnes en grande pr\u00e9carit\u00e9,\u00a0est de deux mois.<\/p>\n<p style=\"text-align: justify\"><em>Pavillon Noir, 8 juin 2013<\/em><\/p>\n","protected":false},"excerpt":{"rendered":"<p>Hier 7 juin le tribunal d&rsquo;instance,\u00a0suite \u00e0 la plainte du bailleur \u00ab\u00a0social\u00a0\u00bb Logiparc qui est devenu propri\u00e9taire apr\u00e8s l&rsquo;entr\u00e9e dans les lieux des familles,\u00a0a d\u00e9cid\u00e9 de l&rsquo;expulsion de ces familles habitant le\u00a0squat des Gli\u00e8res. Et ce,\u00a0au motif de l&rsquo;insalubrit\u00e9 de lieux qui n&rsquo;ont pas \u00e9t\u00e9 r\u00e9habilit\u00e9s &#8211; Logiparc annonce vouloir proc\u00e9der \u00e0 la destruction du &hellip; <a href=\"https:\/\/fa86.noblogs.org\/?p=9205\" class=\"more-link\">Continuer la lecture de <span class=\"screen-reader-text\">[Poitiers] Jugement r\u00e9f\u00e9r\u00e9 pour les habitant-e-s du squat des Gli\u00e8res<\/span> <span class=\"meta-nav\">&rarr;<\/span><\/a><\/p>\n","protected":false},"author":2691,"featured_media":0,"comment_status":"open","ping_status":"open","sticky":false,"template":"","format":"standard","meta":{"footnotes":""},"categories":[11,12,29],"tags":[],"class_list":["post-9205","post","type-post","status-publish","format-standard","hentry","category-ni-patrie-ni-frontiere","category-okupa-y-resiste","category-un-toit-pour-tou-te-s"],"_links":{"self":[{"href":"https:\/\/fa86.noblogs.org\/index.php?rest_route=\/wp\/v2\/posts\/9205","targetHints":{"allow":["GET"]}}],"collection":[{"href":"https:\/\/fa86.noblogs.org\/index.php?rest_route=\/wp\/v2\/posts"}],"about":[{"href":"https:\/\/fa86.noblogs.org\/index.php?rest_route=\/wp\/v2\/types\/post"}],"author":[{"embeddable":true,"href":"https:\/\/fa86.noblogs.org\/index.php?rest_route=\/wp\/v2\/users\/2691"}],"replies":[{"embeddable":true,"href":"https:\/\/fa86.noblogs.org\/index.php?rest_route=%2Fwp%2Fv2%2Fcomments&post=9205"}],"version-history":[{"count":2,"href":"https:\/\/fa86.noblogs.org\/index.php?rest_route=\/wp\/v2\/posts\/9205\/revisions"}],"predecessor-version":[{"id":9207,"href":"https:\/\/fa86.noblogs.org\/index.php?rest_route=\/wp\/v2\/posts\/9205\/revisions\/9207"}],"wp:attachment":[{"href":"https:\/\/fa86.noblogs.org\/index.php?rest_route=%2Fwp%2Fv2%2Fmedia&parent=9205"}],"wp:term":[{"taxonomy":"category","embeddable":true,"href":"https:\/\/fa86.noblogs.org\/index.php?rest_route=%2Fwp%2Fv2%2Fcategories&post=9205"},{"taxonomy":"post_tag","embeddable":true,"href":"https:\/\/fa86.noblogs.org\/index.php?rest_route=%2Fwp%2Fv2%2Ftags&post=9205"}],"curies":[{"name":"wp","href":"https:\/\/api.w.org\/{rel}","templated":true}]}}