{"id":9208,"date":"2013-06-08T09:26:13","date_gmt":"2013-06-08T07:26:13","guid":{"rendered":"http:\/\/fa86.noblogs.org\/?p=9208"},"modified":"2013-06-08T09:26:13","modified_gmt":"2013-06-08T07:26:13","slug":"poitiers-tract-diffuse-le-6-juin-en-hommage-a-clement","status":"publish","type":"post","link":"https:\/\/fa86.noblogs.org\/?p=9208","title":{"rendered":"[Poitiers] Tract diffus\u00e9 le 6 juin en hommage \u00e0 Cl\u00e9ment"},"content":{"rendered":"<p style=\"text-align: justify\"><em><strong>NdPN <\/strong>: ce tract a \u00e9t\u00e9 diffus\u00e9 par des antifascistes lors de la manif du 6 juin \u00e0 Poitiers.<\/em><\/p>\n<p style=\"text-align: justify\"><strong>Hommage \u00e0 Cl\u00e9ment &#8211; Antifascistes toujours<\/strong><\/p>\n<p style=\"text-align: justify\">Cl\u00e9ment M\u00e9ric, 18 ans, militant syndicaliste, antifasciste et r\u00e9volutionnaire, est en \u00e9tat de mort c\u00e9r\u00e9brale. Il a \u00e9t\u00e9 assassin\u00e9 hier, mercredi 5 juin 2013, par des fascistes qui ont attaqu\u00e9 brutalement un groupe de camarades de l\u2019Action Antifasciste Paris-Banlieue.<\/p>\n<p style=\"text-align: justify\">Pendant des mois, le gouvernement a laiss\u00e9 prolif\u00e9rer dans la rue des rassemblements homophobes et sexistes, qui ont largement diffus\u00e9 des discours intol\u00e9rables et contribu\u00e9 \u00e0 donner des ailes aux fascistes de tout bord. Nous nous sommes mobilis\u00e9-e-s \u00e0 chaque fois, et \u00e0 chaque fois nous avons \u00e9t\u00e9 \u00e9troitement encadr\u00e9-e-s voire intimid\u00e9-e-s par la police d&rsquo;Etat.<\/p>\n<p style=\"text-align: justify\">Nous sommes bien s\u00fbr en col\u00e8re contre la droite, qui en appelle aujourd&rsquo;hui \u00e0 la r\u00e9pression contre les assassins de Cl\u00e9ment, alors m\u00eame qu&rsquo;elle est largement responsable, par ses discours naus\u00e9abonds, de la mont\u00e9e de l&rsquo;extr\u00eame-droite avec laquelle elle n&rsquo;a pas h\u00e9sit\u00e9 \u00e0 d\u00e9filer ces derniers mois.<\/p>\n<p style=\"text-align: justify\">Mais nous sommes aussi en col\u00e8re contre cette \u00ab\u00a0gauche\u00a0\u00bb au pouvoir, qui en appelle \u00e0 manifester en hommage \u00e0 Cl\u00e9ment, alors qu&rsquo;elle participe elle aussi \u00e0 la mont\u00e9e de la haine et du rejet de l\u2019autre, avec son insupportable politique anti-immigr\u00e9-e-s, ses expulsions de Roms, son aide aux riches, son matraquage des pauvres, son aberrant \u201cd\u00e9bat citoyen\u201d avec les homophobes et sexistes. Le PS, avec son immonde d\u00e9fense des fronti\u00e8res nationales, des fronti\u00e8res de classe et des fronti\u00e8res de genre, en appelle (en ch\u0153ur avec d\u2019autres partis de gauche et de droite, ) \u00e0 de nouvelles lois r\u00e9pressives pour contrer les groupuscules d\u2019extr\u00eame-droite. Or ceux-ci ne sont que le d\u00e9plorable r\u00e9sultat d\u2019une politique globale de haine, d\u00e9velopp\u00e9e par tous les partis qui se sont succ\u00e9d\u00e9s au pouvoir.<\/p>\n<p style=\"text-align: justify\">De toute \u00e9vidence, ce ne sont pas des interdictions l\u00e9gales qui emp\u00eacheront les fascistes de nuire. Pour notre part, nous ne comptons gu\u00e8re sur les lois d\u2019Etat pour contrer la haine et les divisions que ces lois inscrivent dans le marbre. Notre antifascisme est au quotidien, dans la rue. Il repose sur la solidarit\u00e9 en actes, l\u2019action directe et l\u2019auto-organisation, entre tou-te-s les exploit\u00e9-e-s, tou-te-s les domin\u00e9-e-s.<\/p>\n<p style=\"text-align: justify\">Pens\u00e9es fraternelles pour les proches de Cl\u00e9ment, et ses compagnes et compagnons de luttes. Le meilleur hommage que nous pouvons rendre \u00e0 Cl\u00e9ment est de continuer \u00e0 d\u00e9fendre son engagement, qui n&rsquo;est pas mort avec lui.<\/p>\n<p style=\"text-align: justify\"><em>Des antifascistes de Poitiers<\/em><\/p>\n","protected":false},"excerpt":{"rendered":"<p>NdPN : ce tract a \u00e9t\u00e9 diffus\u00e9 par des antifascistes lors de la manif du 6 juin \u00e0 Poitiers. Hommage \u00e0 Cl\u00e9ment &#8211; Antifascistes toujours Cl\u00e9ment M\u00e9ric, 18 ans, militant syndicaliste, antifasciste et r\u00e9volutionnaire, est en \u00e9tat de mort c\u00e9r\u00e9brale. Il a \u00e9t\u00e9 assassin\u00e9 hier, mercredi 5 juin 2013, par des fascistes qui ont attaqu\u00e9 &hellip; <a href=\"https:\/\/fa86.noblogs.org\/?p=9208\" class=\"more-link\">Continuer la lecture de <span class=\"screen-reader-text\">[Poitiers] Tract diffus\u00e9 le 6 juin en hommage \u00e0 Cl\u00e9ment<\/span> <span class=\"meta-nav\">&rarr;<\/span><\/a><\/p>\n","protected":false},"author":2691,"featured_media":0,"comment_status":"open","ping_status":"open","sticky":false,"template":"","format":"standard","meta":{"footnotes":""},"categories":[9,6],"tags":[],"class_list":["post-9208","post","type-post","status-publish","format-standard","hentry","category-la-rue-grogne","category-paf-le-faf"],"_links":{"self":[{"href":"https:\/\/fa86.noblogs.org\/index.php?rest_route=\/wp\/v2\/posts\/9208","targetHints":{"allow":["GET"]}}],"collection":[{"href":"https:\/\/fa86.noblogs.org\/index.php?rest_route=\/wp\/v2\/posts"}],"about":[{"href":"https:\/\/fa86.noblogs.org\/index.php?rest_route=\/wp\/v2\/types\/post"}],"author":[{"embeddable":true,"href":"https:\/\/fa86.noblogs.org\/index.php?rest_route=\/wp\/v2\/users\/2691"}],"replies":[{"embeddable":true,"href":"https:\/\/fa86.noblogs.org\/index.php?rest_route=%2Fwp%2Fv2%2Fcomments&post=9208"}],"version-history":[{"count":1,"href":"https:\/\/fa86.noblogs.org\/index.php?rest_route=\/wp\/v2\/posts\/9208\/revisions"}],"predecessor-version":[{"id":9209,"href":"https:\/\/fa86.noblogs.org\/index.php?rest_route=\/wp\/v2\/posts\/9208\/revisions\/9209"}],"wp:attachment":[{"href":"https:\/\/fa86.noblogs.org\/index.php?rest_route=%2Fwp%2Fv2%2Fmedia&parent=9208"}],"wp:term":[{"taxonomy":"category","embeddable":true,"href":"https:\/\/fa86.noblogs.org\/index.php?rest_route=%2Fwp%2Fv2%2Fcategories&post=9208"},{"taxonomy":"post_tag","embeddable":true,"href":"https:\/\/fa86.noblogs.org\/index.php?rest_route=%2Fwp%2Fv2%2Ftags&post=9208"}],"curies":[{"name":"wp","href":"https:\/\/api.w.org\/{rel}","templated":true}]}}