{"id":9210,"date":"2013-06-08T13:16:15","date_gmt":"2013-06-08T11:16:15","guid":{"rendered":"http:\/\/fa86.noblogs.org\/?p=9210"},"modified":"2013-06-08T13:16:30","modified_gmt":"2013-06-08T11:16:30","slug":"lyon-violences-dextreme-droite-repression-policiere-des-antifascistes","status":"publish","type":"post","link":"https:\/\/fa86.noblogs.org\/?p=9210","title":{"rendered":"[Lyon] Violences d&rsquo;extr\u00eame-droite, r\u00e9pression polici\u00e8re des antifascistes !"},"content":{"rendered":"<p style=\"text-align: justify\"><em><strong>NdPN<\/strong> : Il n&rsquo;y a pas qu&rsquo;\u00e0 Poitiers que la police et la \u00ab\u00a0justice\u00a0\u00bb montrent dans quel camp elles se situent&#8230;<\/em><\/p>\n<p style=\"text-align: justify\"><strong><a href=\"http:\/\/rebellyon.info\/Mort-de-Clement-Collomb-demande-l.html\" target=\"_blank\">Mort de Cl\u00e9ment : Collomb demande l\u2019arrestation&#8230; des antifascistes !<\/a><\/strong><\/p>\n<p>Jeudi soir, \u00e0 la fin du rassemblement \u00e0 la m\u00e9moire de Cl\u00e9ment, antifasciste assassin\u00e9 \u00e0 Paris, G\u00e9rard Collomb, maire de Lyon, a \u00e9t\u00e9 bri\u00e8vement pris \u00e0 partie par les quelques manifestants pr\u00e9sents sur la place. Les manifestants auraient eu beaucoup de questions \u00e0 poser au maire de Lyon : sur son silence tout au long des violences fascistes \u00e0 Lyon, sur son soudain r\u00e9veil alors que la question fait la une de l\u2019actualit\u00e9, etc.<\/p>\n<p>Si les manifestants n\u2019ont pas r\u00e9ussi \u00e0 approcher le maire de Lyon avec l\u2019arriv\u00e9e de la BAC &#8211; on vante m\u00eame dans la presse la bravoure de son chauffeur qui a \u00ab ceintur\u00e9 un anarchiste \u00bb, si, si ! &#8211; il prend l\u2019\u00e9v\u00e8nement pour un affront personnel, et se r\u00e9pand dans la presse contre une pr\u00e9tendue \u00ab violence insupportable [&#8212;] d\u2019extr\u00eame gauche \u00bb.<\/p>\n<p>Alors qu\u2019un antifasciste est mort, Collomb, en renvoyant dos \u00e0 dos, dans le Progr\u00e8s, extr\u00eame-droite et extr\u00eame-gauche, met cette mort sur un pied d\u2019\u00e9galit\u00e9 avec les quolibets qu\u2019il a re\u00e7u. Il prouve au passage le peu de cas qu\u2019il fait de la violence fasciste \u00e0 Lyon &#8211; ou \u00e0 Paris.<\/p>\n<p>Ce vendredi, le maire de Lyon a annonc\u00e9 qu\u2019il portait plainte et demande l\u2019arrestation d\u2019individus que la police d\u00e9signe comme \u00ab anarcho-libertaire \u00bb. La seule r\u00e9action tangible de Collomb suite \u00e0 la mort de Cl\u00e9ment aura donc \u00e9t\u00e9 de demander l\u2019arrestation des antifascistes.<\/p>\n<p>Mais apr\u00e8s tout, qu\u2019attendre de plus d\u2019un maire qui, quand il ne n\u00e9gocie pas avec les grands patrons, expulse les roms, multiplie les cam\u00e9ras de vid\u00e9osurveillance et fait silence sur la violence d\u2019extr\u00eame-droite. Sa tentative de r\u00e9cup\u00e9ration politique de l\u2019antifascisme aura \u00e9t\u00e9 bien br\u00e8ve, nous ne vivons d\u00e9cid\u00e9ment pas dans le m\u00eame monde.<\/p>\n<p style=\"text-align: justify\"><em>Rebellyon, 7 juin 2013<\/em><\/p>\n<p><a href=\"http:\/\/rebellyon.info\/COUPABLES-d-ANTIFASCISME.html\" target=\"_blank\"><strong>Coupables d\u2019antifascisme -appel \u00e0 soutien-<\/strong><\/a><\/p>\n<p>Le 9 mail 2013 deux groupuscules fascistes implant\u00e9s dans la ville de Lyon organisaient des rassemblements ill\u00e9gaux dans deux lieux distincts : ce suppos\u00e9 hommage pour un militant nationaliste d\u00e9c\u00e9d\u00e9 \u00e9tait surtout l\u2019occasion pour eux d\u2019occuper une nouvelle fois la rue.<\/p>\n<p>Le 9 mail 2013 deux grou\u00adpus\u00adcu\u00adles fas\u00adcis\u00adtes implan\u00adt\u00e9s dans la ville de Lyon orga\u00adni\u00adsaient des ras\u00adsem\u00adble\u00adments ill\u00e9\u00adgaux dans deux lieux dis\u00adtincts : ce sup\u00adpos\u00e9 hom\u00admage pour un mili\u00adtant natio\u00adna\u00adliste d\u00e9c\u00e9d\u00e9 \u00e9tait sur\u00adtout l\u2019occa\u00adsion pour eux d\u2019occu\u00adper une nou\u00advelle fois la rue.<\/p>\n<p>Bien d\u00e9ci\u00add\u00e9Es \u00e0 ne pas leur lais\u00adser celle-ci, nous, mili\u00adtan\u00adtEs anti\u00adfas\u00adcis\u00adtes, avions d\u00e9ci\u00add\u00e9s de nous ras\u00adsem\u00adbler spon\u00adta\u00adn\u00e9\u00adment afin de d\u00e9non\u00adcer publi\u00adque\u00adment la tenue d\u2019une \u00e9ni\u00e8me mobi\u00adli\u00adsa\u00adtion d\u2019extr\u00eame-droite sur Lyon.<\/p>\n<p>Nous tenons \u00e0 sou\u00adli\u00adgner aujourd\u2019hui que nous assu\u00admons tota\u00adle\u00adment notre pr\u00e9\u00adsence sur la place Mar\u00e9chal Lyuatey \u00e0 quel\u00adques rues du ras\u00adsem\u00adble\u00adment p\u00e9tai\u00adniste. Notre ban\u00adde\u00adrole \u00ab contre la peste brune, d\u00e9ra\u00adti\u00adsons \u00bb, en t\u00eate de cor\u00adt\u00e8ge \u00e0 notre arri\u00adv\u00e9e sur cette place \u00e9tait une r\u00e9ponse poli\u00adti\u00adque et popu\u00adlaire face \u00e0 ces mili\u00adtants natio\u00adna\u00adlis\u00adtes radi\u00adcaux. Contrairement \u00e0 ce que vou\u00addraient nous faire croire la jus\u00adtice et la presse, nous ne sommes pas une bande arm\u00e9e d\u2019extr\u00eame gauche mais des \u00e9tudiantEs, des tra\u00advailleurs-euses, des syn\u00addi\u00adca\u00adlis\u00adtes, des mili\u00adtan\u00adtEs en lutte pour une soci\u00e9t\u00e9 \u00e9galitaire et soli\u00addaire.<\/p>\n<p>Face \u00e0 cela, un triste bilan sur Lyon : depuis 2010 c\u2019est 40 agres\u00adsions r\u00e9per\u00adto\u00adri\u00e9es de la part des fas\u00adcis\u00adtes, soit pr\u00e8s de 500 jours d\u2019ITT dis\u00adtri\u00adbu\u00e9s.<\/p>\n<p>Ce 9 mai 2013, l\u2019\u00c9tat et la jus\u00adtice ont visi\u00adble\u00adment choisi leur camp. Alors que les deux ras\u00adsem\u00adble\u00adments d\u2019extr\u00eame droite n\u2019\u00e9tait pas auto\u00adri\u00ads\u00e9s ; les ama\u00adteurs de saluts nazis ont pu tran\u00adquille\u00adment se r\u00e9unir (sans \u00eatre inqui\u00e9\u00adt\u00e9s) sous la bonne garde des forces de police. Quant \u00e0 nous, le cons\u00adtat fut rapide avec 25 mili\u00adtan\u00adtEs arr\u00ea\u00adt\u00e9Es alors que nous arri\u00advions tout juste sur la place du rendez-vous o\u00f9 se trou\u00advaient une tren\u00adtaine de sym\u00adpa\u00adthi\u00adsan\u00adtEs !<\/p>\n<p>Les fait qui nous sont repro\u00adch\u00e9s sont aber\u00adrants, de fa\u00e7on non-exaus\u00adtive en voici cer\u00adtains :<br \/>\n&#8211; par\u00adti\u00adci\u00adpa\u00adtion \u00e0 un ras\u00adsem\u00adble\u00adment non-auto\u00adris\u00e9<br \/>\n&#8211; par\u00adti\u00adci\u00adpa\u00adtions \u00e0 un regrou\u00adpe\u00adment arm\u00e9 en vue de com\u00admet\u00adtre des vio\u00adlen\u00adces sur per\u00adson\u00adnes ou des d\u00e9gra\u00adda\u00adtions<br \/>\n&#8211; vio\u00adlence sur agent<\/p>\n<p>Et ce fut pour nous de 21h \u00e0 42h de garde \u00e0 vue, des sai\u00adsies de t\u00e9l\u00e9\u00adphone por\u00adta\u00adble et des contr\u00f4\u00adles judi\u00adciai\u00adres pour 6 d\u2019entre nous nous inter\u00addi\u00adsant de nous c\u00f4toyer jusqu\u2019au proc\u00e8s. Par ailleurs, cer\u00adtai\u00adnEs d\u2019entre nous pour mani\u00adfes\u00adter leur refus du fichage g\u00e9n\u00e9\u00adra\u00adlis\u00e9 de la popu\u00adla\u00adtion, ont d\u00e9cid\u00e9 de ne pas se sou\u00admet\u00adtre aux dif\u00adf\u00e9\u00adrents rele\u00adv\u00e9s d\u2019iden\u00adti\u00adfi\u00adca\u00adtion : prise d\u2019empreinte et pr\u00e9\u00adl\u00e8\u00adve\u00adments ADN. Ces d\u00e9lits s\u2019ajou\u00adte\u00adront \u00e0 ceux cit\u00e9s pr\u00e9\u00adc\u00e9\u00addem\u00adment.<\/p>\n<p>Nous affir\u00admons haut et fort que nous ne nous tai\u00adrons pas, nous ne plie\u00adrons pas face \u00e0 leurs atta\u00adques ni face \u00e0 leur r\u00e9pres\u00adsion. Nous ne lais\u00adse\u00adrons jamais ces fas\u00adcis\u00adtes et autres n\u00e9o-nazis occu\u00adper la rue comme ils l\u2019enten\u00addent ; nous conti\u00adnue\u00adrons de lutter pour ancrer aupr\u00e8s de la popu\u00adla\u00adtion un anti\u00adfas\u00adcisme popu\u00adlaire.<\/p>\n<p>Face \u00e0 ce parti pris de l\u2019Etat et de la jus\u00adtice, face \u00e0 la mont\u00e9e de l\u2019extr\u00eame-droite dans notre ville, un seul mot d\u2019ordre : SOLIDARITE.<\/p>\n<p>Collectif des 25 inter\u00adpel\u00adl\u00e9Es.<\/p>\n<p>Pour nous sou\u00adte\u00adnir : ordre des ch\u00e8\u00adques TEMOINS, dos du ch\u00e8que \u00ab antifa 9 mai \u00bb<br \/>\nAdresse : Caisse de Solidarit\u00e9 91 rue Montesquieu 69007 LYON<br \/>\nNous contac\u00adter : 25in\u00adter\u00adpel\u00adlyon@riseup.net<\/p>\n<p style=\"text-align: justify\"><em>Rebellyon, 7 juin 2013 &#8211; mis \u00e0 jour le 8 juin 2013<\/em><\/p>\n","protected":false},"excerpt":{"rendered":"<p>NdPN : Il n&rsquo;y a pas qu&rsquo;\u00e0 Poitiers que la police et la \u00ab\u00a0justice\u00a0\u00bb montrent dans quel camp elles se situent&#8230; Mort de Cl\u00e9ment : Collomb demande l\u2019arrestation&#8230; des antifascistes ! Jeudi soir, \u00e0 la fin du rassemblement \u00e0 la m\u00e9moire de Cl\u00e9ment, antifasciste assassin\u00e9 \u00e0 Paris, G\u00e9rard Collomb, maire de Lyon, a \u00e9t\u00e9 bri\u00e8vement &hellip; <a href=\"https:\/\/fa86.noblogs.org\/?p=9210\" class=\"more-link\">Continuer la lecture de <span class=\"screen-reader-text\">[Lyon] Violences d&rsquo;extr\u00eame-droite, r\u00e9pression polici\u00e8re des antifascistes !<\/span> <span class=\"meta-nav\">&rarr;<\/span><\/a><\/p>\n","protected":false},"author":2691,"featured_media":0,"comment_status":"open","ping_status":"open","sticky":false,"template":"","format":"standard","meta":{"footnotes":""},"categories":[6,16],"tags":[],"class_list":["post-9210","post","type-post","status-publish","format-standard","hentry","category-paf-le-faf","category-repression"],"_links":{"self":[{"href":"https:\/\/fa86.noblogs.org\/index.php?rest_route=\/wp\/v2\/posts\/9210","targetHints":{"allow":["GET"]}}],"collection":[{"href":"https:\/\/fa86.noblogs.org\/index.php?rest_route=\/wp\/v2\/posts"}],"about":[{"href":"https:\/\/fa86.noblogs.org\/index.php?rest_route=\/wp\/v2\/types\/post"}],"author":[{"embeddable":true,"href":"https:\/\/fa86.noblogs.org\/index.php?rest_route=\/wp\/v2\/users\/2691"}],"replies":[{"embeddable":true,"href":"https:\/\/fa86.noblogs.org\/index.php?rest_route=%2Fwp%2Fv2%2Fcomments&post=9210"}],"version-history":[{"count":2,"href":"https:\/\/fa86.noblogs.org\/index.php?rest_route=\/wp\/v2\/posts\/9210\/revisions"}],"predecessor-version":[{"id":9212,"href":"https:\/\/fa86.noblogs.org\/index.php?rest_route=\/wp\/v2\/posts\/9210\/revisions\/9212"}],"wp:attachment":[{"href":"https:\/\/fa86.noblogs.org\/index.php?rest_route=%2Fwp%2Fv2%2Fmedia&parent=9210"}],"wp:term":[{"taxonomy":"category","embeddable":true,"href":"https:\/\/fa86.noblogs.org\/index.php?rest_route=%2Fwp%2Fv2%2Fcategories&post=9210"},{"taxonomy":"post_tag","embeddable":true,"href":"https:\/\/fa86.noblogs.org\/index.php?rest_route=%2Fwp%2Fv2%2Ftags&post=9210"}],"curies":[{"name":"wp","href":"https:\/\/api.w.org\/{rel}","templated":true}]}}