{"id":9213,"date":"2013-06-08T13:20:42","date_gmt":"2013-06-08T11:20:42","guid":{"rendered":"http:\/\/fa86.noblogs.org\/?p=9213"},"modified":"2013-06-08T13:21:22","modified_gmt":"2013-06-08T11:21:22","slug":"brest-pour-notre-ami","status":"publish","type":"post","link":"https:\/\/fa86.noblogs.org\/?p=9213","title":{"rendered":"[Brest] Pour notre ami"},"content":{"rendered":"<p style=\"text-align: justify\"><a href=\"http:\/\/nantes.indymedia.org\/article\/27750\" target=\"_blank\"><strong>Pour notre ami<\/strong><\/a><\/p>\n<p style=\"text-align: justify\">Ces quelques lignes ne sont pas une justification mais une volont\u00e9 de faire entendre nos voix.<\/p>\n<p style=\"text-align: justify\">Faire le deuil d&rsquo;un ami proche assassin\u00e9 par les fascistes n&rsquo;est d\u00e9j\u00e0 pas chose facile. Se r\u00e9veiller et lire toutes les inepties de la presse ne fait qu&rsquo;accentuer notre douleur et notre rage?<\/p>\n<p style=\"text-align: justify\">Nous sommes venu-e-s hier place de la Libert\u00e9 (devant la mairie, appel \u00e0 rassemblement \u00e9manant d&rsquo;organisations politiques et de syndicats, ndlr) \u00e0 titre individuel, mais surtout en tant qu&rsquo;ami-e-s proches de Cl\u00e9ment et en aucun cas au nom d&rsquo;une quelconque organisation. Apr\u00e8s avoir partag\u00e9 ces ann\u00e9es d&rsquo;amiti\u00e9 et de lutte, les attaques port\u00e9es par Ouest-France, le T\u00e9l\u00e9gramme et la presse nationale sont un manque total de respect envers sa m\u00e9moire et son engagement.<\/p>\n<p style=\"text-align: justify\">Le harc\u00e8lement subit par la famille et les proches, la recherche du scoop, du portrait sensationnel, justifie le terme de \u00abcharognards\u00bb employ\u00e9 pour qualifier les journalistes. Malgr\u00e9 la mise en garde que nous avions formul\u00e9 en les appelant \u00e0 un minimum de d\u00e9cence, la preuve en a encore \u00e9t\u00e9 faites en ce vendredi 7 juin 2013, d\u2019autant plus qu\u2019il n\u2019appartient pas aux journalistes ni aux repr\u00e9sentants politiques de caract\u00e9riser la dignit\u00e9 du rassemblement en la m\u00e9moire de notre ami. Nous avons appr\u00e9ci\u00e9 le soutien et la retenue des militants de diff\u00e9rentes organisations syndicales et politiques autant dans leur discr\u00e9tion que dans leur respect. Nous regrettons en revanche la volont\u00e9 de certains individus, Cuzon et ceux qui l\u2019ont soutenu, de se mettre en avant afin d\u2019appara\u00eetre et de s\u2019approprier ce deuil \u00e0 des fins politiciennes. Voir Cuillandre (PS) et des membres de l\u2019UMP \u00e0 ce rassemblement est une insulte \u00e0 son\u00a0combat, notre combat. Notre hostilit\u00e9 \u00e0 leur \u00e9gard, comme dans d\u2019autres rassemblement ayant eu lieu hier (Paris&#8230;) est tout \u00e0 fait l\u00e9gitime, leurs politiques \u00e9tant source d\u2019injustice sociale et du racisme ambiant (n\u2019oublions pas que le PS continue la politique r\u00e9pressive envers les sans-papiers d\u00e9but\u00e9e par l\u2019UMP&#8230;).<\/p>\n<p style=\"text-align: justify\">Notre anti-fascisme est quotidien, il d\u00e9passe la seule critique ponctuelle de l\u2019extr\u00eame droite. Ce rassemblement m\u00e9diatique place de la Libert\u00e9 n\u2019\u00e9tait pas, pour nous, un hommage suffisant \u00e0 Cl\u00e9ment. Rien ne suffira pour exprimer notre douleur, notre col\u00e8re et notre r\u00e9volte. Nous avons essay\u00e9 de cr\u00e9er un moment lui correspondant davantage, lors de la soir\u00e9e du 6 juin 2013.<\/p>\n<p style=\"text-align: justify\">Nous avons fait le choix d\u2019occuper la rue.<\/p>\n<p style=\"text-align: justify\">Nous nous sommes rassembl\u00e9-e-s place Gu\u00e9rin parce que c\u2019est l\u00e0 que nous l\u2019avons connu.<\/p>\n<p style=\"text-align: justify\">Nous nous sommes arr\u00eat\u00e9-e-s devant son ancien appartement et devant son lyc\u00e9e, car ce sont des lieux li\u00e9s \u00e0 sa vie.<\/p>\n<p style=\"text-align: justify\">Nous avons diffus\u00e9 la musique qui lui \u00e9tait ch\u00e8re.<\/p>\n<p style=\"text-align: justify\">Nos drapeaux sont noirs de notre peine et sont rouges de notre sang.<\/p>\n<p style=\"text-align: justify\">Ses ami-e-s<\/p>\n<p style=\"text-align: justify\"><em>Vu sur Indymedia Nantes, 8 juin 2013<\/em><\/p>\n","protected":false},"excerpt":{"rendered":"<p>Pour notre ami Ces quelques lignes ne sont pas une justification mais une volont\u00e9 de faire entendre nos voix. Faire le deuil d&rsquo;un ami proche assassin\u00e9 par les fascistes n&rsquo;est d\u00e9j\u00e0 pas chose facile. Se r\u00e9veiller et lire toutes les inepties de la presse ne fait qu&rsquo;accentuer notre douleur et notre rage? Nous sommes venu-e-s &hellip; <a href=\"https:\/\/fa86.noblogs.org\/?p=9213\" class=\"more-link\">Continuer la lecture de <span class=\"screen-reader-text\">[Brest] Pour notre ami<\/span> <span class=\"meta-nav\">&rarr;<\/span><\/a><\/p>\n","protected":false},"author":2691,"featured_media":0,"comment_status":"open","ping_status":"open","sticky":false,"template":"","format":"standard","meta":{"footnotes":""},"categories":[6],"tags":[],"class_list":["post-9213","post","type-post","status-publish","format-standard","hentry","category-paf-le-faf"],"_links":{"self":[{"href":"https:\/\/fa86.noblogs.org\/index.php?rest_route=\/wp\/v2\/posts\/9213","targetHints":{"allow":["GET"]}}],"collection":[{"href":"https:\/\/fa86.noblogs.org\/index.php?rest_route=\/wp\/v2\/posts"}],"about":[{"href":"https:\/\/fa86.noblogs.org\/index.php?rest_route=\/wp\/v2\/types\/post"}],"author":[{"embeddable":true,"href":"https:\/\/fa86.noblogs.org\/index.php?rest_route=\/wp\/v2\/users\/2691"}],"replies":[{"embeddable":true,"href":"https:\/\/fa86.noblogs.org\/index.php?rest_route=%2Fwp%2Fv2%2Fcomments&post=9213"}],"version-history":[{"count":3,"href":"https:\/\/fa86.noblogs.org\/index.php?rest_route=\/wp\/v2\/posts\/9213\/revisions"}],"predecessor-version":[{"id":9216,"href":"https:\/\/fa86.noblogs.org\/index.php?rest_route=\/wp\/v2\/posts\/9213\/revisions\/9216"}],"wp:attachment":[{"href":"https:\/\/fa86.noblogs.org\/index.php?rest_route=%2Fwp%2Fv2%2Fmedia&parent=9213"}],"wp:term":[{"taxonomy":"category","embeddable":true,"href":"https:\/\/fa86.noblogs.org\/index.php?rest_route=%2Fwp%2Fv2%2Fcategories&post=9213"},{"taxonomy":"post_tag","embeddable":true,"href":"https:\/\/fa86.noblogs.org\/index.php?rest_route=%2Fwp%2Fv2%2Ftags&post=9213"}],"curies":[{"name":"wp","href":"https:\/\/api.w.org\/{rel}","templated":true}]}}