{"id":9221,"date":"2013-06-10T09:48:14","date_gmt":"2013-06-10T07:48:14","guid":{"rendered":"http:\/\/fa86.noblogs.org\/?p=9221"},"modified":"2013-06-10T09:48:14","modified_gmt":"2013-06-10T07:48:14","slug":"poitiers-communique-suite-a-la-manifestation-en-hommage-a-clement-a-poitiers","status":"publish","type":"post","link":"https:\/\/fa86.noblogs.org\/?p=9221","title":{"rendered":"[Poitiers] Communiqu\u00e9 suite \u00e0 la manifestation en hommage \u00e0 Cl\u00e9ment \u00e0 Poitiers"},"content":{"rendered":"<p style=\"text-align: justify\"><a href=\"https:\/\/epinenoire.noblogs.org\/?p=563\" target=\"_blank\"><strong>Communiqu\u00e9 suite \u00e0 la manifestation en hommage \u00e0 Cl\u00e9ment \u00e0 Poitiers<\/strong><\/a><\/p>\n<p style=\"text-align: justify\" align=\"JUSTIFY\">Le jeudi 6 juin \u00e0 18 h 30 a eu lieu \u00e0 Poitiers comme dans de nombreuses autres villes une manifestation organis\u00e9e \u00e0 l\u2019appel du groupe unitaire contre l\u2019extr\u00eame droite de la Vienne \u00e0 la suite de la mort de Cl\u00e9ment M\u00e9ric \u00e0 Paris. Nous avons \u00e9t\u00e9 agr\u00e9ablement surpris de l\u2019ampleur de la manifestation organis\u00e9e dans la journ\u00e9e m\u00eame (entre 250 et 300 personnes), mais nous avons cependant quelques critiques \u00e0 \u00e9mettre et besoin de rappeler certains faits.<\/p>\n<p style=\"text-align: justify\" align=\"JUSTIFY\">Nous nous \u00e9tonnons que des cadres du Parti socialiste de la mairie de Poitiers soient venus sans honte se montrer en m\u00e9moire de quelqu\u2019un qui les combattait politiquement. En effet, rappelons que Cl\u00e9ment \u00e9tait certes un militant antifasciste mais qu\u2019on ne saurait le r\u00e9duire \u00e0 cela. Il \u00e9tait r\u00e9volutionnaire, et impliqu\u00e9 dans les luttes contre le capital et fatalement contre le gouvernement socialo-\u00e9cologiste actuel. Antifasciste convaincu, il militait aussi contre toutes les formes d\u2019exploitation et de domination : le sexisme, le racisme et l\u2019homophobie\u2026<\/p>\n<p style=\"text-align: justify\" align=\"JUSTIFY\">Revenons \u00e0 la manifestation poitevine, non d\u00e9clar\u00e9e comme le veut la tradition ici, et regroupant des individus (libertaires ou proches), encart\u00e9s de gauche et d\u2019extr\u00eame gauche et autres membres d\u2019associations. Voil\u00e0 bien longtemps que tout ce beau monde n\u2019avait pas \u00e9t\u00e9 r\u00e9uni. En effet, le bras de fer entre la mairie socialiste et les associations, les anarchistes et surtout derni\u00e8rement le DAL 86 dure depuis plusieurs ann\u00e9es, et la gouvernance de M. Claeys nous montre le v\u00e9ritable visage de la social-d\u00e9mocratie depuis.<\/p>\n<p style=\"text-align: justify\" align=\"JUSTIFY\">Nous avons donc pu voir nos braves cadres locaux se retirer du cort\u00e8ge au niveau de la mairie alors que ce dernier \u00e9voluait vers la pr\u00e9fecture. Tr\u00e8s bien, nous dirons-nous, mais cette man\u0153uvre semble aussi avoir \u00e9t\u00e9 tactique. Car, plus d\u2019une heure apr\u00e8s la fin de la manifestation, deux personnes ont \u00e9t\u00e9 arr\u00eat\u00e9es et emmen\u00e9es au poste pour \u00ab\u00a0manifestation ill\u00e9gale\u00a0\u00bb et \u00ab\u00a0outrage aux forces de l\u2019ordre\u00a0\u00bb (des \u00ab\u00a0Flics porcs assassins\u00a0\u00bb s\u2019\u00e9tant gliss\u00e9s dans les slogans scand\u00e9s). Ces deux personnes seront rel\u00e2ch\u00e9es le lendemain et passeront en Comparution sur reconnaissance pr\u00e9alable de culpabilit\u00e9 (CRPC). Devant le procureur, donc. Mais le fait int\u00e9ressant \u00e0 noter ici est cette phrase l\u00e2ch\u00e9e par un conseiller municipal et conseiller de Grand Poitiers bien connu comme bureaucrate de la lutte (notamment au sein des MJS lors du mouvement anti-CPE)\u00a0:\u00a0\u00ab\u00a0Ce n\u2019est pas une manifestation, mais un rassemblement silencieux contre les violences de l\u2019extr\u00eame droite\u00a0\u00bb. Voil\u00e0, tout est dit. Vous vous \u00eates fait attraper ? Vous ne pouvez que vous en prendre \u00e0 vous-m\u00eames. Il ne fallait pas faire de manif (ou du moins pas jusqu\u2019au bout)\u2026 puisqu\u2019il existe une pression de la pr\u00e9fecture vis-\u00e0-vis des manifestations non d\u00e9clar\u00e9es depuis environ un an, et relay\u00e9e par son chien de garde \u00e9dent\u00e9\u00a0: la mairie.<\/p>\n<p style=\"text-align: justify\" align=\"JUSTIFY\">Ici donc, les socialistes poitevins suivent la ligne dict\u00e9e par l\u2019Elys\u00e9e et le taulier de la place Beauvau\u00a0: s\u2019\u00e9mouvoir de mani\u00e8re hypocrite sur la violence et la dangerosit\u00e9 id\u00e9ologiques des groupes fascistes bien connus. Alors que ce sont ces m\u00eames socialistes qui, de par leur politique, ne contribuent point \u00e0 faire reculer les pratiques et id\u00e9es de l\u2019extr\u00eame droite ; bien au contraire, celle-ci s\u2019en est servie \u00e0 plusieurs reprises afin de gagner des \u00e9lections, de promouvoir des politiques s\u00e9curitaires de la R\u00e9publique (n\u2019oublions pas que les centres de r\u00e9tention, ces prisons d\u00e9mocratiques pour \u00e9trangers, datent de l\u2019\u00e8re mitterrandienne). Par ailleurs, le jour m\u00eame o\u00f9 Cl\u00e9ment a \u00e9t\u00e9 agress\u00e9, la police de Manuel Valls proc\u00e9dait \u00e0 une grande rafle de sans-papiers dans le quartier populaire de Barb\u00e8s \u00e0 Paris. R\u00e9publique, sacro-sainte R\u00e9publique! Tel un chant incantatoire, ce terme sonnait creux pour Cl\u00e9ment et ses camarades ! Alors, fichez-nous la paix avec cet appel \u00e0 un front r\u00e9publicain chim\u00e9rique.<\/p>\n<p style=\"text-align: justify\" align=\"JUSTIFY\">La R\u00e9publique n\u2019est qu\u2019un champ de bataille symbolique pour les aspirants au pouvoir, \u00e7a fait bien longtemps que son caract\u00e8re attractif et magique n\u2019op\u00e8re plus ! Bref, nous nous opposons fermement \u00e0 cette tentative de r\u00e9cup\u00e9ration \u00e9tatique de la mort de Cl\u00e9ment.<\/p>\n<p style=\"text-align: justify\" align=\"JUSTIFY\">De plus, nous pensons que la dissolution de groupes fascistes ne changera pas la donne. Hormis leur caract\u00e8re symbolique orchestr\u00e9 par le pouvoir et une partie de la gauche, l\u2019Histoire nous a montr\u00e9 \u00e0 plusieurs reprises que la dissolution de ces groupes est un leurre (des Ligues des ann\u00e9es 1930 \u00e0 Unit\u00e9 radicale des ann\u00e9es 2000, en passant par Ordre nouveau des ann\u00e9es 1970)\u00a0: ils se sont toujours reform\u00e9s, ils ont juste eu besoin de changer de nom. Mais nous n\u2019appelons pas non plus \u00e0 une \u00ab\u00a0justice pour Cl\u00e9ment\u00a0\u00bb. Cette justice qui nous condamne aussi bien et que nous combattons tous les jours.<\/p>\n<p style=\"text-align: justify\" align=\"JUSTIFY\">Soulignons que depuis plusieurs ann\u00e9es les fascistes et autres nazillons ressortent dans la rue et souhaitent la reprendre, galvanis\u00e9s par les scores de leurs homologues dans de nombreux pays en Europe (Gr\u00e8ce, Hongrie\u2026) sur fond de crise \u00e9conomique. Nous ne d\u00e9couvrons rien, dans plusieurs villes les fascistes sont tr\u00e8s actifs, et s\u2019adonnent \u00e0 des actions violentes et\/ou symboliques\u00a0: Lyon, Toulouse, Tours, Besan\u00e7on, etc. Mais les derni\u00e8res manifs contre le mariage homosexuel leur ont permis de se rencontrer, de recruter, bref d\u2019avoir un nouveau souffle, avec la complicit\u00e9 des m\u00e9dias ayant offert leurs micros sur des plateaux d\u2019argent \u00e0 des mouvements r\u00e9actionnaires de toutes sortes diss\u00e9minant leurs discours haineux.<\/p>\n<p style=\"text-align: justify\" align=\"JUSTIFY\">Par exemple, nous avons remarqu\u00e9 qu\u2019ils sont de plus en plus pr\u00e9sents sur Poitiers, du moins par leurs affiches et autocollants. Qu\u2019ils soient \u00e0 M\u00e9ridien Z\u00e9ro, au Mouvement Action Sociale, au Parti de France, \u00e0 l\u2019\u0152uvre Fran\u00e7aise ou au plus traditionnel Front National, les militants fascistes tentent de s\u2019implanter localement et durablement. Ils se sentent m\u00eame pousser des ailes. Pour preuve, d\u00e9but mai ont \u00e9t\u00e9 d\u00e9couvertes des affiches, coll\u00e9es dans les rues de Poitiers, comprenant les photos de deux militants du NPA avec comme surtitre \u00ab Wanted \u00bb et cette l\u00e9gende : \u00ab\u00a0Tags d\u00e9gueulasses, gribouillis partout, panneaux sales, portes tatou\u00e9es\u00a0? Assez ! La police s\u2019en occupe pas on va s\u2019en occuper !\u00a0\u00bb.<\/p>\n<p style=\"text-align: justify\" align=\"JUSTIFY\">En m\u00e9moire de notre camarade Cl\u00e9ment,nous souhaiterions que les bureaucrates politiques, membres du gouvernement et autres charognards de la presse fassent profil bas sur le sujet. Pour vous, fascistes, belek : une attaque contre un est une attaque contre tous.<\/p>\n<p style=\"text-align: justify\" align=\"JUSTIFY\">\u00a0Dieu pardonne, pas le prol\u00e9tariat !<\/p>\n<p style=\"text-align: justify\" align=\"JUSTIFY\"><em>\u00a0L\u2019\u00c9pine noire, 8 juin 2013<\/em><\/p>\n","protected":false},"excerpt":{"rendered":"<p>Communiqu\u00e9 suite \u00e0 la manifestation en hommage \u00e0 Cl\u00e9ment \u00e0 Poitiers Le jeudi 6 juin \u00e0 18 h 30 a eu lieu \u00e0 Poitiers comme dans de nombreuses autres villes une manifestation organis\u00e9e \u00e0 l\u2019appel du groupe unitaire contre l\u2019extr\u00eame droite de la Vienne \u00e0 la suite de la mort de Cl\u00e9ment M\u00e9ric \u00e0 Paris. &hellip; <a href=\"https:\/\/fa86.noblogs.org\/?p=9221\" class=\"more-link\">Continuer la lecture de <span class=\"screen-reader-text\">[Poitiers] Communiqu\u00e9 suite \u00e0 la manifestation en hommage \u00e0 Cl\u00e9ment \u00e0 Poitiers<\/span> <span class=\"meta-nav\">&rarr;<\/span><\/a><\/p>\n","protected":false},"author":2691,"featured_media":0,"comment_status":"open","ping_status":"open","sticky":false,"template":"","format":"standard","meta":{"footnotes":""},"categories":[6,16],"tags":[],"class_list":["post-9221","post","type-post","status-publish","format-standard","hentry","category-paf-le-faf","category-repression"],"_links":{"self":[{"href":"https:\/\/fa86.noblogs.org\/index.php?rest_route=\/wp\/v2\/posts\/9221","targetHints":{"allow":["GET"]}}],"collection":[{"href":"https:\/\/fa86.noblogs.org\/index.php?rest_route=\/wp\/v2\/posts"}],"about":[{"href":"https:\/\/fa86.noblogs.org\/index.php?rest_route=\/wp\/v2\/types\/post"}],"author":[{"embeddable":true,"href":"https:\/\/fa86.noblogs.org\/index.php?rest_route=\/wp\/v2\/users\/2691"}],"replies":[{"embeddable":true,"href":"https:\/\/fa86.noblogs.org\/index.php?rest_route=%2Fwp%2Fv2%2Fcomments&post=9221"}],"version-history":[{"count":1,"href":"https:\/\/fa86.noblogs.org\/index.php?rest_route=\/wp\/v2\/posts\/9221\/revisions"}],"predecessor-version":[{"id":9222,"href":"https:\/\/fa86.noblogs.org\/index.php?rest_route=\/wp\/v2\/posts\/9221\/revisions\/9222"}],"wp:attachment":[{"href":"https:\/\/fa86.noblogs.org\/index.php?rest_route=%2Fwp%2Fv2%2Fmedia&parent=9221"}],"wp:term":[{"taxonomy":"category","embeddable":true,"href":"https:\/\/fa86.noblogs.org\/index.php?rest_route=%2Fwp%2Fv2%2Fcategories&post=9221"},{"taxonomy":"post_tag","embeddable":true,"href":"https:\/\/fa86.noblogs.org\/index.php?rest_route=%2Fwp%2Fv2%2Ftags&post=9221"}],"curies":[{"name":"wp","href":"https:\/\/api.w.org\/{rel}","templated":true}]}}