{"id":9229,"date":"2013-06-10T18:47:49","date_gmt":"2013-06-10T16:47:49","guid":{"rendered":"http:\/\/fa86.noblogs.org\/?p=9229"},"modified":"2013-06-10T18:47:49","modified_gmt":"2013-06-10T16:47:49","slug":"chasseneuil-86-les-salarie-e-s-de-bonilait-en-greve","status":"publish","type":"post","link":"https:\/\/fa86.noblogs.org\/?p=9229","title":{"rendered":"[Chasseneuil &#8211; 86] Les salari\u00e9-e-s de Bonilait en gr\u00e8ve"},"content":{"rendered":"<p style=\"text-align: justify\"><a href=\"http:\/\/www.lanouvellerepublique.fr\/Vienne\/Actualite\/24-Heures\/n\/Contenus\/Articles\/2013\/06\/10\/Chasseneuil-l-usine-Bonilait-bloquee-1500955\" target=\"_blank\"><strong>Chasseneuil : l&rsquo;usine Bonilait bloqu\u00e9e<\/strong><\/a><\/p>\n<figure style=\"width: 600px\" class=\"wp-caption alignnone\"><img loading=\"lazy\" decoding=\"async\" alt=\"\" src=\"http:\/\/www.lanouvellerepublique.fr\/var\/nrv2\/storage\/images\/contenus\/articles\/2013\/06\/10\/chasseneuil-l-usine-bonilait-bloquee-1500955\/28098049-2-fre-FR\/Chasseneuil-l-usine-Bonilait-bloquee_reference.jpg\" width=\"600\" height=\"450\" \/><figcaption class=\"wp-caption-text\">Les gr\u00e9vistes bloquent l&rsquo;acc\u00e8s \u00e0 l&rsquo;usine &#8211; (Photo cor Alain Chauveau)<\/figcaption><\/figure>\n<p style=\"text-align: justify\">Une quarantaine d&rsquo;agents de <b>l&rsquo;usine Bonilait Prot\u00e9ines de Bonnillet<\/b> (commune de Chasseneuil-du-Poitou)\u00a0sont en <b>gr\u00e8ve illimit\u00e9e<\/b> depuis ce lundi matin pour des revendications salariales.<\/p>\n<p style=\"text-align: justify\">Le syndicat CGT Bonilait Prot\u00e9ines bloque l&rsquo;acc\u00e8s \u00e0\u00a0l&rsquo;usine, aucun camion ne peut donc\u00a0s&rsquo;approvisionner. \u00ab\u00a0Nous sortons des n\u00e9gociations annuelles obligatoires, confie Alain H\u00e9rault, d\u00e9l\u00e9gu\u00e9 CGT, et nous sommes loin des attentes des agents\u00a0sur les salaires et l&rsquo;am\u00e9lioration des conditions de travail. La direction nous propose une augmentation de 1,5 % \u00e0 compter du 1er juin (soit\u00a0quelque\u00a018 \u20ac pour les plus bas salaires) alors que <b>nos revendications portent sur 75 \u20ac bruts mensuel<\/b>. On a une entreprise qui r\u00e9alise des b\u00e9n\u00e9fices et\u00a0nous aimerions bien r\u00e9colter le fruit de\u00a0notre travail,\u00a0notamment\u00a0pour les plus bas revenus.\u00a0\u00bb Jointe par t\u00e9l\u00e9phone la direction nous a fait savoir qu&rsquo;elle ne souhaitait pas s&rsquo;exprimer sur ce mouvement de gr\u00e8ve.<\/p>\n<p style=\"text-align: justify\"><em>Nouvelle R\u00e9publique, 10 juin 2013<\/em><\/p>\n","protected":false},"excerpt":{"rendered":"<p>Chasseneuil : l&rsquo;usine Bonilait bloqu\u00e9e Une quarantaine d&rsquo;agents de l&rsquo;usine Bonilait Prot\u00e9ines de Bonnillet (commune de Chasseneuil-du-Poitou)\u00a0sont en gr\u00e8ve illimit\u00e9e depuis ce lundi matin pour des revendications salariales. Le syndicat CGT Bonilait Prot\u00e9ines bloque l&rsquo;acc\u00e8s \u00e0\u00a0l&rsquo;usine, aucun camion ne peut donc\u00a0s&rsquo;approvisionner. \u00ab\u00a0Nous sortons des n\u00e9gociations annuelles obligatoires, confie Alain H\u00e9rault, d\u00e9l\u00e9gu\u00e9 CGT, et nous sommes &hellip; <a href=\"https:\/\/fa86.noblogs.org\/?p=9229\" class=\"more-link\">Continuer la lecture de <span class=\"screen-reader-text\">[Chasseneuil &#8211; 86] Les salari\u00e9-e-s de Bonilait en gr\u00e8ve<\/span> <span class=\"meta-nav\">&rarr;<\/span><\/a><\/p>\n","protected":false},"author":2691,"featured_media":0,"comment_status":"open","ping_status":"open","sticky":false,"template":"","format":"standard","meta":{"footnotes":""},"categories":[9,22],"tags":[],"class_list":["post-9229","post","type-post","status-publish","format-standard","hentry","category-la-rue-grogne","category-le-travail-tue"],"_links":{"self":[{"href":"https:\/\/fa86.noblogs.org\/index.php?rest_route=\/wp\/v2\/posts\/9229","targetHints":{"allow":["GET"]}}],"collection":[{"href":"https:\/\/fa86.noblogs.org\/index.php?rest_route=\/wp\/v2\/posts"}],"about":[{"href":"https:\/\/fa86.noblogs.org\/index.php?rest_route=\/wp\/v2\/types\/post"}],"author":[{"embeddable":true,"href":"https:\/\/fa86.noblogs.org\/index.php?rest_route=\/wp\/v2\/users\/2691"}],"replies":[{"embeddable":true,"href":"https:\/\/fa86.noblogs.org\/index.php?rest_route=%2Fwp%2Fv2%2Fcomments&post=9229"}],"version-history":[{"count":2,"href":"https:\/\/fa86.noblogs.org\/index.php?rest_route=\/wp\/v2\/posts\/9229\/revisions"}],"predecessor-version":[{"id":9231,"href":"https:\/\/fa86.noblogs.org\/index.php?rest_route=\/wp\/v2\/posts\/9229\/revisions\/9231"}],"wp:attachment":[{"href":"https:\/\/fa86.noblogs.org\/index.php?rest_route=%2Fwp%2Fv2%2Fmedia&parent=9229"}],"wp:term":[{"taxonomy":"category","embeddable":true,"href":"https:\/\/fa86.noblogs.org\/index.php?rest_route=%2Fwp%2Fv2%2Fcategories&post=9229"},{"taxonomy":"post_tag","embeddable":true,"href":"https:\/\/fa86.noblogs.org\/index.php?rest_route=%2Fwp%2Fv2%2Ftags&post=9229"}],"curies":[{"name":"wp","href":"https:\/\/api.w.org\/{rel}","templated":true}]}}