{"id":9241,"date":"2013-06-12T08:44:38","date_gmt":"2013-06-12T06:44:38","guid":{"rendered":"http:\/\/fa86.noblogs.org\/?p=9241"},"modified":"2013-06-12T08:44:38","modified_gmt":"2013-06-12T06:44:38","slug":"poitiers-greve-prolongee-au-chu","status":"publish","type":"post","link":"https:\/\/fa86.noblogs.org\/?p=9241","title":{"rendered":"[Poitiers] Gr\u00e8ve prolong\u00e9e au CHU"},"content":{"rendered":"<p style=\"text-align: justify\"><a href=\"http:\/\/www.lanouvellerepublique.fr\/Vienne\/Actualite\/Sante\/n\/Contenus\/Articles\/2013\/06\/12\/Greve-au-CHU-de-Poitiers-les-medecins-solidaires-1503533\" target=\"_blank\"><strong>Gr\u00e8ve au CHU de Poitiers : les m\u00e9decins solidaires<\/strong><\/a><\/p>\n<p id=\"articleChapo\" style=\"text-align: justify\">Apr\u00e8s concertation, le personnel hospitalier du CHU de Poitiers a d\u00e9cid\u00e9\u00a0 de prolonger le mouvement de gr\u00e8ve jusqu\u2019\u00e0 jeudi.<\/p>\n<p style=\"text-align: justify\">Les pancartes aux couleurs de l&rsquo;intersyndicale CGT, CFDT et FO, affichent le m\u00e9contentement du personnel du CHU de Poitiers. Lundi matin, pr\u00e8s de 38\u2009% des agents pr\u00e9sents ont \u00e9t\u00e9 en gr\u00e8ve. Hier, ils \u00e9taient 25\u2009% et ont vot\u00e9 la reconduite du mouvement jusqu&rsquo;\u00e0 aujourd&rsquo;hui. <i>\u00ab\u00a0Nous prolongerons la gr\u00e8ve tr\u00e8s probablement jusqu&rsquo;\u00e0 jeudi\u00a0\u00bb<\/i>, annonce Marie-Th\u00e9r\u00e8se Pintureau, porte-parole de l&rsquo;intersyndicale et aide-soignante au CHU.<\/p>\n<div id=\"text\" style=\"text-align: justify\">\n<p>Pour r\u00e9\u00e9quilibrer son budget 2013, la direction de l&rsquo;h\u00f4pital doit r\u00e9aliser des \u00e9conomies \u00e0 hauteur de 5\u00a0millions d&rsquo;euros. Dans ce cadre, elle a pr\u00e9vu la suppression de six jours de RTT pour le personnel \u00e0 repos variable et deux jours en plus du jour de suj\u00e9tion pour le personnel \u00e0 repos fixe. Ces mesures ont suscit\u00e9 la grogne g\u00e9n\u00e9rale.<\/p>\n<p><b>\u00ab\u00a0\u2009Hors de question de baisser les bras\u2009!\u2009\u00a0\u00bb<\/b><\/p>\n<p>Hier matin \u00e0 10\u2009h\u200930 dans le hall Jean-Bernard, le p\u00e9diatre urgentiste Jo\u00ebl Cardona a pr\u00e9cis\u00e9 la position des m\u00e9decins lors d&rsquo;une assembl\u00e9e g\u00e9n\u00e9rale\u2009: <i>\u00ab\u00a0Nous avons statu\u00e9 lundi soir lors de la Commission m\u00e9dicale. Les praticiens refusent d&rsquo;offrir deux jours de RTT. Nous estimons que ces probl\u00e8mes de gestion ne nous concernent pas. Nous sommes solidaires du personnel soignant mais nous ne sommes pas gr\u00e9vistes\u00a0\u00bb<\/i>. \u00c0 la suite de l&rsquo;assembl\u00e9e g\u00e9n\u00e9rale, l&rsquo;intersyndicale a \u00e9t\u00e9 re\u00e7ue en urgence par la direction. Le directeur g\u00e9n\u00e9ral, Jean-Pierre Dewitte, a annonc\u00e9 que le projet de construction du pavillon administratif sera abandonn\u00e9. Le personnel \u00e0 repos variable aurait une suppression de quatre jours de RTT et le personnel \u00e0 repos fixe ne b\u00e9n\u00e9ficierait plus du jour de suj\u00e9tion.<\/p>\n<p><b>Une manifestation sous les fen\u00eatres de l&rsquo;ARS<\/b><\/p>\n<p>Marie-Th\u00e9r\u00e8se Pintureau n&rsquo;est pas convaincue\u2009: <i>\u00ab\u00a0Nous avons refus\u00e9 cette proposition. Il est hors de question de baisser les bras. Nous serons demain \u00e0 l&rsquo;ARS <\/i>(NDLR\u2009: jeudi)<i>\u00a0et nous invitons l&rsquo;ensemble du personnel \u00e0 venir manifester \u00e0 nos c\u00f4t\u00e9s\u00a0\u00bb<\/i>. Jean-Pierre Dewitte sera \u00e9galement pr\u00e9sent pour y pr\u00e9senter le budget 2013\u00a0du CHU. Deux assembl\u00e9es g\u00e9n\u00e9rales sont organis\u00e9es aujourd&rsquo;hui \u00e0 10\u2009h\u200930 et \u00e0 14\u2009h\u200930 dans le hall Jean-Bernard au CHU de Poitiers. Jean-Pierre Dewitte pr\u00e9sentera le budget au directoire ce soir \u00e0 18\u2009h\u200915.<i>\u00a0\u00ab\u00a0Nous organiserons une manifestation en m\u00eame temps\u00a0\u00bb,<\/i> conclut la porte-parole.<\/p>\n<p>en bref<\/p>\n<p><b>Gr\u00e8ve au C.H. Laborit<\/b><\/p>\n<p>Dans un communiqu\u00e9, la CGT du centre hospitalier Henri-Laborit \u00e0 Poitiers appelle le personnel \u00e0 rejoindre la journ\u00e9e de gr\u00e8ve nationale pr\u00e9vue le samedi 15\u00a0juin\u00a02013. Tout comme leurs coll\u00e8gues du CHU, ils d\u00e9noncent les mesures prises pour r\u00e9\u00e9quilibrer le budget 2013. Le syndicat pointe du doigt des conditions de travail difficiles et la diminution des salaires auxquelles, selon eux, risquent de s&rsquo;ajouter une r\u00e9duction du personnel, la fermeture de certaines unit\u00e9s de soin et l&rsquo;arr\u00eat du projet de foyer r\u00e9gional postcure. La CGT Laborit mart\u00e8le qu&rsquo;il s&rsquo;agit l\u00e0 <i>\u00ab\u00a0d&rsquo;une volont\u00e9 de casser l&rsquo;h\u00f4pital public\u00a0\u00bb <\/i>et rappelle que<i> \u00ab\u00a0la sant\u00e9 reste une priorit\u00e9 et un droit pour tous\u00a0\u00bb<\/i>.<\/p>\n<p><em>Aurore Ymonnet, Nouvelle R\u00e9publique, 12 juin 2013<\/em><\/p>\n<\/div>\n","protected":false},"excerpt":{"rendered":"<p>Gr\u00e8ve au CHU de Poitiers : les m\u00e9decins solidaires Apr\u00e8s concertation, le personnel hospitalier du CHU de Poitiers a d\u00e9cid\u00e9\u00a0 de prolonger le mouvement de gr\u00e8ve jusqu\u2019\u00e0 jeudi. Les pancartes aux couleurs de l&rsquo;intersyndicale CGT, CFDT et FO, affichent le m\u00e9contentement du personnel du CHU de Poitiers. Lundi matin, pr\u00e8s de 38\u2009% des agents pr\u00e9sents &hellip; <a href=\"https:\/\/fa86.noblogs.org\/?p=9241\" class=\"more-link\">Continuer la lecture de <span class=\"screen-reader-text\">[Poitiers] Gr\u00e8ve prolong\u00e9e au CHU<\/span> <span class=\"meta-nav\">&rarr;<\/span><\/a><\/p>\n","protected":false},"author":2691,"featured_media":0,"comment_status":"open","ping_status":"open","sticky":false,"template":"","format":"standard","meta":{"footnotes":""},"categories":[9,22],"tags":[],"class_list":["post-9241","post","type-post","status-publish","format-standard","hentry","category-la-rue-grogne","category-le-travail-tue"],"_links":{"self":[{"href":"https:\/\/fa86.noblogs.org\/index.php?rest_route=\/wp\/v2\/posts\/9241","targetHints":{"allow":["GET"]}}],"collection":[{"href":"https:\/\/fa86.noblogs.org\/index.php?rest_route=\/wp\/v2\/posts"}],"about":[{"href":"https:\/\/fa86.noblogs.org\/index.php?rest_route=\/wp\/v2\/types\/post"}],"author":[{"embeddable":true,"href":"https:\/\/fa86.noblogs.org\/index.php?rest_route=\/wp\/v2\/users\/2691"}],"replies":[{"embeddable":true,"href":"https:\/\/fa86.noblogs.org\/index.php?rest_route=%2Fwp%2Fv2%2Fcomments&post=9241"}],"version-history":[{"count":2,"href":"https:\/\/fa86.noblogs.org\/index.php?rest_route=\/wp\/v2\/posts\/9241\/revisions"}],"predecessor-version":[{"id":9243,"href":"https:\/\/fa86.noblogs.org\/index.php?rest_route=\/wp\/v2\/posts\/9241\/revisions\/9243"}],"wp:attachment":[{"href":"https:\/\/fa86.noblogs.org\/index.php?rest_route=%2Fwp%2Fv2%2Fmedia&parent=9241"}],"wp:term":[{"taxonomy":"category","embeddable":true,"href":"https:\/\/fa86.noblogs.org\/index.php?rest_route=%2Fwp%2Fv2%2Fcategories&post=9241"},{"taxonomy":"post_tag","embeddable":true,"href":"https:\/\/fa86.noblogs.org\/index.php?rest_route=%2Fwp%2Fv2%2Ftags&post=9241"}],"curies":[{"name":"wp","href":"https:\/\/api.w.org\/{rel}","templated":true}]}}