{"id":9244,"date":"2013-06-12T09:08:32","date_gmt":"2013-06-12T07:08:32","guid":{"rendered":"http:\/\/fa86.noblogs.org\/?p=9244"},"modified":"2013-06-12T09:08:32","modified_gmt":"2013-06-12T07:08:32","slug":"lgv-tours-bordeaux-bourrage-de-crane-mediatique-pro-lgv","status":"publish","type":"post","link":"https:\/\/fa86.noblogs.org\/?p=9244","title":{"rendered":"[LGV Tours-Bordeaux] Bourrage de cr\u00e2ne m\u00e9diatique pro-LGV"},"content":{"rendered":"<p style=\"text-align: justify\"><em><strong>NdPN<\/strong> : Apr\u00e8s la grotesque mascarade de d\u00e9bat orchestr\u00e9e sur France 3 il y a quelque temps, voici un foutage de gueule m\u00e9diatique de plus. Une belle brochette de d\u00e9fenseurs du projet d\u00e9lirant et destructeur\u00a0de la LGV Tours-Bordeaux ont \u00e9t\u00e9 invit\u00e9s, pour\u00a0cette nouvelle op\u00e9ration de com&rsquo;. Cette fois-ci, c&rsquo;est France Bleu Poitou que les habitant-e-s expuls\u00e9-e-s de leurs lieux de vie doivent remercier. Lisea et Cosea bien s\u00fbr, pour la philanthropique firme Vinci qui engrange les profits, mais aussi les habituels politiciens locaux, l&rsquo;in\u00e9narrable Alain Claeys en t\u00eate. Herv\u00e9 Mariton est ici pr\u00e9sent\u00e9 comme un \u00ab\u00a0opposant\u00a0\u00bb, alors m\u00eame que son rapport sur les LGV affirme que le chantier Tours-Bordeaux\u00a0 a les meilleures perspectives de recettes&#8230; Sans surprise, les opposants des collectifs anti-LGV n&rsquo;ont manifestement pas \u00e9t\u00e9 invit\u00e9s. Il ne s&rsquo;agit manifestement pas d&rsquo;un d\u00e9bat, la pertinence de cette LGV n&rsquo;\u00e9tant pas discut\u00e9e. Tout juste soul\u00e8vera-t-on peut-\u00eatre, pour la forme, les questions de financement, mais cela est d\u00e9j\u00e0 boucl\u00e9 : ce sont les contribuables et les consommateurs, c&rsquo;est-\u00e0-dire les prolos, qui assureront sa rente \u00e0 Vinci. <\/em><\/p>\n<p style=\"text-align: justify\"><a href=\"http:\/\/www.lanouvellerepublique.fr\/Vienne\/Actualite\/Economie-social\/n\/Contenus\/Articles\/2013\/06\/12\/France-Bleu-sur-le-chantier-de-la-LGV-1503638\" target=\"_blank\"><strong>France Bleu sur le chantier de la LGV<\/strong><\/a><\/p>\n<p style=\"text-align: justify\">Les techniciens, journalistes et animateurs de France Bleu Poitou poseront leurs micros sur le chantier de la ligne ferroviaire \u00e0 grande vitesse Tours-Bordeaux, demain, au nord de Poitiers. Depuis le studio am\u00e9nag\u00e9 pour l&rsquo;occasion sous une tente \u00e0 proximit\u00e9 de l&rsquo;estacade de la Folie, ils seront en direct de 6\u00a0h \u00e0 12\u00a0h\u00a0pour une une \u00e9mission sp\u00e9ciale destin\u00e9e \u00e0 emmener les auditeurs dans les coulisses du plus grand chantier d&rsquo;Europe qui traverse la Vienne et affecte leur quotidien.<\/p>\n<p style=\"text-align: justify\">Ce programme sp\u00e9cial donnera la parole au concessionnaire (Lisea), au constructeur (Cosea) et aux entreprises locales. Aux \u00e9lus, aussi : le d\u00e9put\u00e9-maire PS de Poitiers, Alain Claeys, favorable \u00e0 une extension de la ligne jusqu&rsquo;\u00e0 Limoges, et le d\u00e9put\u00e9 UMP de la Dr\u00f4me, Herv\u00e9 Mariton, auteur d&rsquo;un rapport critique sur les projets de LGV, interviendront en direct. France Bleu Poitou mettra surtout \u00e0 l&rsquo;honneur les \u00e9quipes du chantier qui \u0153uvrent tous les jours pour livrer la future ligne \u00e0 grande vitesse, qui reliera Poitiers \u00e0 Bordeaux en 1\u00a0h 05 \u00e0 l&rsquo;\u00e9t\u00e9 2017.<\/p>\n<p style=\"text-align: justify\"><i>France Bleu Poitou sur la bande FM : 87.6 Poitiers, 103.3 Ch\u00e2tellerault et 106.4 dans le reste de la Vienne.<\/i><\/p>\n<p style=\"text-align: justify\"><em>Nouvelle R\u00e9publique, 12 juin 2013<\/em><\/p>\n","protected":false},"excerpt":{"rendered":"<p>NdPN : Apr\u00e8s la grotesque mascarade de d\u00e9bat orchestr\u00e9e sur France 3 il y a quelque temps, voici un foutage de gueule m\u00e9diatique de plus. Une belle brochette de d\u00e9fenseurs du projet d\u00e9lirant et destructeur\u00a0de la LGV Tours-Bordeaux ont \u00e9t\u00e9 invit\u00e9s, pour\u00a0cette nouvelle op\u00e9ration de com&rsquo;. Cette fois-ci, c&rsquo;est France Bleu Poitou que les habitant-e-s &hellip; <a href=\"https:\/\/fa86.noblogs.org\/?p=9244\" class=\"more-link\">Continuer la lecture de <span class=\"screen-reader-text\">[LGV Tours-Bordeaux] Bourrage de cr\u00e2ne m\u00e9diatique pro-LGV<\/span> <span class=\"meta-nav\">&rarr;<\/span><\/a><\/p>\n","protected":false},"author":2691,"featured_media":0,"comment_status":"open","ping_status":"open","sticky":false,"template":"","format":"standard","meta":{"footnotes":""},"categories":[26,21,7],"tags":[],"class_list":["post-9244","post","type-post","status-publish","format-standard","hentry","category-construction-du-desert","category-desinformation-bourgeoise","category-propagande-marchande"],"_links":{"self":[{"href":"https:\/\/fa86.noblogs.org\/index.php?rest_route=\/wp\/v2\/posts\/9244","targetHints":{"allow":["GET"]}}],"collection":[{"href":"https:\/\/fa86.noblogs.org\/index.php?rest_route=\/wp\/v2\/posts"}],"about":[{"href":"https:\/\/fa86.noblogs.org\/index.php?rest_route=\/wp\/v2\/types\/post"}],"author":[{"embeddable":true,"href":"https:\/\/fa86.noblogs.org\/index.php?rest_route=\/wp\/v2\/users\/2691"}],"replies":[{"embeddable":true,"href":"https:\/\/fa86.noblogs.org\/index.php?rest_route=%2Fwp%2Fv2%2Fcomments&post=9244"}],"version-history":[{"count":2,"href":"https:\/\/fa86.noblogs.org\/index.php?rest_route=\/wp\/v2\/posts\/9244\/revisions"}],"predecessor-version":[{"id":9246,"href":"https:\/\/fa86.noblogs.org\/index.php?rest_route=\/wp\/v2\/posts\/9244\/revisions\/9246"}],"wp:attachment":[{"href":"https:\/\/fa86.noblogs.org\/index.php?rest_route=%2Fwp%2Fv2%2Fmedia&parent=9244"}],"wp:term":[{"taxonomy":"category","embeddable":true,"href":"https:\/\/fa86.noblogs.org\/index.php?rest_route=%2Fwp%2Fv2%2Fcategories&post=9244"},{"taxonomy":"post_tag","embeddable":true,"href":"https:\/\/fa86.noblogs.org\/index.php?rest_route=%2Fwp%2Fv2%2Ftags&post=9244"}],"curies":[{"name":"wp","href":"https:\/\/api.w.org\/{rel}","templated":true}]}}