{"id":9248,"date":"2013-06-13T11:46:12","date_gmt":"2013-06-13T09:46:12","guid":{"rendered":"http:\/\/fa86.noblogs.org\/?p=9248"},"modified":"2013-06-13T11:46:12","modified_gmt":"2013-06-13T09:46:12","slug":"dal-86-annulation-de-loqtf-de-cette-mere-de-famille-rom","status":"publish","type":"post","link":"https:\/\/fa86.noblogs.org\/?p=9248","title":{"rendered":"[DAL 86] Annulation de l\u2019OQTF de cette m\u00e8re de famille rom !"},"content":{"rendered":"<p style=\"text-align: justify\"><a href=\"http:\/\/dal86.fr\/2013\/06\/12\/annulation-de-loqtf-de-cette-mere-de-famille-rom\/\" target=\"_blank\"><strong>Annulation de l\u2019OQTF de cette m\u00e8re de famille rom !<\/strong><\/a><\/p>\n<p style=\"text-align: justify\">Le secr\u00e9taire g\u00e9n\u00e9ral de la pr\u00e9fecture \u2013 pr\u00e9fet de la Vienne monsieur S\u00e9guy a pr\u00e9cis\u00e9 au journal du 13 mai 19h de France 3 Poitou-Charentes que la pr\u00e9fecture \u00ab\u00a0<i>n\u2019expulsera pas les roms par avion dans leur pays<\/i>\u00a0\u00bb mais cherchera \u00ab\u00a0<i>des solutions de fa\u00e7on \u00e0 ce que, on puisse traiter leurs probl\u00e8mes de logement mais m\u00eame au-del\u00e0 \u00e9voquer les possibilit\u00e9s d\u2019int\u00e9gration probablement en mati\u00e8re d\u2019\u00e9ducation, en mati\u00e8re d\u2019acc\u00e8s aux soins, d\u2019acc\u00e8s \u00e0 la sant\u00e9\u2026 C\u2019est une mani\u00e8re d\u2019appr\u00e9hender globalement la situation qu\u2019il faut envisager<\/i>\u00a0\u00bb.<\/p>\n<p style=\"text-align: justify\">Or, nous avons appris aujourd\u2019hui qu\u2019une m\u00e8re de famille \u00e9levant seule ses sept enfants de 15, 13, 11, 10, 9, 7 et un an et demi. \u00c9tait sur le coup d\u2019une OQTF (Obligation de Quitter le Territoire Fran\u00e7ais) dans le d\u00e9lais de 30 jours, notifi\u00e9e le 11 mars 2013. OQTF contre laquelle elle s\u2019est pourvue devant le tribunal administratif en vue de l\u2019annuler.<\/p>\n<p style=\"text-align: justify\"><b>L\u2019audience aura lieu demain 13 juin 2013 \u00e0 9h30<\/b>.<\/p>\n<p style=\"text-align: justify\">Alors monsieur le secr\u00e9taire g\u00e9n\u00e9ral de la pr\u00e9fecture \u2013 pr\u00e9fet de la Vienne, il faudrait mettre vos actes en ad\u00e9quation avec vos dires. Surtout que la pr\u00e9sente OQTF d\u00e9coule d\u2019une pr\u00e9c\u00e9dente, prise par le pr\u00e9fet de l\u2019Essonne le 1er juin 2010 et notifi\u00e9e le 26 juillet 2010 suite \u00e0 l\u2019expulsion d\u2019un campement de roms en pleine chasse \u00e0 ces derniers par le pouvoir Sarkoziste\u00a0!<\/p>\n<p style=\"text-align: justify\">Halte au double langage, annulation de l\u2019OQTF et r\u00e9gularisation de cette m\u00e8re de famille\u00a0!<\/p>\n<p style=\"text-align: justify\"><em>DAL 86, 12 juin 2013<\/em><\/p>\n","protected":false},"excerpt":{"rendered":"<p>Annulation de l\u2019OQTF de cette m\u00e8re de famille rom ! Le secr\u00e9taire g\u00e9n\u00e9ral de la pr\u00e9fecture \u2013 pr\u00e9fet de la Vienne monsieur S\u00e9guy a pr\u00e9cis\u00e9 au journal du 13 mai 19h de France 3 Poitou-Charentes que la pr\u00e9fecture \u00ab\u00a0n\u2019expulsera pas les roms par avion dans leur pays\u00a0\u00bb mais cherchera \u00ab\u00a0des solutions de fa\u00e7on \u00e0 ce &hellip; <a href=\"https:\/\/fa86.noblogs.org\/?p=9248\" class=\"more-link\">Continuer la lecture de <span class=\"screen-reader-text\">[DAL 86] Annulation de l\u2019OQTF de cette m\u00e8re de famille rom !<\/span> <span class=\"meta-nav\">&rarr;<\/span><\/a><\/p>\n","protected":false},"author":2691,"featured_media":0,"comment_status":"open","ping_status":"open","sticky":false,"template":"","format":"standard","meta":{"footnotes":""},"categories":[11,16,29],"tags":[],"class_list":["post-9248","post","type-post","status-publish","format-standard","hentry","category-ni-patrie-ni-frontiere","category-repression","category-un-toit-pour-tou-te-s"],"_links":{"self":[{"href":"https:\/\/fa86.noblogs.org\/index.php?rest_route=\/wp\/v2\/posts\/9248","targetHints":{"allow":["GET"]}}],"collection":[{"href":"https:\/\/fa86.noblogs.org\/index.php?rest_route=\/wp\/v2\/posts"}],"about":[{"href":"https:\/\/fa86.noblogs.org\/index.php?rest_route=\/wp\/v2\/types\/post"}],"author":[{"embeddable":true,"href":"https:\/\/fa86.noblogs.org\/index.php?rest_route=\/wp\/v2\/users\/2691"}],"replies":[{"embeddable":true,"href":"https:\/\/fa86.noblogs.org\/index.php?rest_route=%2Fwp%2Fv2%2Fcomments&post=9248"}],"version-history":[{"count":2,"href":"https:\/\/fa86.noblogs.org\/index.php?rest_route=\/wp\/v2\/posts\/9248\/revisions"}],"predecessor-version":[{"id":9250,"href":"https:\/\/fa86.noblogs.org\/index.php?rest_route=\/wp\/v2\/posts\/9248\/revisions\/9250"}],"wp:attachment":[{"href":"https:\/\/fa86.noblogs.org\/index.php?rest_route=%2Fwp%2Fv2%2Fmedia&parent=9248"}],"wp:term":[{"taxonomy":"category","embeddable":true,"href":"https:\/\/fa86.noblogs.org\/index.php?rest_route=%2Fwp%2Fv2%2Fcategories&post=9248"},{"taxonomy":"post_tag","embeddable":true,"href":"https:\/\/fa86.noblogs.org\/index.php?rest_route=%2Fwp%2Fv2%2Ftags&post=9248"}],"curies":[{"name":"wp","href":"https:\/\/api.w.org\/{rel}","templated":true}]}}