{"id":9251,"date":"2013-06-13T12:02:50","date_gmt":"2013-06-13T10:02:50","guid":{"rendered":"http:\/\/fa86.noblogs.org\/?p=9251"},"modified":"2013-06-13T12:02:50","modified_gmt":"2013-06-13T10:02:50","slug":"dal-86-communique-sur-lexpulsion-prevue-du-squat-des-glieres","status":"publish","type":"post","link":"https:\/\/fa86.noblogs.org\/?p=9251","title":{"rendered":"[DAL 86] Communiqu\u00e9 sur l&rsquo;expulsion pr\u00e9vue du squat des Gli\u00e8res"},"content":{"rendered":"<p style=\"text-align: justify\"><a href=\"http:\/\/dal86.fr\/2013\/06\/12\/lexpulsion-du-squat-des-glieres-participe-a-lentreprise-de-dissuasion-et-dintimidation-des-migrants-et-autres-indesirables\/\" target=\"_blank\"><strong>L\u2019expulsion du squat des Gli\u00e8res participe \u00e0 l\u2019entreprise de dissuasion et d\u2019intimidation des migrants et autres ind\u00e9sirables<\/strong><\/a><\/p>\n<p style=\"text-align: justify\">La justice a accept\u00e9 d\u2019expulser, \u00e0 la demande de Logiparc, une famille \u00e9largie de Roms roumains de 21 personnes dont 11 enfants (9 de moins de dix ans) d\u2019une maison frapp\u00e9e d\u2019un arr\u00eat\u00e9 d\u2019insalubrit\u00e9 et que le bailleur \u00ab\u00a0social\u00a0\u00bb voulait d\u00e9molir pour on ne sait quel projet. A moins que ce soit uniquement parce qu\u2019il y a des roms \u00e0 l\u2019int\u00e9rieur comme l\u2019am\u00e8nerait \u00e0 penser la date de la demande de d\u00e9molir qui est la m\u00eame que la plainte de Logiparc pour occupation sans droit ni titre, et la m\u00eame que la venue du directeur adjoint de Logiparc avec une assistante sociale puis avec les huissiers accompagn\u00e9s d\u2019une dizaine de policiers\u2026<\/p>\n<p style=\"text-align: justify\">La justice magnanime n\u2019a pas accept\u00e9 que ce soit imm\u00e9diatement comme le demandait le bailleur \u00ab\u00a0social\u00a0\u00bb et a accord\u00e9 quatre mois de d\u00e9lai. Le juge a bien-s\u00fbr ordonn\u00e9 que \u00ab\u00a0<i>L\u2019ordonnance soit transmise, par les soins du greffe, au pr\u00e9fet du d\u00e9partement, en vue de la prise en compte de la demande de relogement de l\u2019occupant dans le cadre du plan d\u00e9partemental d\u2019action pour le logement des personnes d\u00e9favoris\u00e9es pr\u00e9vu par la loi n\u00b090-449 du 31 mai 1990 visant \u00e0 la mise en \u0153uvre du droit au logement.<\/i>\u00a0\u00bb<\/p>\n<p style=\"text-align: justify\">Nous ne nous faisons toutefois pas beaucoup d\u2019illusions \u00e0 ce sujet car pour le dernier dossier \u00e9quivalent que le Dal86 a suivi, Mme L, la personne expuls\u00e9e qui a une fille de 14 ans, a vu son dossier passer au SIAO (Syst\u00e8me Int\u00e9gr\u00e9 d\u2019Accueil et d\u2019Orientation)\u2026 9 jours apr\u00e8s la date d\u2019expulsion pour \u00eatre orient\u00e9e vers\u2026 le CHUS (Centre d\u2019h\u00e9bergement d\u2019urgence sociale). Avec comme conseil\u00a0: \u00ab\u00a0<i>Vous pourrez ainsi acc\u00e9der \u00e0 une place d\u2019urgence en faisant le 115<\/i>\u00a0\u00bb (Lettre de la Croix Rouge du 24 avril 2013).<\/p>\n<p style=\"text-align: justify\">Comment est-il possible que le SIAO qui a pour principe \u00ab\u00a0le logement d\u2019abord\u00a0\u00bb oriente vers un h\u00e9bergement surtout d\u2019\u00a0 \u00ab\u00a0urgence\u00a0\u00bb\u00a0? Cette r\u00e9gression nous laisse dubitatifs. Surtout que l\u2019accueil au CHUS est particuli\u00e8rement indigne et ne respecte pas la loi. Les locaux sont tr\u00e8s v\u00e9tustes et la vie en dortoirs s\u00e9pare les couples et les familles. Les personnes et les familles doivent sortir \u00e0 10h30 le matin et ne pas y revenir avant 16h15 et pas apr\u00e8s 21h, et, malgr\u00e9 la loi qui, outre le g\u00eete et l\u2019hygi\u00e8ne, pr\u00e9voit le couvert, il n\u2019y a pas de repas servis le soir ni a fortiori le midi.<\/p>\n<p style=\"text-align: justify\">L\u2019affaire ne s\u2019arr\u00eate toutefois pas l\u00e0. Lorsqu\u2019elles sont arriv\u00e9es au squat l\u2019Etape, deux des filles de Mme L. ont \u00e9crit \u00e0 la pr\u00e9fecture le 11 avril dernier expliquant pr\u00e9cis\u00e9ment leur histoire et les conditions pr\u00e9caires dans lesquelles elles vivaient, pour demander une prise en charge. Le 9 avril Mme L. accompagn\u00e9e de l\u2019une de ses filles s\u2019est rendue \u00e0 un rendez-vous avec leur assistante sociale \u00e0 la Maison de la Solidarit\u00e9. En effet Mme L. et ses deux filles ayant chacune un enfant et touchant l\u2019Aide Sociale \u00e0 l\u2019Enfance, sont connues et suivies par une assistante sociale ce qui fait que le pr\u00e9fet est peu cr\u00e9dible quand il laisse accroire sur France 3 que ces personnes ne se sont pas faites conna\u00eetre\u2026 Et le 18 avril, Mme L. accompagn\u00e9e de ses trois filles, ainsi qu\u2019un militant du Dal86, s\u2019est rendue une nouvelle fois \u00e0 un autre rendez-vous avec leur assistante sociale. Elles ont r\u00e9-expliqu\u00e9 leur histoire et leur situation qui \u00e9tait bien-s\u00fbr d\u00e9j\u00e0 archi connue.<\/p>\n<p style=\"text-align: justify\">L\u2019assistante sociale leur a pr\u00e9cis\u00e9 que, concernant Mme L. qui \u00e9tait expuls\u00e9e de son logement et avait un commandement \u00e0 quitter les lieux le 14 avril \u2013 rappelons que l\u2019on \u00e9tait le 9 avril soit seulement cinq jours avant-, qu\u2019elle lui avait fait remplir un dossier pour le SIAO sans lui laisser, vu la liste d\u2019attente, beaucoup d\u2019espoir. Concernant les deux filles de Mme L. qui ont pr\u00e9cis\u00e9 \u00eatre dans un squat, l\u2019assistante sociale a affirm\u00e9 n\u2019avoir aucune solution de prise en charge ni m\u00eame de logement pour elles et ne leur a pas propos\u00e9 de remplir un dossier pour le SIAO. De plus, lorsque ces personnes lui ont parl\u00e9 de leurs difficult\u00e9s de se nourrir, elles et leurs enfants, l\u2019assistante sociale leur a conseill\u00e9 de se tourner vers les associations caritatives genre maraude et Restos du c\u0153ur. Quand le militant du Dal86 a dit qu\u2019il existait avant des tickets alimentaires, l\u2019assistante sociale \u00e0 r\u00e9pondu que cela n\u2019existait plus, quelle ne pouvait plus faire de cartes de bus m\u00eame pour les enfants et que la scolarisation des enfants \u00e9tant une d\u00e9marche volontaire des parents, elle pouvait \u00e0 la rigueur leur donner un dossier mais ne les aiderait pas \u00e0 le remplir.<\/p>\n<p style=\"text-align: justify\">Et ce n\u2019est pas fini car la DDCS (Direction d\u00e9partementale de la coh\u00e9sion sociale) a envoy\u00e9 \u00e0 l\u2019une des filles de Mme L. un courrier sign\u00e9 du secr\u00e9taire g\u00e9n\u00e9ral dans lequel elle est inform\u00e9e que l\u2019assistante sociale a fait un dossier SIAO pour elle et qu\u2019elle aura prochainement une solution d\u2019h\u00e9bergement. Un courrier dans lequel elle est clairement confondue avec sa m\u00e8re (et est la m\u00e8re de sa s\u0153ur\u2026). Incompr\u00e9hensible, m\u00eame pour quelqu\u2019un qui a l\u2019habitude des subtilit\u00e9s bureaucratiques.<\/p>\n<p style=\"text-align: justify\">Nous faisons l\u2019hypoth\u00e8se que tout cela : l\u2019expulsion des squats, l\u2019indignit\u00e9 et les carences du CHUS, l\u2019impuissance du SIAO, le d\u00e9faussement du social sur le caritatif, mais aussi la violation des droits \u00e9l\u00e9mentaires des personnes, les discriminations, les proc\u00e9dures administratives ubuesques et les \u00ab\u00a0dysfonctionnements\u00a0\u00bb des services de la pr\u00e9fecture, le torpillage des associations de soutien et d\u2019accompagnement, la d\u00e9sactivation des services sociaux\u2026 participe \u00e0 l\u2019entreprise de dissuasion et d\u2019intimidation des migrants et autres ind\u00e9sirables. Le but des autorit\u00e9s (pr\u00e9fecture-mairie-conseil g\u00e9n\u00e9ral) \u00e9tant, au mieux, de ne pas faire un appel d\u2019air, au pire de passer la patate chaude. Le maire de Poitiers l\u2019a clairement expliqu\u00e9 lors du petit d\u00e9jeuner avec les associations du 4 mars 2011\u00a0:\u00a0interpell\u00e9 par Resf86 sur la question de l\u2019h\u00e9bergement de mani\u00e8re plus g\u00e9n\u00e9rale \u00ab <em>le maire est satisfait de son bilan : Poitiers fait plut\u00f4t plus qu\u2019ailleurs en moyenne. La mairie ne peut se substituer \u00e0 l\u2019Etat dans le contexte actuel tout est plus difficile. Les villes sont en concurrence face \u00e0 l\u2019accueil (ou au non-accueil) des migrants. On ne peut en faire plus car il y a un risque d\u2019afflux de ces personnes \u00ab en errance \u00bb en provenance des villes moins accueillantes<\/em> \u00bb. <a href=\"http:\/\/dal86.fr\/2011\/03\/04\/petit-compte-rendu-synthetique-de-la-rencontre-avec-la-municipalite-par-resf86\/\" target=\"_blank\"><strong>VOIR<\/strong><\/a> Et l\u2019ex secr\u00e9taire g\u00e9n\u00e9ral \u2013 pr\u00e9fet de la Vienne M. Setbon explique clairement les prises de positions du maire de Poitiers concernant les marchands de sommeil en disant dans la <i>Nouvelle R\u00e9publique<\/i> du 29-06-11 <a href=\"http:\/\/etrangers86.free.fr\/?p=336\">Pour Jean-Philippe Setbon le probl\u00e8me se l\u00e8ve \u00e0 l\u2019Est NR 29\/06\/2011<\/a>\u00a0; \u00ab\u00a0<em>l\u2019action qui a \u00e9t\u00e9 men\u00e9e avec la ville de Poitiers depuis 3 ans pour \u00e9radiquer les unes apr\u00e8s les autres les poches d\u2019habitats insalubres, qui \u00e9taient en fait tenus par des marchands de sommeil, a singuli\u00e8rement rendu plus difficile la venue de sans-papiers. \u00bb<\/em><\/p>\n<p style=\"text-align: justify\">Sans commentaires, sauf peut-\u00eatre ceux de <strong>Patrick Coronas (conseiller municipal d\u00e9l\u00e9gu\u00e9 PCF de Poitiers) <\/strong>dans la <a href=\"http:\/\/etrangers86.free.fr\/?p=336\" target=\"_blank\"><i>Nouvelle R\u00e9publique<\/i><\/a> du 29-06-11<strong> :<\/strong><em>\u00ab Je me sens d\u00e9muni par ces d\u00e9cisions qui sont prises en dehors de toute logique apparente. Je pense pourtant qu\u2019il y a bien une logique sous-jacente qui est de cr\u00e9er la tension chez certaines populations vis\u00e9es. Tout est fait pour rendre la vie impossible \u00e0 ces gens-l\u00e0\u00a0\u00bb<\/em><\/p>\n<p style=\"text-align: justify\"><strong>Nous ne l\u00e2cherons rien \u2013 Un toit est un droit<\/strong><\/p>\n<p style=\"text-align: justify\"><em>DAL 86, 12 juin 2013<\/em><\/p>\n<p style=\"text-align: justify\">\n","protected":false},"excerpt":{"rendered":"<p>L\u2019expulsion du squat des Gli\u00e8res participe \u00e0 l\u2019entreprise de dissuasion et d\u2019intimidation des migrants et autres ind\u00e9sirables La justice a accept\u00e9 d\u2019expulser, \u00e0 la demande de Logiparc, une famille \u00e9largie de Roms roumains de 21 personnes dont 11 enfants (9 de moins de dix ans) d\u2019une maison frapp\u00e9e d\u2019un arr\u00eat\u00e9 d\u2019insalubrit\u00e9 et que le bailleur &hellip; <a href=\"https:\/\/fa86.noblogs.org\/?p=9251\" class=\"more-link\">Continuer la lecture de <span class=\"screen-reader-text\">[DAL 86] Communiqu\u00e9 sur l&rsquo;expulsion pr\u00e9vue du squat des Gli\u00e8res<\/span> <span class=\"meta-nav\">&rarr;<\/span><\/a><\/p>\n","protected":false},"author":2691,"featured_media":0,"comment_status":"open","ping_status":"open","sticky":false,"template":"","format":"standard","meta":{"footnotes":""},"categories":[11,16,29],"tags":[],"class_list":["post-9251","post","type-post","status-publish","format-standard","hentry","category-ni-patrie-ni-frontiere","category-repression","category-un-toit-pour-tou-te-s"],"_links":{"self":[{"href":"https:\/\/fa86.noblogs.org\/index.php?rest_route=\/wp\/v2\/posts\/9251","targetHints":{"allow":["GET"]}}],"collection":[{"href":"https:\/\/fa86.noblogs.org\/index.php?rest_route=\/wp\/v2\/posts"}],"about":[{"href":"https:\/\/fa86.noblogs.org\/index.php?rest_route=\/wp\/v2\/types\/post"}],"author":[{"embeddable":true,"href":"https:\/\/fa86.noblogs.org\/index.php?rest_route=\/wp\/v2\/users\/2691"}],"replies":[{"embeddable":true,"href":"https:\/\/fa86.noblogs.org\/index.php?rest_route=%2Fwp%2Fv2%2Fcomments&post=9251"}],"version-history":[{"count":2,"href":"https:\/\/fa86.noblogs.org\/index.php?rest_route=\/wp\/v2\/posts\/9251\/revisions"}],"predecessor-version":[{"id":9253,"href":"https:\/\/fa86.noblogs.org\/index.php?rest_route=\/wp\/v2\/posts\/9251\/revisions\/9253"}],"wp:attachment":[{"href":"https:\/\/fa86.noblogs.org\/index.php?rest_route=%2Fwp%2Fv2%2Fmedia&parent=9251"}],"wp:term":[{"taxonomy":"category","embeddable":true,"href":"https:\/\/fa86.noblogs.org\/index.php?rest_route=%2Fwp%2Fv2%2Fcategories&post=9251"},{"taxonomy":"post_tag","embeddable":true,"href":"https:\/\/fa86.noblogs.org\/index.php?rest_route=%2Fwp%2Fv2%2Ftags&post=9251"}],"curies":[{"name":"wp","href":"https:\/\/api.w.org\/{rel}","templated":true}]}}