{"id":9263,"date":"2013-06-13T12:46:33","date_gmt":"2013-06-13T10:46:33","guid":{"rendered":"http:\/\/fa86.noblogs.org\/?p=9263"},"modified":"2013-06-13T12:46:33","modified_gmt":"2013-06-13T10:46:33","slug":"poitiers-chu-la-greve-continue","status":"publish","type":"post","link":"https:\/\/fa86.noblogs.org\/?p=9263","title":{"rendered":"[Poitiers] CHU : la gr\u00e8ve continue !"},"content":{"rendered":"<p style=\"text-align: justify\"><a href=\"http:\/\/www.lanouvellerepublique.fr\/Vienne\/Actualite\/Economie-social\/n\/Contenus\/Articles\/2013\/06\/13\/Les-agents-du-CHU-de-Poitiers-manifestent-devant-l-ARS-ce-matin-1506680\" target=\"_blank\"><strong>Les agents du CHU de Poitiers manifestent devant l&rsquo;ARS ce matin<\/strong><\/a><\/p>\n<p style=\"text-align: justify\">La grogne se poursuit au CHU de Poitiers. Hier, ils ont \u00e9t\u00e9 22\u2009% \u00e0 suivre le mouvement et l&rsquo;intersyndicale CGT, CFDT et FO a vot\u00e9 le prolongement de la gr\u00e8ve.<\/p>\n<p style=\"text-align: justify\">Le personnel a refus\u00e9 la nouvelle proposition de Jean-Pierre Dewitte, directeur g\u00e9n\u00e9ral du CHU, quant aux mesures budg\u00e9taires\u2009: quatre jours de RTT supprim\u00e9s au lieu de six pour le personnel \u00e0 repos variable et uniquement le jour de suj\u00e9tion supprim\u00e9 au lieu de deux jours de RTT pour le personnel \u00e0 repos fixe. <i>\u00ab\u00a0Nous sommes re\u00e7us demain <\/i>(NDLR\u2009: aujourd&rsquo;hui)<i> \u00e0 l&rsquo;Agence r\u00e9gionale de sant\u00e9 \u00e0 10\u2009h\u200900 en pr\u00e9sence de Jean-Pierre Dewitte afin de r\u00e9cup\u00e9rer nos\u00a05\u00a0millions d&rsquo;euros\u00a0\u00bb<\/i>, d\u00e9clare Marie-Th\u00e9r\u00e8se Pintureau, porte-parole de l&rsquo;intersyndicale. Une assembl\u00e9e g\u00e9n\u00e9rale aura lieu \u00e0 14\u2009h\u200930 dans le hall Jean-Bernard pour un compte-rendu. De son c\u00f4t\u00e9, la Coordination nationale infirmi\u00e8re qui n&rsquo;appartient pas \u00e0 l&rsquo;intersyndicale, appelle au rassemblement devant l&rsquo;ARS \u00e0 11\u2009h\u200930. <i>\u00ab\u00a0Nous allons d\u00e9poser nos\u00a01.500\u00a0signatures au directeur g\u00e9n\u00e9ral de l&rsquo;agence, Fran\u00e7ois-Emmanuel Blanc et nous invitons tout le corps soignant \u00e0 venir nous rejoindre\u00a0\u00bb<\/i>, pr\u00e9cise Christian Trianneau, pr\u00e9sident de la CNI et infirmier au CHU. La CNI a fait appel au soutien du maire de Poitiers, Alain Claeys, en saisissant le conseil de surveillance.<\/p>\n<p style=\"text-align: justify\"><em>Aurore Ymonnet, Nouvelle R\u00e9publique, 13 juin 2013<\/em><\/p>\n","protected":false},"excerpt":{"rendered":"<p>Les agents du CHU de Poitiers manifestent devant l&rsquo;ARS ce matin La grogne se poursuit au CHU de Poitiers. Hier, ils ont \u00e9t\u00e9 22\u2009% \u00e0 suivre le mouvement et l&rsquo;intersyndicale CGT, CFDT et FO a vot\u00e9 le prolongement de la gr\u00e8ve. Le personnel a refus\u00e9 la nouvelle proposition de Jean-Pierre Dewitte, directeur g\u00e9n\u00e9ral du CHU, &hellip; <a href=\"https:\/\/fa86.noblogs.org\/?p=9263\" class=\"more-link\">Continuer la lecture de <span class=\"screen-reader-text\">[Poitiers] CHU : la gr\u00e8ve continue !<\/span> <span class=\"meta-nav\">&rarr;<\/span><\/a><\/p>\n","protected":false},"author":2691,"featured_media":0,"comment_status":"open","ping_status":"open","sticky":false,"template":"","format":"standard","meta":{"footnotes":""},"categories":[9],"tags":[],"class_list":["post-9263","post","type-post","status-publish","format-standard","hentry","category-la-rue-grogne"],"_links":{"self":[{"href":"https:\/\/fa86.noblogs.org\/index.php?rest_route=\/wp\/v2\/posts\/9263","targetHints":{"allow":["GET"]}}],"collection":[{"href":"https:\/\/fa86.noblogs.org\/index.php?rest_route=\/wp\/v2\/posts"}],"about":[{"href":"https:\/\/fa86.noblogs.org\/index.php?rest_route=\/wp\/v2\/types\/post"}],"author":[{"embeddable":true,"href":"https:\/\/fa86.noblogs.org\/index.php?rest_route=\/wp\/v2\/users\/2691"}],"replies":[{"embeddable":true,"href":"https:\/\/fa86.noblogs.org\/index.php?rest_route=%2Fwp%2Fv2%2Fcomments&post=9263"}],"version-history":[{"count":2,"href":"https:\/\/fa86.noblogs.org\/index.php?rest_route=\/wp\/v2\/posts\/9263\/revisions"}],"predecessor-version":[{"id":9265,"href":"https:\/\/fa86.noblogs.org\/index.php?rest_route=\/wp\/v2\/posts\/9263\/revisions\/9265"}],"wp:attachment":[{"href":"https:\/\/fa86.noblogs.org\/index.php?rest_route=%2Fwp%2Fv2%2Fmedia&parent=9263"}],"wp:term":[{"taxonomy":"category","embeddable":true,"href":"https:\/\/fa86.noblogs.org\/index.php?rest_route=%2Fwp%2Fv2%2Fcategories&post=9263"},{"taxonomy":"post_tag","embeddable":true,"href":"https:\/\/fa86.noblogs.org\/index.php?rest_route=%2Fwp%2Fv2%2Ftags&post=9263"}],"curies":[{"name":"wp","href":"https:\/\/api.w.org\/{rel}","templated":true}]}}