{"id":9266,"date":"2013-06-13T12:49:29","date_gmt":"2013-06-13T10:49:29","guid":{"rendered":"http:\/\/fa86.noblogs.org\/?p=9266"},"modified":"2013-06-13T12:49:29","modified_gmt":"2013-06-13T10:49:29","slug":"chasseneuil-86-bonilait-la-greve-continue","status":"publish","type":"post","link":"https:\/\/fa86.noblogs.org\/?p=9266","title":{"rendered":"[Chasseneuil &#8211; 86] Bonilait : la gr\u00e8ve continue !"},"content":{"rendered":"<p style=\"text-align: justify\"><a href=\"http:\/\/www.lanouvellerepublique.fr\/Vienne\/Actualite\/Economie-social\/n\/Contenus\/Articles\/2013\/06\/13\/Bonilait-le-bras-de-fer-continue-1506427\" target=\"_blank\"><strong>Bonilait : le bras de fer continue<\/strong><\/a><\/p>\n<p style=\"text-align: justify\">Depuis lundi matin une quarantaine de salari\u00e9s CGT Bonilait Prot\u00e9ines, bloquent l&rsquo;acc\u00e8s \u00e0 l&rsquo;usine de Chasseneuil-du-Poitou de transformation du lait. Lundi en soir\u00e9e le syndicat a d\u00e9pos\u00e9 sur le bureau de la direction une liste de revendications et parmi les plus importantes une augmentation des salaires \u00e0 hauteur de 75\u2009\u20ac bruts pour tous, une am\u00e9lioration des conditions de travail, une meilleure communication, la reconnaissance et le respect des salari\u00e9s.<\/p>\n<p style=\"text-align: justify\">\u00ab\u00a0<i>Les\u00a0ateliers de s\u00e9chage nous ont rejoints<\/i> \u00ab\u00a0pr\u00e9cise Alain H\u00e9rault d\u00e9l\u00e9gu\u00e9 CGT. \u00ab\u00a0<i>Aujourd&rsquo;hui la direction\u00a0refuse de\u00a0n\u00e9gocier dans le seul but de voir le mouvement s&rsquo;essouffler, mais les agents sont d\u00e9termin\u00e9s\u2026<\/i>\u00a0\u00bb Les gr\u00e9vistes qui bloquent l&rsquo;entr\u00e9e \u00e0 l&rsquo;usine 24\u2009h\/24, se sont rendus \u00e0 la pr\u00e9fecture mercredi apr\u00e8s-midi dans le but d&rsquo;obtenir un rendez-vous avec l&rsquo;administration.<\/p>\n<p style=\"text-align: justify\"><em>Alain Chauveau, Nouvelle R\u00e9publique, 13 juin 2013<\/em><\/p>\n","protected":false},"excerpt":{"rendered":"<p>Bonilait : le bras de fer continue Depuis lundi matin une quarantaine de salari\u00e9s CGT Bonilait Prot\u00e9ines, bloquent l&rsquo;acc\u00e8s \u00e0 l&rsquo;usine de Chasseneuil-du-Poitou de transformation du lait. Lundi en soir\u00e9e le syndicat a d\u00e9pos\u00e9 sur le bureau de la direction une liste de revendications et parmi les plus importantes une augmentation des salaires \u00e0 hauteur &hellip; <a href=\"https:\/\/fa86.noblogs.org\/?p=9266\" class=\"more-link\">Continuer la lecture de <span class=\"screen-reader-text\">[Chasseneuil &#8211; 86] Bonilait : la gr\u00e8ve continue !<\/span> <span class=\"meta-nav\">&rarr;<\/span><\/a><\/p>\n","protected":false},"author":2691,"featured_media":0,"comment_status":"open","ping_status":"open","sticky":false,"template":"","format":"standard","meta":{"footnotes":""},"categories":[9,12],"tags":[],"class_list":["post-9266","post","type-post","status-publish","format-standard","hentry","category-la-rue-grogne","category-okupa-y-resiste"],"_links":{"self":[{"href":"https:\/\/fa86.noblogs.org\/index.php?rest_route=\/wp\/v2\/posts\/9266","targetHints":{"allow":["GET"]}}],"collection":[{"href":"https:\/\/fa86.noblogs.org\/index.php?rest_route=\/wp\/v2\/posts"}],"about":[{"href":"https:\/\/fa86.noblogs.org\/index.php?rest_route=\/wp\/v2\/types\/post"}],"author":[{"embeddable":true,"href":"https:\/\/fa86.noblogs.org\/index.php?rest_route=\/wp\/v2\/users\/2691"}],"replies":[{"embeddable":true,"href":"https:\/\/fa86.noblogs.org\/index.php?rest_route=%2Fwp%2Fv2%2Fcomments&post=9266"}],"version-history":[{"count":2,"href":"https:\/\/fa86.noblogs.org\/index.php?rest_route=\/wp\/v2\/posts\/9266\/revisions"}],"predecessor-version":[{"id":9268,"href":"https:\/\/fa86.noblogs.org\/index.php?rest_route=\/wp\/v2\/posts\/9266\/revisions\/9268"}],"wp:attachment":[{"href":"https:\/\/fa86.noblogs.org\/index.php?rest_route=%2Fwp%2Fv2%2Fmedia&parent=9266"}],"wp:term":[{"taxonomy":"category","embeddable":true,"href":"https:\/\/fa86.noblogs.org\/index.php?rest_route=%2Fwp%2Fv2%2Fcategories&post=9266"},{"taxonomy":"post_tag","embeddable":true,"href":"https:\/\/fa86.noblogs.org\/index.php?rest_route=%2Fwp%2Fv2%2Ftags&post=9266"}],"curies":[{"name":"wp","href":"https:\/\/api.w.org\/{rel}","templated":true}]}}