{"id":9272,"date":"2013-06-14T10:43:30","date_gmt":"2013-06-14T08:43:30","guid":{"rendered":"http:\/\/fa86.noblogs.org\/?p=9272"},"modified":"2013-06-14T10:46:58","modified_gmt":"2013-06-14T08:46:58","slug":"clement-m-la-naissance-dun-militant-libertaire","status":"publish","type":"post","link":"https:\/\/fa86.noblogs.org\/?p=9272","title":{"rendered":"Cl\u00e9ment M, la naissance d\u2019un militant libertaire"},"content":{"rendered":"<p style=\"text-align: justify\"><em><strong>NdPN<\/strong> : voir l&rsquo;appel (dont la F\u00e9d\u00e9ration signataire est l&rsquo;un des signataires) : <a href=\"http:\/\/lahorde.samizdat.net\/2013\/06\/14\/le-fascisme-tue-ensemble-combattons-le\/\" target=\"_blank\">Le fascisme tue. Ensemble, combattons-le !<\/a><\/em><\/p>\n<p style=\"text-align: justify\"><a href=\"http:\/\/www.fondation-besnard.org\/article.php3?id_article=1889\" target=\"_blank\"><strong>Cl\u00e9ment M, la naissance d\u2019un militant libertaire<\/strong><\/a><\/p>\n<p style=\"text-align: justify\">Quand il entre \u00e0 15 ans au lyc\u00e9e \u00e0 Brest, il y a de cela quatre ans, Cl\u00e9ment joue de la basse avec son groupe de musique et fr\u00e9quente des militants d\u2019Alternative Libertaire.<\/p>\n<p style=\"text-align: justify\">Ce qu\u2019il entend au niveau national, ce sont les discours fascisants sur l\u2019 \u00ab\u00a0Identit\u00e9 Nationale\u00a0\u00bb de l\u2019\u00e9poque Sarkozy. Ce qu\u2019il voit, c\u2019est la lutte pour la retraite \u00e0 60 ans.<\/p>\n<p style=\"text-align: justify\">Pendant ses ann\u00e9es de lyc\u00e9e, Cl\u00e9ment milite en soutien aux sans-papiers.<\/p>\n<p style=\"text-align: justify\">Il devient aussi un v\u00e9g\u00e9talien convaincu.<\/p>\n<p style=\"text-align: justify\">Il est dans les luttes \u00e9cologiques et de d\u00e9fense des animaux.<\/p>\n<p style=\"text-align: justify\">En classe de premi\u00e8re, ses premiers pas en politique sont stopp\u00e9s net par la maladie. Son 16\u00e8me anniversaire, il le passe en chambre st\u00e9rile \u00e0 lutter contre une leuc\u00e9mie. Au d\u00e9but on cro\u00eet le perdre. Le choc est rude et le moral \u00e0 z\u00e9ro. Mais il se bat et il se bat aussi pour que sa guitare puisse entrer dans sa chambre. On st\u00e9rilise donc la guitare\u00a0! Des mois de traitements lourds, des mois de chambre st\u00e9rile et le soutien des \u00e9l\u00e8ves de sa classe, des profs et des amis. Apr\u00e8s des mois de lutte et de courage, le voil\u00e0 de retour au lyc\u00e9e. Il retrouve son cocktail pr\u00e9f\u00e9r\u00e9 \u00e0 Brest\u00a0: musique et politique. Et il fonce pour croquer la vie.<\/p>\n<p style=\"text-align: justify\">Bac en poche, il veut entrer \u00e0 Science Po \u00e0 Paris. Lors de l\u2019entretien d\u2019admission il affirme ses doutes sur notre soci\u00e9t\u00e9 ainsi que son opposition au syst\u00e8me \u00e9conomique capitaliste. Il parle des conditions de vie des sans-papiers. Il se pr\u00e9sente sans \u00e9quivoque comme libertaire. Dans un entretien d\u2019admission, c\u2019est risqu\u00e9 mais il est admis. Faut croire que Sciences Po a besoin de se donner l\u2019image d\u2019une officine de formation ouverte et tol\u00e9rante.<\/p>\n<p style=\"text-align: justify\">A Sciences Po, qu\u2019il surnomme tr\u00e8s vite \u00ab\u00a0PIPO\u00a0\u00bb, au milieu de beaucoup de \u00ab\u00a0<i>n\u00e9s bourgeois<\/i>\u00a0\u00bb comme il l\u2019\u00e9crit, Clem cherche des ami-e-s et un syndicat \u00e9tudiant. \u00ab\u00a0<i>L\u2019unef beurk\u00a0! La CNT, \u00e0 Pipo y a pas\u00a0! Un Sud-\u00e9tudiant\u00a0 va se remonter. La premi\u00e8re r\u00e9union est dans quelques heures, j\u2019y serai<\/i>\u00ab\u00a0.\u00a0\u00a0\u00a0\u00a0 Il fr\u00e9quente aussi la CNT. C\u2019est l\u00e0 qu\u2019il va commencer \u00e0 discuter avec des militants antifascistes. Tr\u00e8s vite, Clem entre dans l\u2019AFA \u00ab\u00a0action anti fasciste\u00a0\u00bb.<\/p>\n<p style=\"text-align: justify\">Son engagement c\u2019est sa force et il fonce\u00a0!<\/p>\n<p style=\"text-align: justify\">Par ailleurs Cl\u00e9ment ne peut pas rester longtemps sans jouer de la basse. Il trouve et retrouve des amis musiciens et participe \u00e0 de nombreux concerts \u00ab\u00a0off\u00a0\u00bb.<\/p>\n<p style=\"text-align: justify\">Au d\u00e9but 2013 les mails de Cl\u00e9ment portent essentiellement sur les manifs contre le mariage pour tous et sur la lutte contre l\u2019homophobie\u00a0: citons \u00ab\u00a0<i>Qu\u2019ils nous laissent libres d\u2019aimer qui on veut. D\u2019ailleurs ce n\u2019est pas \u00e0 l\u2019Etat de s\u2019occuper de \u00e7a<\/i>\u00ab\u00a0.<\/p>\n<p style=\"text-align: justify\">Cl\u00e9ment d\u00e9couvre avec horreur le nazisme affich\u00e9 des fascistes, les croix gamm\u00e9es grav\u00e9es dans la peau, les saluts nazis. Il est traumatis\u00e9 par les \u00ab\u00a0ratonnades\u00a0\u00bb auxquelles ces fascistes se livrent contre des jeunes originaires du nord de l\u2019Afrique. Il ajoute \u00ab\u00a0<i>L\u2019usage que le FN et les \u00ab\u00a0groupustules\u00a0\u00bb fachos font du drapeau fran\u00e7ais, c\u2019est leur \u00ab\u00a0cache secte nazie<\/i>\u00ab\u00a0.<\/p>\n<p style=\"text-align: justify\">Dans un dernier mail, il \u00e9crit\u00a0: \u00ab\u00a0<i>je m\u2019ennuie dans les cours de macro-\u00e9co\u00a0: c\u2019est pipeau. En plus je commence \u00e0 d\u00e9tester le discours dominant de Pipo<\/i>.\u00a0\u00bb A se demander alors s\u2019il arrivera \u00e0 supporter cela trois, quatre ans.<\/p>\n<p style=\"text-align: justify\">Cl\u00e9ment pr\u00e9f\u00e8re l\u2019action aux palabres. Cependant l\u2019\u00e9tudiant calme, doux, discret, qui para\u00eet si fragile,\u00a0 a des propos incisifs, raides parfois. Mais des propos qui r\u00e9sultent d\u2019une analyse politique fine sur la France et l\u2019Europe. Voici, tir\u00e9 de ses derniers mails &#8230;<\/p>\n<p style=\"text-align: justify\">Sur la vie syndicale \u00e0 Brest il \u00e9crit sur sa page Face Book\u00a0:\u00a0\u00bb<i>L\u2019arsenal n\u2019est plus aussi rouge qu\u2019avant, mais c\u2019est un devoir de m\u00e9moire.<\/i>\u00ab\u00a0<\/p>\n<p style=\"text-align: justify\">Sur la lutte antifasciste\u00a0: \u00ab\u00a0Cette lutte n\u2019a pas l\u2019air d\u2019int\u00e9resser les partis et syndicats de la gauche classique. Des discours oui, mais pas d\u2019actes. Que sont-ils devenus\u00a0?\u00a0\u00bb<\/p>\n<p style=\"text-align: justify\">Sur sa lutte AntiFa\u00a0: \u00ab\u00a0<i>Etre AntiFa ce n\u2019est pas une posture morale, c\u2019est une lutte politique et de tous les jours. Pour tous les jeunes d\u2019Europe\u00a0!\u00a0 T\u2019as vu en Hongrie, en Angleterre, tous ces fachos\u00a0?<\/i>\u00ab\u00a0<\/p>\n<p style=\"text-align: justify\">Sur la construction de la gauche\u00a0: \u00ab\u00a0<i>Depuis la chute du mur de Berlin, la gauche est dans la broyeuse\u00a0: d\u00e9bris et divisions partout. A la CNT, au NPA, au front de gauche, c\u2019est partout la merde. Nous ne construirons pas une autre politique \u00e0 gauche avec les gravats du mur<\/i>\u00a0!\u00a0\u00bb<\/p>\n<p style=\"text-align: justify\">Sur les sans-papier et le mariage pour tous\u00a0: \u00ab\u00a0<i>On se bat pour l\u2019\u00e9galit\u00e9 des droits, mais le mariage je m\u2019en cale. Les manifs des droites sont des d\u00e9monstrations de force homophobes. Finalement on dit mariage pour tous, papiers pour tous, mais ce que nous pr\u00e9f\u00e9rons, c\u2019est pas de papiers du tout, pour personne et pas de mariage du tout\u00a0!<\/i>\u00ab\u00a0<\/p>\n<p style=\"text-align: justify\">Dans ce parcours politique de quatre ans,<\/p>\n<p style=\"text-align: justify\">quatre petites ann\u00e9es,<\/p>\n<p style=\"text-align: justify\">un militant politique libertaire est n\u00e9 &#8230;&#8230;.<\/p>\n<p style=\"text-align: justify\">et &#8230;&#8230;.. ils lui ont vol\u00e9 sa vie\u00a0 le 5 juin 2013.<\/p>\n<p style=\"text-align: justify\">Il avait 18 ans.<\/p>\n<p style=\"text-align: justify\">(8 juin 2013. JB. Extraits de courriels entre Cl\u00e9ment et un ami de la famille)<\/p>\n<p style=\"text-align: justify\"><em>Vu sur le site de la Fondation Pierre Besnard, 13 juin 2013<\/em><\/p>\n","protected":false},"excerpt":{"rendered":"<p>NdPN : voir l&rsquo;appel (dont la F\u00e9d\u00e9ration signataire est l&rsquo;un des signataires) : Le fascisme tue. Ensemble, combattons-le ! Cl\u00e9ment M, la naissance d\u2019un militant libertaire Quand il entre \u00e0 15 ans au lyc\u00e9e \u00e0 Brest, il y a de cela quatre ans, Cl\u00e9ment joue de la basse avec son groupe de musique et fr\u00e9quente &hellip; <a href=\"https:\/\/fa86.noblogs.org\/?p=9272\" class=\"more-link\">Continuer la lecture de <span class=\"screen-reader-text\">Cl\u00e9ment M, la naissance d\u2019un militant libertaire<\/span> <span class=\"meta-nav\">&rarr;<\/span><\/a><\/p>\n","protected":false},"author":2691,"featured_media":0,"comment_status":"open","ping_status":"open","sticky":false,"template":"","format":"standard","meta":{"footnotes":""},"categories":[6],"tags":[],"class_list":["post-9272","post","type-post","status-publish","format-standard","hentry","category-paf-le-faf"],"_links":{"self":[{"href":"https:\/\/fa86.noblogs.org\/index.php?rest_route=\/wp\/v2\/posts\/9272","targetHints":{"allow":["GET"]}}],"collection":[{"href":"https:\/\/fa86.noblogs.org\/index.php?rest_route=\/wp\/v2\/posts"}],"about":[{"href":"https:\/\/fa86.noblogs.org\/index.php?rest_route=\/wp\/v2\/types\/post"}],"author":[{"embeddable":true,"href":"https:\/\/fa86.noblogs.org\/index.php?rest_route=\/wp\/v2\/users\/2691"}],"replies":[{"embeddable":true,"href":"https:\/\/fa86.noblogs.org\/index.php?rest_route=%2Fwp%2Fv2%2Fcomments&post=9272"}],"version-history":[{"count":3,"href":"https:\/\/fa86.noblogs.org\/index.php?rest_route=\/wp\/v2\/posts\/9272\/revisions"}],"predecessor-version":[{"id":9274,"href":"https:\/\/fa86.noblogs.org\/index.php?rest_route=\/wp\/v2\/posts\/9272\/revisions\/9274"}],"wp:attachment":[{"href":"https:\/\/fa86.noblogs.org\/index.php?rest_route=%2Fwp%2Fv2%2Fmedia&parent=9272"}],"wp:term":[{"taxonomy":"category","embeddable":true,"href":"https:\/\/fa86.noblogs.org\/index.php?rest_route=%2Fwp%2Fv2%2Fcategories&post=9272"},{"taxonomy":"post_tag","embeddable":true,"href":"https:\/\/fa86.noblogs.org\/index.php?rest_route=%2Fwp%2Fv2%2Ftags&post=9272"}],"curies":[{"name":"wp","href":"https:\/\/api.w.org\/{rel}","templated":true}]}}