{"id":9282,"date":"2013-06-14T11:47:31","date_gmt":"2013-06-14T09:47:31","guid":{"rendered":"http:\/\/fa86.noblogs.org\/?p=9282"},"modified":"2013-06-14T11:47:31","modified_gmt":"2013-06-14T09:47:31","slug":"poitiers-les-territoriaux-fo-veulent-se-faire-entendre","status":"publish","type":"post","link":"https:\/\/fa86.noblogs.org\/?p=9282","title":{"rendered":"[Poitiers] Les territoriaux FO veulent se faire entendre"},"content":{"rendered":"<p style=\"text-align: justify\"><a href=\"http:\/\/www.lanouvellerepublique.fr\/Vienne\/Actualite\/Economie-social\/n\/Contenus\/Articles\/2013\/06\/14\/Les-territoriaux-FO-veulent-se-faire-entendre-1508763\" target=\"_blank\"><strong>Les territoriaux FO veulent se faire entendre<\/strong><\/a><\/p>\n<p style=\"text-align: justify\">Le syndicat Force ouvri\u00e8re de la ville, de Grand Poitiers et du CCAS tenait hier son assembl\u00e9e g\u00e9n\u00e9rale. Inqui\u00e9tudes sur l\u2019emploi et les conditions de travail.<\/p>\n<p style=\"text-align: justify\">Apr\u00e8s la CGT il y a quelques semaines, c&rsquo;\u00e9tait hier le syndicat Force ouvri\u00e8re des territoriaux de la ville, du CCAS et de Grand Poitiers qui tenait son assembl\u00e9e g\u00e9n\u00e9rale, au parc des expositions de Poitiers. Sous la pr\u00e9sidence de Dominique R\u00e9gnier, secr\u00e9taire r\u00e9gional Poitou-Charentes-Limousin, l&rsquo;essentiel des d\u00e9bats a port\u00e9 autour de deux grands th\u00e8mes\u2009: la remise \u00e0 plat des rythmes de travail et les gels de postes. <strong><i>\u00ab\u00a0Sur les rythmes de travail, on nous fait une proposition de mise en place d&rsquo;un temps de travail m\u00e9dian, <\/i>r\u00e9sume St\u00e9phane Renaudon, secr\u00e9taire g\u00e9n\u00e9ral, <i>cela ne garantirait plus les 20\u00a0jours de RTT pour les agents \u00e0 temps plein.\u00a0\u00bb<\/i><\/strong><\/p>\n<p style=\"text-align: justify\"><b>Place aux jeunes<\/b><\/p>\n<p style=\"text-align: justify\"><strong>Le syndicat d\u00e9nonce par ailleurs <i>\u00ab\u00a0le gel de 170\u00a0postes pour cette ann\u00e9e et la suppression de 80\u00a0postes de saisonniers\u00a0\u00bb<\/i>.<\/strong> Comment, dans ces conditions, s&rsquo;interroge-t-il, rendre encore au public un service de qualit\u00e9\u2009? <i>\u00ab\u00a0Partout on nous demande de serrer nos budgets de fonctionnement, <\/i>rappelle un autre syndicaliste<i>, cela cr\u00e9e des tensions entre agents. M\u00eame si l&rsquo;on est conscient que la fonction publique doit \u00e9voluer, c&rsquo;est sur la m\u00e9thode, le manque d&rsquo;\u00e9coute et le manque de moyens que nous sommes les plus r\u00e9serv\u00e9s\u2026\u00a0\u00bb <\/i>L&rsquo;assembl\u00e9e g\u00e9n\u00e9rale a par ailleurs \u00e9t\u00e9 l&rsquo;occasion de rendre hommage \u00e0 Guy Goudard, un militant tout r\u00e9cemment disparu \u00e0 l&rsquo;\u00e2ge de 83\u00a0ans, ancien tr\u00e9sorier du syndicat. L&rsquo;occasion a aussi \u00e9t\u00e9 donn\u00e9e \u00e0 la section Jeunes du syndicat (les 18- 35\u00a0ans) de pr\u00e9senter les fruits de ses travaux sur des questions d&rsquo;actualit\u00e9. Cr\u00e9\u00e9e il y a trois\u00a0ans, la seule de ce type dans le d\u00e9partement, elle compte actuellement une douzaine d&rsquo;adh\u00e9rents.<\/p>\n<p style=\"text-align: justify\"><em>J.-M.G., Nouvelle R\u00e9publique, 14 juin 2013<\/em><\/p>\n","protected":false},"excerpt":{"rendered":"<p>Les territoriaux FO veulent se faire entendre Le syndicat Force ouvri\u00e8re de la ville, de Grand Poitiers et du CCAS tenait hier son assembl\u00e9e g\u00e9n\u00e9rale. Inqui\u00e9tudes sur l\u2019emploi et les conditions de travail. Apr\u00e8s la CGT il y a quelques semaines, c&rsquo;\u00e9tait hier le syndicat Force ouvri\u00e8re des territoriaux de la ville, du CCAS et &hellip; <a href=\"https:\/\/fa86.noblogs.org\/?p=9282\" class=\"more-link\">Continuer la lecture de <span class=\"screen-reader-text\">[Poitiers] Les territoriaux FO veulent se faire entendre<\/span> <span class=\"meta-nav\">&rarr;<\/span><\/a><\/p>\n","protected":false},"author":2691,"featured_media":0,"comment_status":"open","ping_status":"open","sticky":false,"template":"","format":"standard","meta":{"footnotes":""},"categories":[1],"tags":[],"class_list":["post-9282","post","type-post","status-publish","format-standard","hentry","category-general"],"_links":{"self":[{"href":"https:\/\/fa86.noblogs.org\/index.php?rest_route=\/wp\/v2\/posts\/9282","targetHints":{"allow":["GET"]}}],"collection":[{"href":"https:\/\/fa86.noblogs.org\/index.php?rest_route=\/wp\/v2\/posts"}],"about":[{"href":"https:\/\/fa86.noblogs.org\/index.php?rest_route=\/wp\/v2\/types\/post"}],"author":[{"embeddable":true,"href":"https:\/\/fa86.noblogs.org\/index.php?rest_route=\/wp\/v2\/users\/2691"}],"replies":[{"embeddable":true,"href":"https:\/\/fa86.noblogs.org\/index.php?rest_route=%2Fwp%2Fv2%2Fcomments&post=9282"}],"version-history":[{"count":1,"href":"https:\/\/fa86.noblogs.org\/index.php?rest_route=\/wp\/v2\/posts\/9282\/revisions"}],"predecessor-version":[{"id":9283,"href":"https:\/\/fa86.noblogs.org\/index.php?rest_route=\/wp\/v2\/posts\/9282\/revisions\/9283"}],"wp:attachment":[{"href":"https:\/\/fa86.noblogs.org\/index.php?rest_route=%2Fwp%2Fv2%2Fmedia&parent=9282"}],"wp:term":[{"taxonomy":"category","embeddable":true,"href":"https:\/\/fa86.noblogs.org\/index.php?rest_route=%2Fwp%2Fv2%2Fcategories&post=9282"},{"taxonomy":"post_tag","embeddable":true,"href":"https:\/\/fa86.noblogs.org\/index.php?rest_route=%2Fwp%2Fv2%2Ftags&post=9282"}],"curies":[{"name":"wp","href":"https:\/\/api.w.org\/{rel}","templated":true}]}}