{"id":9289,"date":"2013-06-14T22:38:37","date_gmt":"2013-06-14T20:38:37","guid":{"rendered":"http:\/\/fa86.noblogs.org\/?p=9289"},"modified":"2013-06-14T22:38:37","modified_gmt":"2013-06-14T20:38:37","slug":"le-monde-libertaire-n-1710-du-13-au-20-juin-2013","status":"publish","type":"post","link":"https:\/\/fa86.noblogs.org\/?p=9289","title":{"rendered":"Le Monde Libertaire n\u00b0 1710 (du 13 au 20 Juin 2013)"},"content":{"rendered":"<p style=\"text-align: justify\"><em><strong>NdPN<\/strong> : Le ML hebdo n\u00b0 1710 est en kiosques depuis jeudi, avec pas mal d&rsquo;articles consacr\u00e9s \u00e0 l&rsquo;antifascisme. Un exemplaire a \u00e9t\u00e9 laiss\u00e9 pour libre consultation au biblio-caf\u00e9 de Poitiers. Trois articles sont d&rsquo;ores et d\u00e9j\u00e0 en ligne sur le site du ML (voir liens ci-dessous). Bonne lecture !<\/em><\/p>\n<p style=\"text-align: justify\"><em><strong>NdPN bis <\/strong>: on a aussi laiss\u00e9 au biblio-caf\u00e9 des exemplaires du <a href=\"https:\/\/fa86.noblogs.org\/?p=9223\" target=\"_blank\">dernier ML quinzomadaire<\/a>, qu&rsquo;on a largement diffus\u00e9 dans les rues de Poitiers aujourd&rsquo;hui m\u00eame (vous pouvez venir les prendre sur place). <\/em><\/p>\n<p style=\"text-align: justify\"><strong>Le Monde Libertaire n\u00b0 1710 (du 13 au 20 Juin 2013)<\/strong><\/p>\n<p style=\"text-align: justify\"><a href=\"https:\/\/fa86.noblogs.org\/files\/2013\/06\/couv-ml-1710.png\"><img loading=\"lazy\" decoding=\"async\" class=\"alignnone size-full wp-image-9290\" alt=\"couv ml 1710\" src=\"https:\/\/fa86.noblogs.org\/files\/2013\/06\/couv-ml-1710.png\" width=\"400\" height=\"556\" srcset=\"https:\/\/fa86.noblogs.org\/files\/2013\/06\/couv-ml-1710.png 400w, https:\/\/fa86.noblogs.org\/files\/2013\/06\/couv-ml-1710-215x300.png 215w\" sizes=\"auto, (max-width: 400px) 100vw, 400px\" \/><\/a><\/p>\n<p style=\"text-align: justify\"><em>\u00ab Le fascisme ne se discute pas. Il se combat\u2026\u00bb &#8211; Buenaventura Durruti<\/em><\/p>\n<p style=\"text-align: justify\"><strong>Sommaire du Monde Libertaire n\u00b0 1710<\/strong><\/p>\n<p style=\"text-align: justify\"><strong>Actualit\u00e9<\/strong><\/p>\n<p style=\"text-align: justify\">Hommage \u00e0 Cl\u00e9ment, par F. A., page 3<\/p>\n<p style=\"text-align: justify\"><a href=\"http:\/\/www.monde-libertaire.fr\/antifascisme\/16492-les-fachos-sont-parmi-nous\" target=\"_blank\">Pr\u00e9sence du fascisme, par M. Rasjsfus, page 4<\/a><\/p>\n<p style=\"text-align: justify\">M\u00e9t\u00e9o syndicale, par J.-P. Germain, page 6<\/p>\n<p style=\"text-align: justify\">Allocs : procr\u00e9ez, camarades !, par M. Cailloux, page 7<\/p>\n<p style=\"text-align: justify\">La Chronique n\u00e9phr\u00e9tique de Rodkol, page 8<\/p>\n<p style=\"text-align: justify\"><strong>International<\/strong><\/p>\n<p style=\"text-align: justify\"><a href=\"http:\/\/www.monde-libertaire.fr\/antifascisme\/16499-nazi-dans-le-retro\" target=\"_blank\">Un lobby nazi aux \u00c9tats-Unis, par M. Silberstein, page 9<\/a><\/p>\n<p style=\"text-align: justify\"><a href=\"http:\/\/www.monde-libertaire.fr\/international\/16500-bons-baisers-dune-turquie-en-revolte\" target=\"_blank\">La Turquie se soul\u00e8ve, par Relations internationales, page 10<\/a><\/p>\n<p style=\"text-align: justify\"><strong>Arguments<\/strong><\/p>\n<p style=\"text-align: justify\">Retour sur le Printemps fran\u00e7ais, par P. Sommermeyer, page 12<\/p>\n<p style=\"text-align: justify\">IVG : retour vers le pass\u00e9, par R. P\u00e9lagie, page 14<\/p>\n<p style=\"text-align: justify\">La dr\u00f4ne de guerre, par N. Potkine, page 15<\/p>\n<p style=\"text-align: justify\">Du pragmatisme et de la r\u00e9volution, par Gpe Orwell, page 16<\/p>\n<p style=\"text-align: justify\"><strong>Histoire<\/strong><\/p>\n<p style=\"text-align: justify\">Condorcet et les conventions nationales, par Erwan, page 17<\/p>\n<p style=\"text-align: justify\"><strong>Sciences<\/strong><\/p>\n<p style=\"text-align: justify\">Une histoire de g\u00e8nes, par L. Magrou, page 19<\/p>\n<p style=\"text-align: justify\"><strong>\u00c0 lire<\/strong><\/p>\n<p style=\"text-align: justify\">Notre-Dame-des-Landes en librairie, par A. Bernard, page 21<\/p>\n<p style=\"text-align: justify\"><strong>Illustrations<\/strong><\/p>\n<p style=\"text-align: justify\">Aurelio, FYP, Kalem, Krokaga, La Sala, Jhano, Val\u00e8re<\/p>\n<p style=\"text-align: justify\"><strong>Editorial du Monde Libertaire n\u00b0 1710<\/strong><\/p>\n<p style=\"text-align: justify\">Rions un peu de peur d\u2019\u00eatre oblig\u00e9 d\u2019en pleurer. Invit\u00e9 d\u2019Anne-Sophie Lapix dans Dimanche + le 2 juin 2013, Jean-Fran\u00e7ois Cop\u00e9, \u00e9voquant les primaires UMP \u00e0 Paris, a l\u00e2ch\u00e9 cette phrase\u00a0: \u00ab\u00a0Nous apprenons la d\u00e9mocratie, c\u2019est assez nouveau.\u00a0\u00bb Apr\u00e8s dix ans au pouvoir, c\u2019est une bonne nouvelle\u00a0! Gageons que le Front national se frotte les mains : une b\u00eatise pareille va leur faire gagner quelques \u00e9lecteurs. Alors, lapsus r\u00e9v\u00e9lateur d\u2019une pens\u00e9e dissimul\u00e9e ou aveu n\u00e9cessaire pour soulager une conscience trop lourde de ce honteux secret de polichinelle\u00a0? Quelle importance apr\u00e8s tout\u00a0? Nous ne sommes pas l\u00e0 pour sonder les sombres tr\u00e9fonds de leur \u00e2me, mais pour les combattre. Car c\u2019est sous couvert de d\u00e9mocratie que nos politiques de droite puis de gauche ont laiss\u00e9 les plus dangereux mouvements d\u2019extr\u00eame droite relever la t\u00eate et exhaler leur haine des libert\u00e9s fondamentales. Plus grave encore, on les laisse agir en toute impunit\u00e9\u00a0: homosexuels tabass\u00e9s, pressions anti-IVG sur les femmes, et plus r\u00e9cemment encore, jeune militant antifa d\u00e9c\u00e9d\u00e9 suite \u00e0 une agression. La liste est longue malheureusement. Esp\u00e9rons que lorsque l\u2019UMP, apr\u00e8s moult t\u00e2tonnements, aura d\u00e9couvert le merveilleux secret de la d\u00e9mocratie, il sera d\u2019accord pour donner quelques cours aux autres partis politiques fran\u00e7ais. Pas s\u00fbr que \u00e7a les int\u00e9resse\u2026 Quant \u00e0 nous, nous ne comptons pas sur les lois d\u2019\u00c9tat pour endiguer cette mar\u00e9e brune.<\/p>\n","protected":false},"excerpt":{"rendered":"<p>NdPN : Le ML hebdo n\u00b0 1710 est en kiosques depuis jeudi, avec pas mal d&rsquo;articles consacr\u00e9s \u00e0 l&rsquo;antifascisme. Un exemplaire a \u00e9t\u00e9 laiss\u00e9 pour libre consultation au biblio-caf\u00e9 de Poitiers. Trois articles sont d&rsquo;ores et d\u00e9j\u00e0 en ligne sur le site du ML (voir liens ci-dessous). Bonne lecture ! NdPN bis : on a &hellip; <a href=\"https:\/\/fa86.noblogs.org\/?p=9289\" class=\"more-link\">Continuer la lecture de <span class=\"screen-reader-text\">Le Monde Libertaire n\u00b0 1710 (du 13 au 20 Juin 2013)<\/span> <span class=\"meta-nav\">&rarr;<\/span><\/a><\/p>\n","protected":false},"author":2691,"featured_media":0,"comment_status":"open","ping_status":"open","sticky":false,"template":"","format":"standard","meta":{"footnotes":""},"categories":[17,4],"tags":[],"class_list":["post-9289","post","type-post","status-publish","format-standard","hentry","category-education-populaire","category-se-trouver"],"_links":{"self":[{"href":"https:\/\/fa86.noblogs.org\/index.php?rest_route=\/wp\/v2\/posts\/9289","targetHints":{"allow":["GET"]}}],"collection":[{"href":"https:\/\/fa86.noblogs.org\/index.php?rest_route=\/wp\/v2\/posts"}],"about":[{"href":"https:\/\/fa86.noblogs.org\/index.php?rest_route=\/wp\/v2\/types\/post"}],"author":[{"embeddable":true,"href":"https:\/\/fa86.noblogs.org\/index.php?rest_route=\/wp\/v2\/users\/2691"}],"replies":[{"embeddable":true,"href":"https:\/\/fa86.noblogs.org\/index.php?rest_route=%2Fwp%2Fv2%2Fcomments&post=9289"}],"version-history":[{"count":1,"href":"https:\/\/fa86.noblogs.org\/index.php?rest_route=\/wp\/v2\/posts\/9289\/revisions"}],"predecessor-version":[{"id":9291,"href":"https:\/\/fa86.noblogs.org\/index.php?rest_route=\/wp\/v2\/posts\/9289\/revisions\/9291"}],"wp:attachment":[{"href":"https:\/\/fa86.noblogs.org\/index.php?rest_route=%2Fwp%2Fv2%2Fmedia&parent=9289"}],"wp:term":[{"taxonomy":"category","embeddable":true,"href":"https:\/\/fa86.noblogs.org\/index.php?rest_route=%2Fwp%2Fv2%2Fcategories&post=9289"},{"taxonomy":"post_tag","embeddable":true,"href":"https:\/\/fa86.noblogs.org\/index.php?rest_route=%2Fwp%2Fv2%2Ftags&post=9289"}],"curies":[{"name":"wp","href":"https:\/\/api.w.org\/{rel}","templated":true}]}}